{"id":114521,"date":"2025-11-23T12:51:15","date_gmt":"2025-11-23T12:51:15","guid":{"rendered":"https:\/\/www.europesays.com\/pl\/114521\/"},"modified":"2025-11-23T12:51:15","modified_gmt":"2025-11-23T12:51:15","slug":"krzan-po-finale-afryka-express-pognala-na-instagram-lidia-kazen-dziekuje","status":"publish","type":"post","link":"https:\/\/www.europesays.com\/pl\/114521\/","title":{"rendered":"Krzan po finale &#8222;Afryka Express&#8221; pogna\u0142a na Instagram. &#8222;Lidia Kazen, dzi\u0119kuj\u0119&#8221;"},"content":{"rendered":"<p class=\"ods-c-paragraph \"><a href=\"https:\/\/plejada.pl\/izabella-krzan\" id=\"2377a9d8-b2a6-4e49-b764-f5e57fbb1ef6\" rel=\"nofollow noopener\" target=\"_blank\">Izabella Krzan<\/a> po latach pracy w TVP znalaz\u0142a nowy medialny dom w TVN-ie. Dzi\u0119ki decyzji Lidii Kazen prezenterka zosta\u0142a m.in. prowadz\u0105c\u0105 now\u0105 edycj\u0119 &#8222;Afryki Express&#8221;, zast\u0119puj\u0105c Dari\u0119 \u0141adoch\u0119. Teraz gdy najnowszy sezon dobieg\u0142 ko\u0144ca, Krzan opublikowa\u0142a d\u0142ugi dzi\u0119kczynny post na Instagramie.<\/p>\n<blockquote class=\"ods-o-quota\">\n<p class=\"ods-o-quota__paragraph\">Cho\u0107 z Afryki wr\u00f3cili\u015bmy pi\u0119\u0107 miesi\u0119cy temu, do dzi\u015b te wspomnienia o\u017cywa\u0142y ka\u017cdej soboty, kiedy na antenie TVN pojawia\u0142y si\u0119 kolejne odcinki &#8222;Afryka Express&#8221;<\/p>\n<\/blockquote>\n<p class=\"ods-c-paragraph \">\u2014 zacz\u0119\u0142a.<\/p>\n<p>Dalszy ci\u0105g artyku\u0142u pod materia\u0142em wideo<\/p>\n<p> Kto wygra\u0142 ostatni\u0105 edycj\u0119 'Afryka Express&#8217;? <\/p>\n<p> Jakie podzi\u0119kowanie zamie\u015bci\u0142a Izabella Krzan na Instagramie? <\/p>\n<p> Kto by\u0142 prowadz\u0105c\u0105 'Afryka Express&#8217; w tym sezonie? <\/p>\n<p> Jakie emocje wyrazi\u0142a Izabella Krzan w swoim po\u015bcie? <\/p>\n<p>  Izabella Krzan o &#8222;Afryce Express&#8221;<\/p>\n<p class=\"ods-c-paragraph \">Krzan napisa\u0142a, \u017ce przepe\u0142nia j\u0105 wdzi\u0119czno\u015b\u0107 za to, \u017ce mia\u0142a okazj\u0119 prowadzi\u0107 nowy dla niej format.<\/p>\n<p class=\"ods-c-paragraph \">&#8222;To by\u0142a najwspanialsza zawodowa przygoda, jak\u0105 do tej pory prze\u017cy\u0142am! Afryka pokaza\u0142a swoje najpi\u0119kniejsze i najtrudniejsze oblicza, czym wszystkich nas w sobie rozkocha\u0142a. To b\u0119dzie miesi\u0105c, do kt\u00f3rego b\u0119d\u0119 wraca\u0107 pami\u0119ci\u0105, a ludzi, z kt\u00f3rymi stworzyli\u015bmy ten sezon, darzy\u0107 wyj\u0105tkowym uczuciem&#8221; \u2014 pisa\u0142a.<\/p>\n<blockquote class=\"ods-o-quota\">\n<p class=\"ods-o-quota__paragraph\">To trudny i anga\u017cuj\u0105cy format, wi\u0119c wyb\u00f3r mnie na prowadz\u0105c\u0105 by\u0142 wa\u017cn\u0105 decyzj\u0105 \u2014 tym bardziej dzi\u0119kuj\u0119 Lidia Kazen za wsparcie i zaufanie. Czuj\u0119, \u017ce to wst\u0119p to kolejnych niesamowitych historii, do kt\u00f3rych wy\u015bcig zaczyna si\u0119 w\u0142a\u015bnie teraz&#8230; Dzi\u0119kuj\u0119!<\/p>\n<\/blockquote>\n<p class=\"ods-c-paragraph \">\u2014 zako\u0144czy\u0142a sw\u00f3j wpis.<\/p>\n<p class=\"ods-c-paragraph \">Post Izabelli Krzan skomentowa\u0142a m.in. <a href=\"https:\/\/plejada.pl\/ewa-gawryluk\" id=\"93e00189-9b66-4415-b225-b8f8a6678dc3\" rel=\"nofollow noopener\" target=\"_blank\">Ewa Gawryluk<\/a>, kt\u00f3ra by\u0142a jedn\u0105 z uczestniczek ostatniej edycji programu. &#8222;Izuniu, to by\u0142a fantastyczna podr\u00f3\u017c z tob\u0105&#8221; \u2014 napisa\u0142a aktorka.<\/p>\n<p><img decoding=\"async\" src=\"https:\/\/www.europesays.com\/pl\/wp-content\/uploads\/2025\/11\/j-Tk9lBaHR0cHM6Ly9vY2RuLmV1L3B1bHNjbXMvTURBXy9iYjU2MDBkNGU0ZjgxYWRhZDY3ZjBlNTczMTA1ZmY3Mi5qcGeRlQLNB.jpeg\" height=\"628\" width=\"940\" alt=\"Izabella Krzan\" loading=\"lazy\" class=\"ods-c-image__img ods-c-image__img--viewport-width\"\/><\/p>\n<p>Izabella KrzanMW Media<\/p>\n<p class=\"ods-c-paragraph \">Dzi\u0119kujemy, \u017ce przeczyta\u0142a\u015b\/e\u015b nasz artyku\u0142 do ko\u0144ca. W serwisie Plejada.pl ka\u017cdego dnia piszemy o najwa\u017cniejszych wydarzeniach show-biznesowych. B\u0105d\u017a na bie\u017c\u0105co! <a rel=\"nofollow noopener\" href=\"https:\/\/profile.google.com\/cp\/Cg0vZy8xMWJ6X19wdHBx\" id=\"0093adf2-06d1-4cd9-a109-c332df9a6f35\" target=\"_blank\">Obserwuj<\/a> Plejad\u0119 w Google. Odwied\u017a nas tak\u017ce na <a rel=\"nofollow noopener\" href=\"https:\/\/www.facebook.com\/plejadapl\" id=\"91594178-be27-4e91-80e7-4bbff06a522f\" target=\"_blank\">Facebooku<\/a>, <a rel=\"nofollow noopener\" href=\"https:\/\/www.instagram.com\/plejadapl\/\" id=\"e02fb8c9-db13-4483-8f82-d90672115593\" target=\"_blank\">Instagramie<\/a>, <a rel=\"nofollow noopener\" href=\"https:\/\/www.youtube.com\/c\/plejada\" id=\"93670a68-a700-417f-9881-c07bf1bf2469\" target=\"_blank\">YouTubie<\/a> oraz <a rel=\"nofollow noopener\" href=\"https:\/\/www.tiktok.com\/@plejada_pl\" id=\"f627612f-afdc-46e8-8a08-c83166401112\" target=\"_blank\">TikToku<\/a>.<\/p>\n<p class=\"ods-c-paragraph \">Chcesz podzieli\u0107 si\u0119 ciekawym newsem lub zaproponowa\u0107 temat? Skontaktuj si\u0119 z nami, pisz\u0105c maila na adres: <a rel=\"nofollow noopener\" href=\"https:\/\/plejada.pl\/newsy\/krzan-po-finale-afryka-express-pognala-na-instagram-lidia-kazen-dziekuje\/mailto:plejada@redakcjaonet.pl\" id=\"edb8062a-a620-4142-a6ee-fe85d35cb50c\" target=\"_blank\">plejada@redakcjaon<\/a><a href=\"https:\/\/et.pl\" id=\"a0ae87e9-edf0-4692-88b0-c3717d2486cd\" rel=\"nofollow noopener\" target=\"_blank\">et.pl<\/a>.<\/p>\n<p><script async src=\"\/\/www.instagram.com\/embed.js\"><\/script><script async src=\"\/\/www.tiktok.com\/embed.js\"><\/script><\/p>\n","protected":false},"excerpt":{"rendered":"Izabella Krzan po latach pracy w TVP znalaz\u0142a nowy medialny dom w TVN-ie. Dzi\u0119ki decyzji Lidii Kazen prezenterka&hellip;\n","protected":false},"author":2,"featured_media":114522,"comment_status":"","ping_status":"","sticky":false,"template":"","format":"standard","meta":{"footnotes":""},"categories":[22],"tags":[3158,122,2797,24936,48,125,46,42,38,40,39,41,1280,123,47,318],"class_list":{"0":"post-114521","1":"post","2":"type-post","3":"status-publish","4":"format-standard","5":"has-post-thumbnail","7":"category-rozrywka","8":"tag-afryka_express","9":"tag-entertainment","10":"tag-izabella_krzan","11":"tag-lidia_kazen","12":"tag-nat_styl","13":"tag-newsy","14":"tag-omp","15":"tag-pl","16":"tag-poland","17":"tag-polish","18":"tag-polska","19":"tag-polski","20":"tag-programy_tv","21":"tag-rozrywka","22":"tag-screening_general","23":"tag-tvn"},"share_on_mastodon":{"url":"https:\/\/pubeurope.com\/@pl\/115599106953503969","error":""},"_links":{"self":[{"href":"https:\/\/www.europesays.com\/pl\/wp-json\/wp\/v2\/posts\/114521","targetHints":{"allow":["GET"]}}],"collection":[{"href":"https:\/\/www.europesays.com\/pl\/wp-json\/wp\/v2\/posts"}],"about":[{"href":"https:\/\/www.europesays.com\/pl\/wp-json\/wp\/v2\/types\/post"}],"author":[{"embeddable":true,"href":"https:\/\/www.europesays.com\/pl\/wp-json\/wp\/v2\/users\/2"}],"replies":[{"embeddable":true,"href":"https:\/\/www.europesays.com\/pl\/wp-json\/wp\/v2\/comments?post=114521"}],"version-history":[{"count":0,"href":"https:\/\/www.europesays.com\/pl\/wp-json\/wp\/v2\/posts\/114521\/revisions"}],"wp:featuredmedia":[{"embeddable":true,"href":"https:\/\/www.europesays.com\/pl\/wp-json\/wp\/v2\/media\/114522"}],"wp:attachment":[{"href":"https:\/\/www.europesays.com\/pl\/wp-json\/wp\/v2\/media?parent=114521"}],"wp:term":[{"taxonomy":"category","embeddable":true,"href":"https:\/\/www.europesays.com\/pl\/wp-json\/wp\/v2\/categories?post=114521"},{"taxonomy":"post_tag","embeddable":true,"href":"https:\/\/www.europesays.com\/pl\/wp-json\/wp\/v2\/tags?post=114521"}],"curies":[{"name":"wp","href":"https:\/\/api.w.org\/{rel}","templated":true}]}}