{"id":114654,"date":"2025-11-23T15:03:07","date_gmt":"2025-11-23T15:03:07","guid":{"rendered":"https:\/\/www.europesays.com\/pl\/114654\/"},"modified":"2025-11-23T15:03:07","modified_gmt":"2025-11-23T15:03:07","slug":"18-letni-kacper-tomasiak-robi-furore-w-lillehammer-ale-to-nie-on-byl-liderem-polakow-przeglad-sportowy-onet","status":"publish","type":"post","link":"https:\/\/www.europesays.com\/pl\/114654\/","title":{"rendered":"18-letni Kacper Tomasiak robi furor\u0119 w Lillehammer! Ale to nie on by\u0142 liderem Polak\u00f3w &#8211; Przegl\u0105d Sportowy Onet"},"content":{"rendered":"<ol>\n<li><a href=\"https:\/\/news.google.com\/rss\/articles\/CBMi7gFBVV95cUxOb3E5aVQtVG5XSnIzVzV5Z0dmLXVadl82V3ZuQ000ZWpQRkJSTDltaHdSTnYtSmpVQ0MxN19rRGhSZF8zMjlNd04yZnN0UXlEZmluZE1oUEVqQ19JbWtBS1I1cXMwSUVuSWQ0MmtDOU13amxSckZKTzNmOU54ZnZlMFFoY2hPZ1c1ZmMweEtwUG9SOTRtbVlORktqd2xZbjNfRV9qSldHSWpXcVJhTi1ZdnlQaDg5anVuU0V2ZHZxeUNkVmRNZk5MenlRdVE3ZUx4d210Q0EzR0lncmlIMGtTUVF6QXQ4UVUwdXQ1bkZR?oc=5\" target=\"_blank\" rel=\"nofollow noopener\">18-letni Kacper Tomasiak robi furor\u0119 w Lillehammer! Ale to nie on by\u0142 liderem Polak\u00f3w<\/a>&nbsp;&nbsp;Przegl\u0105d Sportowy Onet<\/li>\n<li><a href=\"https:\/\/news.google.com\/rss\/articles\/CBMi5wFBVV95cUxPaGc1Z2xseE9OLXJ1RF9aWFl1YWpkNUxXdDRFS0NfQXhlbTEtQTNCaUgzSk9HdnlrYU9jRU5kcUdhUzRoMi1PMFRsUDZmR1ltMUFNa0d5UkNJX0NtQjVGRHlCTE5abXIxQ3hIVVdrUE5EREdZUU5FZGhZOFZBVng4dUJLOWRzOWttdHprbVBFNlZfQnR1T3p5UWxqdnVXc0FJSE5OZWJ1WS02VWRfblVlNjNJUC0zQTlhTXl4dXRDNGN4UDNSVUpKZWZWZlhUWS1zX1cxNHp1RUtWbzY5N185YlJVSzE2d2M?oc=5\" target=\"_blank\" rel=\"nofollow noopener\">P\u015a w skokach &#8211; Lillehammer: kwalifikacje i konkurs indywidualny [RELACJA NA \u017bYWO]<\/a>&nbsp;&nbsp;Przegl\u0105d Sportowy Onet<\/li>\n<li><a href=\"https:\/\/news.google.com\/rss\/articles\/CBMi1AJBVV95cUxOZHRxZWJ5ckVkYmE4QTAyQkpmZGdBa3Q1ckJqcXlqTkJ3Mmk3RmxrMW00VGswVURGU2QyRk0tbmtpb0k4UzBKUm90Q2V0NHNCel84b0xmd2l2NmpIRXl0dDdLdnpYc0tTUEdEQWFHOFk2OFdyNi1RNE1EOWdYMkEyeHF3bHprZHhSXzdEVTA2MGpTX1ZyZFNtcWE2Wm9zOS1qQ1VpNDdpV3NfRDVneEp1eTN0Q3QzbTNWcTd6VHJjc1ppU2JaYl9kcTdaVnc1SVJKcW9NMzgzdDl4WWtxeGwtYmx0VzhhX19abWs5dEZGOF9sWktVS3ViamFhT1docUhtbkdEUDcxM1RFbGwyUGpuTnRlYnoteUNfSmo0b3ZiUjdHVVU2YjNla3B1b3FkQlJscFVOVkFhcjVWMWZsMG9GUDJKWEoya2VLdXM0T3Y2VWVvSlFV?oc=5\" target=\"_blank\" rel=\"nofollow noopener\">Komplet Polak\u00f3w z awansem w kwalifikacjach<\/a>&nbsp;&nbsp;Eurosport Polska<\/li>\n<li><a href=\"https:\/\/news.google.com\/rss\/articles\/CBMivwFBVV95cUxQOTJjTW1aQXczUGZVUTBsbDVuTnhXbDJ0ejd4dWZ6a1Y4ckxaUjNWY2JqVnEwNXdSUWpvbXBCOHhmMmU3d0hZQW5MRmZhM3lnY291UFZoeElSLXhVYlhwSWRWNi12UWIxRDRRaHUtNDBLMU5sZ20wbDl1VUY1bnNFWkZPT2ZlRTctLXlNV0JucjNLSkxwdUtVRGdUX0FCb2dTNk9EQTdLRkwxay0xdVFOYVdkSWxNYk9MOU10ckhudw?oc=5\" target=\"_blank\" rel=\"nofollow noopener\">Polacy daleko od czo\u0142\u00f3wki, ale zrobili swoje. Kamil Stoch da\u0142 nadziej\u0119<\/a>&nbsp;&nbsp;SportoweFakty<\/li>\n<li><a href=\"https:\/\/news.google.com\/rss\/articles\/CBMiXkFVX3lxTE9YSmRaT2NVcF9TWDJNTkZVd3czaUN6ejVTR3dfMVpicGFlS2F0QVBaeUNwN0VvTkxaRVBGMWlHYklQSXYtb2Y2SXQyNUxyVC1fMTBHenhNNkwtbHlnU1E?oc=5\" target=\"_blank\" rel=\"nofollow noopener\">Stoch zn\u00f3w najlepszym z Polak\u00f3w w kwalifikacjach w Lillehammer [ZAPIS RELACJI]<\/a>&nbsp;&nbsp;Sport.pl<\/li>\n<\/ol>\n","protected":false},"excerpt":{"rendered":"18-letni Kacper Tomasiak robi furor\u0119 w Lillehammer! Ale to nie on by\u0142 liderem Polak\u00f3w&nbsp;&nbsp;Przegl\u0105d Sportowy Onet P\u015a w&hellip;\n","protected":false},"author":2,"featured_media":114655,"comment_status":"","ping_status":"","sticky":false,"template":"","format":"standard","meta":{"footnotes":""},"categories":[24],"tags":[67,42,38,40,39,41,136,128,24525,47,1874,127,135,126],"class_list":{"0":"post-114654","1":"post","2":"type-post","3":"status-publish","4":"format-standard","5":"has-post-thumbnail","7":"category-sport","8":"tag-intextvideo_splayer","9":"tag-pl","10":"tag-poland","11":"tag-polish","12":"tag-polska","13":"tag-polski","14":"tag-ps_detal_new","15":"tag-psv2","16":"tag-puchar_swiata_w_lillehammer","17":"tag-screening_general","18":"tag-skoki_narciarskie","19":"tag-sport","20":"tag-sport_sport","21":"tag-sports"},"share_on_mastodon":{"url":"https:\/\/pubeurope.com\/@pl\/115599625590291802","error":""},"_links":{"self":[{"href":"https:\/\/www.europesays.com\/pl\/wp-json\/wp\/v2\/posts\/114654","targetHints":{"allow":["GET"]}}],"collection":[{"href":"https:\/\/www.europesays.com\/pl\/wp-json\/wp\/v2\/posts"}],"about":[{"href":"https:\/\/www.europesays.com\/pl\/wp-json\/wp\/v2\/types\/post"}],"author":[{"embeddable":true,"href":"https:\/\/www.europesays.com\/pl\/wp-json\/wp\/v2\/users\/2"}],"replies":[{"embeddable":true,"href":"https:\/\/www.europesays.com\/pl\/wp-json\/wp\/v2\/comments?post=114654"}],"version-history":[{"count":0,"href":"https:\/\/www.europesays.com\/pl\/wp-json\/wp\/v2\/posts\/114654\/revisions"}],"wp:featuredmedia":[{"embeddable":true,"href":"https:\/\/www.europesays.com\/pl\/wp-json\/wp\/v2\/media\/114655"}],"wp:attachment":[{"href":"https:\/\/www.europesays.com\/pl\/wp-json\/wp\/v2\/media?parent=114654"}],"wp:term":[{"taxonomy":"category","embeddable":true,"href":"https:\/\/www.europesays.com\/pl\/wp-json\/wp\/v2\/categories?post=114654"},{"taxonomy":"post_tag","embeddable":true,"href":"https:\/\/www.europesays.com\/pl\/wp-json\/wp\/v2\/tags?post=114654"}],"curies":[{"name":"wp","href":"https:\/\/api.w.org\/{rel}","templated":true}]}}