{"id":114710,"date":"2025-11-23T16:05:11","date_gmt":"2025-11-23T16:05:11","guid":{"rendered":"https:\/\/www.europesays.com\/pl\/114710\/"},"modified":"2025-11-23T16:05:11","modified_gmt":"2025-11-23T16:05:11","slug":"atak-zimy-na-podkarpaciu-pradu-nie-mialo-ponad-1347-tys-odbiorcow","status":"publish","type":"post","link":"https:\/\/www.europesays.com\/pl\/114710\/","title":{"rendered":"Atak zimy na Podkarpaciu. Pr\u0105du nie mia\u0142o ponad 134,7 tys. odbiorc\u00f3w"},"content":{"rendered":"<ul class=\"UnorderedList_container__nmfSl\">\n<li class=\"UnorderedList_listElement__Py7xi\" data-id=\"ai-summary-link\">Du\u017co czytania, a ma\u0142o czasu? Sprawd\u017a\u00a0skr\u00f3t\u00a0artyku\u0142u<\/li>\n<\/ul>\n<p class=\"Paragraph_desktopParagraph__U31Gm\">Dy\u017curna Wojew\u00f3dzkiego Centrum Zarz\u0105dzania Kryzysowego w Rzeszowie Anna Olko-Wilk poinformowa\u0142a PAP, \u017ce ponad 134,7 tys. odbiorc\u00f3w na Podkarpaciu nie ma pr\u0105du.<\/p>\n<p>Podkarpacie. 134,7 tys. odbiorc\u00f3w bez pr\u0105du <\/p>\n<p class=\"Paragraph_desktopParagraph__U31Gm\">\u2014 Ponad 110 tys. s\u0105 to odbiorcy, kt\u00f3rym pr\u0105d dostarcza PGE Oddzia\u0142 Rzesz\u00f3w, 11 tys. s\u0105 to odbiorcy PGE Oddzia\u0142 Zamo\u015b\u0107. Z kolei 13 tys. odbiorc\u00f3w, g\u0142\u00f3wnie w okolicach D\u0119bicy, to klienci Taurona \u2014 poda\u0142a.<\/p>\n<p class=\"Paragraph_desktopParagraph__U31Gm\">G\u0142\u00f3wn\u0105 przyczyn\u0105 wy\u0142\u0105cze\u0144 pr\u0105du s\u0105 zerwane linie przez ga\u0142\u0119zie, kt\u00f3re spadaj\u0105 na nie pod naporem \u015bniegu. Od p\u00f3\u0142nocy stra\u017cacy w regionie wielokrotnie interweniowali.<\/p>\n<ul class=\"OchatFollowUps_wrapper__1ry7X\">\n<li class=\"OchatFollowUps_item__Dhyly OchatFollowUps_itemDesktop__R6aBv\">Ile os\u00f3b na Podkarpaciu nie mia\u0142o pr\u0105du?<\/li>\n<li class=\"OchatFollowUps_item__Dhyly OchatFollowUps_itemDesktop__R6aBv\">Jakie s\u0105 przyczyny braku pr\u0105du w regionie?<\/li>\n<li class=\"OchatFollowUps_item__Dhyly OchatFollowUps_itemDesktop__R6aBv\">Ile interwencji stra\u017cacy mieli w wojew\u00f3dztwie podkarpackim?<\/li>\n<li class=\"OchatFollowUps_item__Dhyly OchatFollowUps_itemDesktop__R6aBv\">Czy wszystkie trasy w regionie s\u0105 przejezdne?<\/li>\n<\/ul>\n<p class=\"Paragraph_desktopParagraph__U31Gm\">\u2014 Ich praca g\u0142\u00f3wnie polega\u0142a na usuwaniu po\u0142amanych ga\u0142\u0119zi z chodnik\u00f3w, dr\u00f3g i linii wysokiego napi\u0119cia \u2014 zaznaczy\u0142a Olko-Wilk.<\/p>\n<p class=\"Paragraph_desktopParagraph__U31Gm\">W regionie, jak zapewniaj\u0105 s\u0142u\u017cby, wszystkie najwa\u017cniejsze trasy s\u0105 przejezdne. Na wi\u0119kszo\u015bci zalega jednak b\u0142oto po\u015bniegowe.<\/p>\n<p>Intensywne opady \u015bniegu. Stra\u017cacy interweniowali blisko 3 tys. razy <\/p>\n<p class=\"Paragraph_desktopParagraph__U31Gm\">Rzecznik prasowy Pa\u0144stwowej Stra\u017cy Po\u017carnej st. bryg. Karol Kierzkowski przekaza\u0142 w niedziel\u0119 rano, \u017ce od p\u00f3\u0142nocy do godz. 9.00 stra\u017cacy otrzymali 1231 zg\u0142osze\u0144.<\/p>\n<p class=\"Paragraph_desktopParagraph__U31Gm\">Najwi\u0119cej interwencji stra\u017cak\u00f3w by\u0142o w wojew\u00f3dztwach: podkarpackim (728 zdarze\u0144), ma\u0142opolskim (423) i lubelskim (69).<\/p>\n<p class=\"Paragraph_desktopParagraph__U31Gm\">W tych samych wojew\u00f3dztwach stra\u017cacy musieli podejmowa\u0107 dzia\u0142ania tak\u017ce w sobot\u0119. Najwi\u0119cej w woj. podkarpackim \u2013 tam by\u0142o ich 1261. W woj. ma\u0142opolskim zanotowano 297 zdarze\u0144 wymagaj\u0105cych wsparcia stra\u017cy, a w woj. lubelskim \u2013 43<\/p>\n<p class=\"Paragraph_desktopParagraph__U31Gm\">W niedziel\u0119 na Podkarpaciu, g\u0142\u00f3wnie w p\u00f3\u0142nocnych powiatach regionu, obowi\u0105zuje ostrze\u017cenie I stopnia wydane przez IMGW przed intensywnymi opadami \u015bniegu.<\/p>\n","protected":false},"excerpt":{"rendered":"Du\u017co czytania, a ma\u0142o czasu? Sprawd\u017a\u00a0skr\u00f3t\u00a0artyku\u0142u Dy\u017curna Wojew\u00f3dzkiego Centrum Zarz\u0105dzania Kryzysowego w Rzeszowie Anna Olko-Wilk poinformowa\u0142a PAP, \u017ce&hellip;\n","protected":false},"author":2,"featured_media":114711,"comment_status":"","ping_status":"","sticky":false,"template":"","format":"standard","meta":{"footnotes":""},"categories":[5],"tags":[32,33,36,37,27,34,35,28,31,53,25,52,68,51,55,42,38,40,39,41,2626,47,5425,29,30,65,50,26,8249],"class_list":{"0":"post-114710","1":"post","2":"type-post","3":"status-publish","4":"format-standard","5":"has-post-thumbnail","7":"category-naglowki","8":"tag-breaking-news","9":"tag-breakingnews","10":"tag-featured-news","11":"tag-featurednews","12":"tag-headlines","13":"tag-latest-news","14":"tag-latestnews","15":"tag-naglowki","16":"tag-najwazniejsze-artykuly","17":"tag-new_header","18":"tag-news","19":"tag-onet3","20":"tag-onet3d","21":"tag-onet3d_2i","22":"tag-phx","23":"tag-pl","24":"tag-poland","25":"tag-polish","26":"tag-polska","27":"tag-polski","28":"tag-prad","29":"tag-screening_general","30":"tag-straz_pozarna_strazak_strazacy_osp_psp","31":"tag-top-stories","32":"tag-topstories","33":"tag-update_me","34":"tag-v2021","35":"tag-wiadomosci","36":"tag-wojewodztwo_podkarpackie"},"share_on_mastodon":{"url":"https:\/\/pubeurope.com\/@pl\/115599869546069584","error":""},"_links":{"self":[{"href":"https:\/\/www.europesays.com\/pl\/wp-json\/wp\/v2\/posts\/114710","targetHints":{"allow":["GET"]}}],"collection":[{"href":"https:\/\/www.europesays.com\/pl\/wp-json\/wp\/v2\/posts"}],"about":[{"href":"https:\/\/www.europesays.com\/pl\/wp-json\/wp\/v2\/types\/post"}],"author":[{"embeddable":true,"href":"https:\/\/www.europesays.com\/pl\/wp-json\/wp\/v2\/users\/2"}],"replies":[{"embeddable":true,"href":"https:\/\/www.europesays.com\/pl\/wp-json\/wp\/v2\/comments?post=114710"}],"version-history":[{"count":0,"href":"https:\/\/www.europesays.com\/pl\/wp-json\/wp\/v2\/posts\/114710\/revisions"}],"wp:featuredmedia":[{"embeddable":true,"href":"https:\/\/www.europesays.com\/pl\/wp-json\/wp\/v2\/media\/114711"}],"wp:attachment":[{"href":"https:\/\/www.europesays.com\/pl\/wp-json\/wp\/v2\/media?parent=114710"}],"wp:term":[{"taxonomy":"category","embeddable":true,"href":"https:\/\/www.europesays.com\/pl\/wp-json\/wp\/v2\/categories?post=114710"},{"taxonomy":"post_tag","embeddable":true,"href":"https:\/\/www.europesays.com\/pl\/wp-json\/wp\/v2\/tags?post=114710"}],"curies":[{"name":"wp","href":"https:\/\/api.w.org\/{rel}","templated":true}]}}