{"id":114806,"date":"2025-11-23T17:30:09","date_gmt":"2025-11-23T17:30:09","guid":{"rendered":"https:\/\/www.europesays.com\/pl\/114806\/"},"modified":"2025-11-23T17:30:09","modified_gmt":"2025-11-23T17:30:09","slug":"wolodymyr-zelenski-odpowiada-na-slowa-donalda-trumpa-jestesmy-wdzieczni","status":"publish","type":"post","link":"https:\/\/www.europesays.com\/pl\/114806\/","title":{"rendered":"Wo\u0142odymyr Ze\u0142enski odpowiada na s\u0142owa Donalda Trumpa. &#8222;Jeste\u015bmy wdzi\u0119czni&#8221;"},"content":{"rendered":"<p class=\"ods-c-paragraph \">&#8222;Rozmawia\u0142em z prezydentem Francji Emmanuelem Macronem. Nasze zespo\u0142y w Genewie wsp\u00f3\u0142pracuj\u0105 z partnerami \u2014 bardzo wa\u017cne jest, aby osi\u0105gn\u0105\u0107 konkretny rezultat, kt\u00f3ry przybli\u017cy Ukrain\u0119 i ca\u0142\u0105 Europ\u0119 do trwa\u0142ego pokoju i bezpiecze\u0144stwa. Koordynujemy nasze stanowiska \u2014 wa\u017cne jest, aby prowadzony by\u0142 dialog, aby dyplomacja zosta\u0142a wzmocniona. Liczymy na to, \u017ce nasi partnerzy wys\u0142uchaj\u0105 naszych argument\u00f3w. Przyw\u00f3dztwo Stan\u00f3w Zjednoczonych jest wa\u017cne, jeste\u015bmy wdzi\u0119czni za wszystko, co Ameryka i prezydent Trump robi\u0105 dla bezpiecze\u0144stwa, kontynuujemy jak najbardziej konstruktywn\u0105 prac\u0119. Oczekujemy nowych raport\u00f3w od naszych zespo\u0142\u00f3w w Szwajcarii. Dzi\u0119kuj\u0119, Emmanuel!&#8221; \u2014 napisa\u0142 w niedziel\u0119 wieczorem w mediach spo\u0142eczno\u015bciowych Wo\u0142odymyr Ze\u0142enski.<\/p>\n<p>    Trump zaatakowa\u0142 ukrai\u0144skie w\u0142adze. &#8222;Nie wyrazili wdzi\u0119czno\u015bci&#8221;<\/p>\n<p class=\"ods-c-paragraph \">Wpisem tym Ze\u0142enski odpowiedzia\u0142 na s\u0142owa <a href=\"https:\/\/wiadomosci.onet.pl\/swiat\/donald-trump-uderza-w-ukraine-nie-wyrazili-wdziecznosci\/y4rgtxb\" id=\"55981076-c5b2-4d16-ae52-ab0d3988301b\" rel=\"nofollow noopener\" target=\"_blank\">Donalda Trumpa, kt\u00f3ry po po\u0142udniu w mediach spo\u0142eczno\u015bciowych o\u015bwiadczy\u0142, \u017ce ukrai\u0144skie w\u0142adze &#8222;nie wyrazi\u0142y \u017cadnej wdzi\u0119czno\u015bci&#8221; za pomoc USA<\/a> i pr\u00f3by zako\u0144czenia wojny. &#8222;USA sprzedaj\u0105 ogromne ilo\u015bci broni do NATO, aby przekazywano j\u0105 do Ukrainy (Joe da\u0142 wszystko za darmo, za darmo, za darmo, w tym du\u017ce pieni\u0105dze&#8221; \u2014 o\u015bwiadczy\u0142 Trump. <\/p>\n<p>Dalszy ci\u0105g artyku\u0142u pod materia\u0142em wideo<\/p>\n<p> Jak Wo\u0142odymyr Ze\u0142enski odpowiedzia\u0142 Trumpowi? <\/p>\n<p> Co m\u00f3wi\u0142 Trump o Ukrainie? <\/p>\n<p> Jakie rozmowy trwaj\u0105 w Genewie? <\/p>\n<p> Kto uczestniczy w rozmowach dotycz\u0105cych planu pokojowego? <\/p>\n<p class=\"ods-c-paragraph \">W d\u0142ugim wpisie powiela\u0142 powtarzane przez siebie wielokrotnie tezy, \u017ce do wojny w Ukrainie by nie dosz\u0142o, gdyby to on by\u0142 prezydentem, oskar\u017cy\u0142 te\u017c Europ\u0119, \u017ce dalej kupuje rop\u0119 od Rosji.<\/p>\n<p class=\"ods-c-paragraph \">W niedziel\u0119 <a href=\"https:\/\/wiadomosci.onet.pl\/swiat\/rozmowy-o-planie-dla-ukrainy-w-genewie-nowe-informacje\/f2kxvrm\" id=\"c962a928-13d6-4b54-8779-da2db5dfa1b5\" rel=\"nofollow noopener\" target=\"_blank\">w Genewie trwaj\u0105 rozmowy dotycz\u0105ce planu pokojowego dla Ukrainy<\/a>, przygotowanego przez USA. Uczestnicz\u0105 w nich przedstawiciele nieformalnej grupy E3: Wielkiej Brytanii, Francji i Niemiec, Ukrainy, Unii Europejskiej i Stan\u00f3w Zjednoczonych.<\/p>\n","protected":false},"excerpt":{"rendered":"&#8222;Rozmawia\u0142em z prezydentem Francji Emmanuelem Macronem. Nasze zespo\u0142y w Genewie wsp\u00f3\u0142pracuj\u0105 z partnerami \u2014 bardzo wa\u017cne jest, aby&hellip;\n","protected":false},"author":2,"featured_media":23878,"comment_status":"","ping_status":"","sticky":false,"template":"","format":"standard","meta":{"footnotes":""},"categories":[14],"tags":[32,33,44,27,76,34,35,28,31,48,25,46,40,41,47,80,29,30,415,71,26,309,82,83,84],"class_list":{"0":"post-114806","1":"post","2":"type-post","3":"status-publish","4":"format-standard","5":"has-post-thumbnail","7":"category-swiat","8":"tag-breaking-news","9":"tag-breakingnews","10":"tag-donald_trump","11":"tag-headlines","12":"tag-inwazja_rosji_na_ukraine","13":"tag-latest-news","14":"tag-latestnews","15":"tag-naglowki","16":"tag-najwazniejsze-artykuly","17":"tag-nat_styl","18":"tag-news","19":"tag-omp","20":"tag-polish","21":"tag-polski","22":"tag-screening_general","23":"tag-swiat","24":"tag-top-stories","25":"tag-topstories","26":"tag-ukraina","27":"tag-usa","28":"tag-wiadomosci","29":"tag-wolodymyr_zelenski","30":"tag-world","31":"tag-world-news","32":"tag-worldnews"},"share_on_mastodon":{"url":"https:\/\/pubeurope.com\/@pl\/115600203655233903","error":""},"_links":{"self":[{"href":"https:\/\/www.europesays.com\/pl\/wp-json\/wp\/v2\/posts\/114806","targetHints":{"allow":["GET"]}}],"collection":[{"href":"https:\/\/www.europesays.com\/pl\/wp-json\/wp\/v2\/posts"}],"about":[{"href":"https:\/\/www.europesays.com\/pl\/wp-json\/wp\/v2\/types\/post"}],"author":[{"embeddable":true,"href":"https:\/\/www.europesays.com\/pl\/wp-json\/wp\/v2\/users\/2"}],"replies":[{"embeddable":true,"href":"https:\/\/www.europesays.com\/pl\/wp-json\/wp\/v2\/comments?post=114806"}],"version-history":[{"count":0,"href":"https:\/\/www.europesays.com\/pl\/wp-json\/wp\/v2\/posts\/114806\/revisions"}],"wp:featuredmedia":[{"embeddable":true,"href":"https:\/\/www.europesays.com\/pl\/wp-json\/wp\/v2\/media\/23878"}],"wp:attachment":[{"href":"https:\/\/www.europesays.com\/pl\/wp-json\/wp\/v2\/media?parent=114806"}],"wp:term":[{"taxonomy":"category","embeddable":true,"href":"https:\/\/www.europesays.com\/pl\/wp-json\/wp\/v2\/categories?post=114806"},{"taxonomy":"post_tag","embeddable":true,"href":"https:\/\/www.europesays.com\/pl\/wp-json\/wp\/v2\/tags?post=114806"}],"curies":[{"name":"wp","href":"https:\/\/api.w.org\/{rel}","templated":true}]}}