{"id":114816,"date":"2025-11-23T17:41:10","date_gmt":"2025-11-23T17:41:10","guid":{"rendered":"https:\/\/www.europesays.com\/pl\/114816\/"},"modified":"2025-11-23T17:41:10","modified_gmt":"2025-11-23T17:41:10","slug":"burza-w-sieci-po-polfinale-the-voice-of-poland-jedno-wielkie-nieporozumienie-onet","status":"publish","type":"post","link":"https:\/\/www.europesays.com\/pl\/114816\/","title":{"rendered":"Burza w sieci po p\u00f3\u0142finale &quot;The Voice of Poland&quot;. &quot;Jedno wielkie nieporozumienie&quot; &#8211; Onet"},"content":{"rendered":"<ol>\n<li><a href=\"https:\/\/news.google.com\/rss\/articles\/CBMizAFBVV95cUxQTHFQSXV3SU85M1Rubjg2WnBmNVRhQkJPTFVBZnMtdlFLRG9iVU1LU0pZVW5wZ3dLXzhqR1laZ1d1NzFYTTJ4R3ItalMtOWJPcjd2ODIzQjlpaElaUkRZYWtkWkhESlNjZV9yQ1hub0VaVk0zZXB5VWVDTHEzbllhbjYwRngtbE1hdHpJQUNqMWZSZm05RV81LTAtbTJkTlU1cWFzX1A4aUFxN1I1b2JBQXlhbFhYSWpVVU5aVHBrY1RrUEhGNHpocmR2WVU?oc=5\" target=\"_blank\" rel=\"nofollow noopener\">Burza w sieci po p\u00f3\u0142finale &#8222;The Voice of Poland&#8221;. &#8222;Jedno wielkie nieporozumienie&#8221;<\/a>&nbsp;&nbsp;Onet<\/li>\n<li><a href=\"https:\/\/news.google.com\/rss\/articles\/CBMiswFBVV95cUxQaVRvV2VhenFyX0pXZjFNN2ZVcld4ODNwTExNT04tcHZ2WFdBYnhLSXBXNGxDWllvNWZGUlllNTlTczNPNmpRcjhwUFlnUzZhX1lxMGFvZE00emo3RW5XMFZyMHhrYjF2ZFJ5V2x4NDBHOFBZNGplZHZBN0hzTTYzMHZkbFBQalY3RHBNQ3VxTkkySGhqVXBLS1FzYmtvamNEWFRKS0lzQWkwb2x5V1BvazZ0cw?oc=5\" target=\"_blank\" rel=\"nofollow noopener\">To oni b\u0119d\u0105 w finale \u201eThe Voice of Poland 16\u201d. Zaskakuj\u0105ce decyzje jury!<\/a>&nbsp;&nbsp;Telemagazyn<\/li>\n<li><a href=\"https:\/\/news.google.com\/rss\/articles\/CBMingFBVV95cUxPSGptR2pJNE5VcjlTUlkzYzhkY0dXZXFOYkhLR19TV3FHeFVCb3A3YUtDQmxYUTFUeHZDM1plOUNHZjUzNExPbTl5akE3M2k2VmItQURhc00wX2NNZXA3ajNaMlBSbS0zVVpJWFJvbXFyTFQxVlk3cmgzVEswT1owSmZldHR2ZEUwMl9mNFFGU0ZFY3J5TjQtcWdQcGNDUQ?oc=5\" target=\"_blank\" rel=\"nofollow noopener\">Oto finali\u015bci &#8222;The Voice of Poland&#8221;. W\u015br\u00f3d nich faworyt bukmacher\u00f3w<\/a>&nbsp;&nbsp;Plejada<\/li>\n<li><a href=\"https:\/\/news.google.com\/rss\/articles\/CBMizAFBVV95cUxOXy1uR1JqQllEWmx5elk0TkswZU5nc29ZNUg5YkotZF8wMW1HNmZ0LVViLUt6OHYzVnBlN3lJY1Y2dXJjWUZfdmUwTl9aTEJkQjNZakE5YktmdmlTbXZ6empQZ1ZyOVdXVHZIVDdGQmFOQ1B3Y0RQdnloeTFQUUMtUWRhTmUzeUVxVXA1UkRUbFlKczZMYTJnMlhXbjQtemlJRTZXcG9ONEU2aG9PbjNXRUdmbVhJNHJ1Z1Q3UEM0eUQ2S21DdWo4Nmx1UjY?oc=5\" target=\"_blank\" rel=\"nofollow noopener\">Takiego odcinka \u201eThe Voice of Poland\u201d jeszcze nie by\u0142o! Dawid Kwiatkowski przejmuje scen\u0119<\/a>&nbsp;&nbsp;TVP<\/li>\n<li><a href=\"https:\/\/news.google.com\/rss\/articles\/CBMihAFBVV95cUxONWFmdmZtY0pNeU5jSy1kQ296dFUweTluZTRjR1Jtam14RHhQcFlCeTNqazFHYzJTRm1KRGxlZ2MtTGwwdEJNUXI2cFVNcGRMTHZBMTd0bW1SVTBDWldfZTlaaTBpTEhDZmFGamdfWkc3anJmdGdKMFhsMlpLbTAwMVRDVmk?oc=5\" target=\"_blank\" rel=\"nofollow noopener\">\u0141ukasz Reks w finale &#8222;The Voice&#8221;<\/a>&nbsp;&nbsp;Trojmiasto.pl<\/li>\n<\/ol>\n","protected":false},"excerpt":{"rendered":"Burza w sieci po p\u00f3\u0142finale &#8222;The Voice of Poland&#8221;. &#8222;Jedno wielkie nieporozumienie&#8221;&nbsp;&nbsp;Onet To oni b\u0119d\u0105 w finale \u201eThe&hellip;\n","protected":false},"author":2,"featured_media":114817,"comment_status":"","ping_status":"","sticky":false,"template":"","format":"standard","meta":{"footnotes":""},"categories":[22],"tags":[122,67,261,53,52,68,51,55,42,38,40,39,41,123,47,3090,9792,3567,65,50],"class_list":{"0":"post-114816","1":"post","2":"type-post","3":"status-publish","4":"format-standard","5":"has-post-thumbnail","7":"category-rozrywka","8":"tag-entertainment","9":"tag-intextvideo_splayer","10":"tag-kultura","11":"tag-new_header","12":"tag-onet3","13":"tag-onet3d","14":"tag-onet3d_2i","15":"tag-phx","16":"tag-pl","17":"tag-poland","18":"tag-polish","19":"tag-polska","20":"tag-polski","21":"tag-rozrywka","22":"tag-screening_general","23":"tag-the_voice_of_poland","24":"tag-the_voice_of_poland_program","25":"tag-tvp_telewizja_polska","26":"tag-update_me","27":"tag-v2021"},"share_on_mastodon":{"url":"https:\/\/pubeurope.com\/@pl\/115600246908544657","error":""},"_links":{"self":[{"href":"https:\/\/www.europesays.com\/pl\/wp-json\/wp\/v2\/posts\/114816","targetHints":{"allow":["GET"]}}],"collection":[{"href":"https:\/\/www.europesays.com\/pl\/wp-json\/wp\/v2\/posts"}],"about":[{"href":"https:\/\/www.europesays.com\/pl\/wp-json\/wp\/v2\/types\/post"}],"author":[{"embeddable":true,"href":"https:\/\/www.europesays.com\/pl\/wp-json\/wp\/v2\/users\/2"}],"replies":[{"embeddable":true,"href":"https:\/\/www.europesays.com\/pl\/wp-json\/wp\/v2\/comments?post=114816"}],"version-history":[{"count":0,"href":"https:\/\/www.europesays.com\/pl\/wp-json\/wp\/v2\/posts\/114816\/revisions"}],"wp:featuredmedia":[{"embeddable":true,"href":"https:\/\/www.europesays.com\/pl\/wp-json\/wp\/v2\/media\/114817"}],"wp:attachment":[{"href":"https:\/\/www.europesays.com\/pl\/wp-json\/wp\/v2\/media?parent=114816"}],"wp:term":[{"taxonomy":"category","embeddable":true,"href":"https:\/\/www.europesays.com\/pl\/wp-json\/wp\/v2\/categories?post=114816"},{"taxonomy":"post_tag","embeddable":true,"href":"https:\/\/www.europesays.com\/pl\/wp-json\/wp\/v2\/tags?post=114816"}],"curies":[{"name":"wp","href":"https:\/\/api.w.org\/{rel}","templated":true}]}}