{"id":114851,"date":"2025-11-23T18:10:11","date_gmt":"2025-11-23T18:10:11","guid":{"rendered":"https:\/\/www.europesays.com\/pl\/114851\/"},"modified":"2025-11-23T18:10:11","modified_gmt":"2025-11-23T18:10:11","slug":"oto-zwyciezca-programu-szansa-na-sukces-opole-2026-zapadl-werdykt","status":"publish","type":"post","link":"https:\/\/www.europesays.com\/pl\/114851\/","title":{"rendered":"Oto zwyci\u0119zca programu &#8222;Szansa na sukces. Opole 2026&#8221;. Zapad\u0142 werdykt"},"content":{"rendered":"<p class=\"Paragraph_desktopParagraph__U31Gm\">&#8222;Szansa na sukces&#8221; to jedyny polski talent show, kt\u00f3ry cieszy si\u0119 ogromn\u0105 popularno\u015bci\u0105 i ogl\u0105dalno\u015bci\u0105 nieprzerwanie od ponad 30 lat. Pierwszy odcinek zosta\u0142 wyemitowany w listopadzie 1993 r., a formaty niemal\u017ce od razu zdoby\u0142 du\u017c\u0105 sympati\u0119 widz\u00f3w. 23 listopada 2025 r. odby\u0142 si\u0119 kolejny fina\u0142 programu, a w nim wy\u0142oniono artyst\u0119, kt\u00f3ry b\u0119dzie mia\u0142 szans\u0119 na pokazanie swoich umiej\u0119tno\u015bci podczas legendarnego festiwalu w Opolu w nast\u0119pnym roku. <a href=\"https:\/\/plejada.pl\/krajowy-festiwal-piosenki-polskiej-w-opolu-kfpp\" id=\"194fd4f5-8f63-4885-ad88-3e9dd5e282cd\" rel=\"nofollow noopener\" target=\"_blank\">Krajowy Festiwal Polskiej Piosenki<\/a> to jedno z najbardziej presti\u017cowych wydarze\u0144 na polskiej scenie muzycznej, a wyst\u0119p na opolskiej scenie otworzy\u0142 drog\u0119 do kariery niejednemu arty\u015bcie.<\/p>\n<p class=\"Paragraph_desktopParagraph__U31Gm\">Tej jesieni w finale &#8222;<a href=\"https:\/\/plejada.pl\/szansa-na-sukces\" id=\"5199477a-deb0-44fe-8fe7-8a249c08d2bd\" rel=\"nofollow noopener\" target=\"_blank\">Szansy na sukces<\/a>&#8221; o wyst\u0119p na &#8222;Debiutach&#8221; w Opolu walczy\u0142o 11 uczestnik\u00f3w: Karolina Nieckarz, Natalia Sma\u015b, Daria Salamon, Klaudia Warda, Mateusz Nasiadka, Aleksandra Lamparska, Ma\u0142gorzata Bo\u0107, Anna Pawliczek, Wiktoria Rybicka, Paulina Titkin oraz Eliza Xerxa.<\/p>\n<ul class=\"OchatFollowUps_wrapper__1ry7X\">\n<li class=\"OchatFollowUps_item__Dhyly OchatFollowUps_itemDesktop__R6aBv\">Kto wygra\u0142 program 'Szansa na sukces. Opole 2026&#8242;?<\/li>\n<li class=\"OchatFollowUps_item__Dhyly OchatFollowUps_itemDesktop__R6aBv\">Ilu uczestnik\u00f3w bra\u0142o udzia\u0142 w finale 'Szansy na sukces&#8217;?<\/li>\n<li class=\"OchatFollowUps_item__Dhyly OchatFollowUps_itemDesktop__R6aBv\">Jak mo\u017cna by\u0142o g\u0142osowa\u0107 na zwyci\u0119zc\u0119 programu?<\/li>\n<li class=\"OchatFollowUps_item__Dhyly OchatFollowUps_itemDesktop__R6aBv\">Jaka jest historia programu 'Szansa na sukces&#8217;?<\/li>\n<\/ul>\n<p>Oto zwyci\u0119zca programu &#8222;Szansa na sukces. Opole 2026&#8221; <\/p>\n<p class=\"Paragraph_desktopParagraph__U31Gm\">W pierwszym etapie fina\u0142owego odcinka &#8222;Szansy na sukces&#8221; uczestnicy wyst\u0105pili u boku gwiazd, znanych z odcink\u00f3w rejsowych, m.in. Ralpha Kaminskiego, Grzegorza Hy\u017cego, Anny Wyszkoni, Natalii Kukulskiej i zespo\u0142u Ich Troje. Z kolei w drugiej cz\u0119\u015bci fina\u0142u rywalizuj\u0105cy o wygran\u0105 wyst\u0105pili indywidualnie \u2014 w tym przypadku to prowadz\u0105cy losowa\u0142 numerek z piosenk\u0105.<\/p>\n<p class=\"Paragraph_desktopParagraph__U31Gm\">O tym, kto wyst\u0105pi na koncercie &#8222;Debiuty&#8221; w Opolu w 2026 r. zadecydowa\u0142y SMS-y wysy\u0142ane przez widz\u00f3w \u2014 to w\u0142a\u015bnie ich g\u0142osami, zwyci\u0119zc\u0105 &#8222;Szansy na Sukces&#8221; Opole 2026&#8243; zosta\u0142a Ma\u0142gorzata Bo\u0107.<\/p>\n<p><img decoding=\"async\" class=\"Image_image__0tuHp Image_autoHeight__f2n87 \" height=\"587\" width=\"881\" src=\"https:\/\/www.europesays.com\/pl\/wp-content\/uploads\/2025\/11\/-XHk9kpTURBXy9hMWJjMzdlMmMzYWJlMDFjZTkwYmQxN2RhMGUzMDg4MS5qcGeSlQLNA6wAwsOVAgDNAkvCw94AA6EwAaExAaEzw.jpeg\" alt=\"Ma\u0142gorzata Bo\u0107\" loading=\"lazy\" \/>TVP<\/p>\n<p>Ma\u0142gorzata Bo\u0107<\/p>\n<p class=\"Paragraph_desktopParagraph__U31Gm\">Dzi\u0119kujemy, \u017ce przeczyta\u0142a\u015b\/e\u015b nasz artyku\u0142 do ko\u0144ca. W serwisie Plejada.pl ka\u017cdego dnia piszemy o najwa\u017cniejszych wydarzeniach show-biznesowych. B\u0105d\u017a na bie\u017c\u0105co! <a rel=\"nofollow noopener\" href=\"https:\/\/profile.google.com\/cp\/Cg0vZy8xMWJ6X19wdHBx\" id=\"3ba50155-19a6-451e-94cc-61e30e081ad4\" target=\"_blank\">Obserwuj<\/a> Plejad\u0119 w Google. Odwied\u017a nas tak\u017ce na <a rel=\"nofollow noopener\" href=\"https:\/\/www.facebook.com\/plejadapl\" id=\"9618eb28-01c9-4644-9d94-2a434e8bc495\" target=\"_blank\">Facebooku<\/a>, <a rel=\"nofollow noopener\" href=\"https:\/\/www.instagram.com\/plejadapl\/\" id=\"aafbaab5-0495-4ad6-a1dd-e2b96894e497\" target=\"_blank\">Instagramie<\/a>, <a rel=\"nofollow noopener\" href=\"https:\/\/www.youtube.com\/c\/plejada\" id=\"3958fbb2-c0c1-4c01-a810-32c497e7dac3\" target=\"_blank\">YouTubie<\/a> oraz <a rel=\"nofollow noopener\" href=\"https:\/\/www.tiktok.com\/@plejada_pl\" id=\"1c353a58-8c8d-48e7-84cd-a941f3251ccc\" target=\"_blank\">TikToku<\/a>.<\/p>\n<p class=\"Paragraph_desktopParagraph__U31Gm\">Chcesz podzieli\u0107 si\u0119 ciekawym newsem lub zaproponowa\u0107 temat? Skontaktuj si\u0119 z nami, pisz\u0105c maila na adres: <a href=\"https:\/\/www.onet.pl\/styl-zycia\/plejada\/oto-zwyciezca-programu-szansa-na-sukces-opole-2026-zapadl-werdykt\/mailto:plejada@redakcjaonet.pl\" id=\"70ace6b2-27e2-471d-8f12-fee6681dac94\" rel=\"nofollow noopener\" target=\"_blank\">plejada@redakcjaon<\/a><a rel=\"nofollow noopener\" href=\"http:\/\/et.pl\" id=\"abb16919-0cd9-43a4-8fbd-5a7966afe2b3\" target=\"_blank\">et.pl<\/a>.<\/p>\n<p><script async src=\"\/\/www.instagram.com\/embed.js\"><\/script><script async src=\"\/\/www.tiktok.com\/embed.js\"><\/script><\/p>\n","protected":false},"excerpt":{"rendered":"&#8222;Szansa na sukces&#8221; to jedyny polski talent show, kt\u00f3ry cieszy si\u0119 ogromn\u0105 popularno\u015bci\u0105 i ogl\u0105dalno\u015bci\u0105 nieprzerwanie od ponad&hellip;\n","protected":false},"author":2,"featured_media":114852,"comment_status":"","ping_status":"","sticky":false,"template":"","format":"standard","meta":{"footnotes":""},"categories":[22],"tags":[24980,122,67,261,53,52,68,51,55,42,38,40,39,41,123,47,24979,65,50],"class_list":{"0":"post-114851","1":"post","2":"type-post","3":"status-publish","4":"format-standard","5":"has-post-thumbnail","7":"category-rozrywka","8":"tag-artur_orzech","9":"tag-entertainment","10":"tag-intextvideo_splayer","11":"tag-kultura","12":"tag-new_header","13":"tag-onet3","14":"tag-onet3d","15":"tag-onet3d_2i","16":"tag-phx","17":"tag-pl","18":"tag-poland","19":"tag-polish","20":"tag-polska","21":"tag-polski","22":"tag-rozrywka","23":"tag-screening_general","24":"tag-szansa_na_sukces","25":"tag-update_me","26":"tag-v2021"},"share_on_mastodon":{"url":"https:\/\/pubeurope.com\/@pl\/115600361139087752","error":""},"_links":{"self":[{"href":"https:\/\/www.europesays.com\/pl\/wp-json\/wp\/v2\/posts\/114851","targetHints":{"allow":["GET"]}}],"collection":[{"href":"https:\/\/www.europesays.com\/pl\/wp-json\/wp\/v2\/posts"}],"about":[{"href":"https:\/\/www.europesays.com\/pl\/wp-json\/wp\/v2\/types\/post"}],"author":[{"embeddable":true,"href":"https:\/\/www.europesays.com\/pl\/wp-json\/wp\/v2\/users\/2"}],"replies":[{"embeddable":true,"href":"https:\/\/www.europesays.com\/pl\/wp-json\/wp\/v2\/comments?post=114851"}],"version-history":[{"count":0,"href":"https:\/\/www.europesays.com\/pl\/wp-json\/wp\/v2\/posts\/114851\/revisions"}],"wp:featuredmedia":[{"embeddable":true,"href":"https:\/\/www.europesays.com\/pl\/wp-json\/wp\/v2\/media\/114852"}],"wp:attachment":[{"href":"https:\/\/www.europesays.com\/pl\/wp-json\/wp\/v2\/media?parent=114851"}],"wp:term":[{"taxonomy":"category","embeddable":true,"href":"https:\/\/www.europesays.com\/pl\/wp-json\/wp\/v2\/categories?post=114851"},{"taxonomy":"post_tag","embeddable":true,"href":"https:\/\/www.europesays.com\/pl\/wp-json\/wp\/v2\/tags?post=114851"}],"curies":[{"name":"wp","href":"https:\/\/api.w.org\/{rel}","templated":true}]}}