{"id":114858,"date":"2025-11-23T18:17:11","date_gmt":"2025-11-23T18:17:11","guid":{"rendered":"https:\/\/www.europesays.com\/pl\/114858\/"},"modified":"2025-11-23T18:17:11","modified_gmt":"2025-11-23T18:17:11","slug":"pogrzeb-zony-przemyslawa-babiarza-dziennikarz-wyglosil-przemowienie-rmf-fm","status":"publish","type":"post","link":"https:\/\/www.europesays.com\/pl\/114858\/","title":{"rendered":"Pogrzeb \u017cony Przemys\u0142awa Babiarza. Dziennikarz wyg\u0142osi\u0142 przem\u00f3wienie :: RMF FM"},"content":{"rendered":"<p>22 listopada w Przemy\u015blu odby\u0142 si\u0119 pogrzeb Marzeny Babiarz, \u017cony Przemys\u0142awa Babiarza. Na ostatnie po\u017cegnanie przyby\u0142o mn\u00f3stwo os\u00f3b. Dziennikarz oficjalnie zwr\u00f3ci\u0142 si\u0119 do wszystkich w poruszaj\u0105cych s\u0142owach. <\/p>\n<p><img decoding=\"async\" alt=\"\" src=\"https:\/\/www.europesays.com\/pl\/wp-content\/uploads\/2025\/11\/488f0be5c5e0b2ffb134894924d7dd32.jpg\" class=\"w-100\"\/><\/p>\n<p>Pogrzeb \u017cony Przemys\u0142awa Babiarza. Dziennikarz wyg\u0142osi\u0142 przem\u00f3wienie, fot. East News<\/p>\n<p>&#13;<br \/>\n\tWiadomo\u015b\u0107 o \u015bmierci Marzeny Babiarz, \u017cony komentatora sportowego Przemys\u0142awa Babiarza, pojawi\u0142a si\u0119 w mediach spo\u0142eczno\u015bciowych w tym tygodniu. Kondolencje z\u0142o\u017cy\u0142a redakcja TVP Sport we wpisie na portalu X:<\/p>\n<p>&#13;<br \/>\n\tRedakcja TVP Sport z g\u0142\u0119bokim smutkiem przyj\u0119\u0142a wiadomo\u015b\u0107 o \u015bmierci ukochanej Ma\u0142\u017conki Przemys\u0142awa Babiarza. Sk\u0142adamy Ci Przemku najszczersze kondolencje i \u0142\u0105czymy si\u0119 z Tob\u0105 w b\u00f3lu i \u017calu z powodu odej\u015bcia Marzeny. Przyjmij, prosz\u0119 wyrazy otuchy i si\u0142y na nadchodz\u0105ce dni.<\/p>\n<p>&#13;<br \/>\n\tJu\u017c rok temu <a href=\"https:\/\/www.rmf.fm\/magazyn\/tag,Przemys%C5%82aw%20Babiarz.html\" rel=\"nofollow noopener\" target=\"_blank\">Przemys\u0142aw Babiarz<\/a> w jednym z wywiad\u00f3w przyzna\u0142, \u017ce jego \u017cona zmaga si\u0119 z chorob\u0105. Nie udzieli\u0142 jednak \u017cadnych szczeg\u00f3\u0142\u00f3w:<\/p>\n<blockquote><p>&#13;<\/p>\n<p>&#13;<br \/>\n\t\tChoroba najpierw dotkn\u0119\u0142a mnie, a teraz dotyka moj\u0105 \u017con\u0119. Jednak wierz\u0119, \u017ce przejdziemy przez to mocniejsi. Jeste\u015bmy tacy dzi\u0119ki obecno\u015bci Pana Boga w naszym \u017cyciu.<\/p>\n<p>&#13;\n<\/p><\/blockquote>\n<p>&#13;<br \/>\n\tMarzena Babiarz zmar\u0142a 19 listopada.<\/p>\n<p>&#13;<br \/>\n\tPogrzeb Marzeny Babiarz<\/p>\n<p>&#13;<br \/>\n\t22 listopada w rodzinnym Przemy\u015blu odby\u0142 si\u0119 pogrzeb Marzeny Babiarz. Msza rozpocz\u0119\u0142a si\u0119 w ko\u015bciele pw. \u015awi\u0119tego J\u00f3zefa Sebastiana Pelczara, a nast\u0119pnie kobiet\u0119 pochowano w grobowcu na Cmentarzu G\u0142\u00f3wnym. Podczas mszy do wszystkich \u017ca\u0142obnik\u00f3w zwr\u00f3ci\u0142 si\u0119 Przemys\u0142aw Babiarz. Podzi\u0119kowa\u0142 wszystkim za przybycie podkre\u015blaj\u0105c, \u017ce uczestnicy ostatniego po\u017cegnania przybyli z r\u00f3\u017cnych stron \u015bwiata:<\/p>\n<p>&#13;<br \/>\n\t\u201eGeografia tych, kt\u00f3rzy przyjechali na msz\u0119 \u015bwi\u0119t\u0105 i uroczysto\u015bci pogrzebowe, jest naprawd\u0119 ogromna. Od Wysp Brytyjskich, Pary\u017ca, Warszawy, Krakowa, Bochni, Mazur, Szczecina, a\u017c po nasz Przemy\u015bl, kt\u00f3ry okaza\u0142 si\u0119 tak go\u015bcinny\u201d.<\/p>\n<blockquote><p>&#13;<\/p>\n<p>&#13;<br \/>\n\t\tKo\u015bci\u00f3\u0142 \u015bwi\u0119ty przez wasze r\u0119ce daje nam szczeg\u00f3lne nadzieje, \u017ce nasze \u017cycie nie ko\u0144czy si\u0119, ale si\u0119 zmienia. Dzi\u0119kuj\u0119 za tak liczne uczestnictwo.<\/p>\n<p>&#13;\n<\/p><\/blockquote>\n<p>&#13;<br \/>\n\t\u0179r\u00f3d\u0142o: Telemagazyn<\/p>\n","protected":false},"excerpt":{"rendered":"22 listopada w Przemy\u015blu odby\u0142 si\u0119 pogrzeb Marzeny Babiarz, \u017cony Przemys\u0142awa Babiarza. Na ostatnie po\u017cegnanie przyby\u0142o mn\u00f3stwo os\u00f3b.&hellip;\n","protected":false},"author":2,"featured_media":114859,"comment_status":"","ping_status":"","sticky":false,"template":"","format":"standard","meta":{"footnotes":""},"categories":[22],"tags":[122,24981,24982,24983,42,38,40,39,41,24866,24984,123],"class_list":{"0":"post-114858","1":"post","2":"type-post","3":"status-publish","4":"format-standard","5":"has-post-thumbnail","7":"category-rozrywka","8":"tag-entertainment","9":"tag-marzena-babiarz","10":"tag-marzena-babiarz-nie-zyje","11":"tag-marzena-babiarz-pogrzeb","12":"tag-pl","13":"tag-poland","14":"tag-polish","15":"tag-polska","16":"tag-polski","17":"tag-przemyslaw-babiarz","18":"tag-przemyslaw-babiarz-zona","19":"tag-rozrywka"},"share_on_mastodon":{"url":"https:\/\/pubeurope.com\/@pl\/115600388675893650","error":""},"_links":{"self":[{"href":"https:\/\/www.europesays.com\/pl\/wp-json\/wp\/v2\/posts\/114858","targetHints":{"allow":["GET"]}}],"collection":[{"href":"https:\/\/www.europesays.com\/pl\/wp-json\/wp\/v2\/posts"}],"about":[{"href":"https:\/\/www.europesays.com\/pl\/wp-json\/wp\/v2\/types\/post"}],"author":[{"embeddable":true,"href":"https:\/\/www.europesays.com\/pl\/wp-json\/wp\/v2\/users\/2"}],"replies":[{"embeddable":true,"href":"https:\/\/www.europesays.com\/pl\/wp-json\/wp\/v2\/comments?post=114858"}],"version-history":[{"count":0,"href":"https:\/\/www.europesays.com\/pl\/wp-json\/wp\/v2\/posts\/114858\/revisions"}],"wp:featuredmedia":[{"embeddable":true,"href":"https:\/\/www.europesays.com\/pl\/wp-json\/wp\/v2\/media\/114859"}],"wp:attachment":[{"href":"https:\/\/www.europesays.com\/pl\/wp-json\/wp\/v2\/media?parent=114858"}],"wp:term":[{"taxonomy":"category","embeddable":true,"href":"https:\/\/www.europesays.com\/pl\/wp-json\/wp\/v2\/categories?post=114858"},{"taxonomy":"post_tag","embeddable":true,"href":"https:\/\/www.europesays.com\/pl\/wp-json\/wp\/v2\/tags?post=114858"}],"curies":[{"name":"wp","href":"https:\/\/api.w.org\/{rel}","templated":true}]}}