{"id":114958,"date":"2025-11-23T19:41:09","date_gmt":"2025-11-23T19:41:09","guid":{"rendered":"https:\/\/www.europesays.com\/pl\/114958\/"},"modified":"2025-11-23T19:41:09","modified_gmt":"2025-11-23T19:41:09","slug":"widzew-lodz-korona-kielce-relacja-na-zywo-pko-bp-ekstraklasa-live-przeglad-sportowy-onet","status":"publish","type":"post","link":"https:\/\/www.europesays.com\/pl\/114958\/","title":{"rendered":"Widzew \u0141\u00f3d\u017a &#8211; Korona Kielce: relacja na \u017cywo. PKO BP Ekstraklasa LIVE &#8211; Przegl\u0105d Sportowy Onet"},"content":{"rendered":"<ol>\n<li><a href=\"https:\/\/news.google.com\/rss\/articles\/CBMiygFBVV95cUxOc21WNWI5c2VnQVNFSkJwTkJtTU42djRMS1ZtZl8taExtczFUSlIxSS1PN1M5dWUyUGtieGkwQmZJcUtrdzJfNnJmdVAzSXNwQzBrWEI0bk5vb0NYbXUzUHVtYWltcGdBZkt6ckNrZWZxUWNxcHNZTUpaUk94S3d0NHVXWVBSNkNPQU1aZHRjNWQ2NW1KTE1RdGNUY1B5b1ViVW5DT3ZFNFoySXJZNDZxYXlNN1NoVFVzZW15RWZxMzdYN1oyRTVLWU5B?oc=5\" target=\"_blank\" rel=\"nofollow noopener\">Widzew \u0141\u00f3d\u017a &#8211; Korona Kielce: relacja na \u017cywo. PKO BP Ekstraklasa LIVE<\/a>&nbsp;&nbsp;Przegl\u0105d Sportowy Onet<\/li>\n<li><a href=\"https:\/\/news.google.com\/rss\/articles\/CBMihAFBVV95cUxPdkc3OU42cS1fWXBCTXJvTUlhZGdwb0NyMzR5S0I4NkFtYjdTRGVKUkVFaV9JOUxLeFpLRlVWR0Uyb2FkR2xwZkRBT08zd2s4dWk3ZWxjYlVTMDZoa1NjWTVtYnlsd1U2ZkxEZG9feFoxbkNqcFZXanBGSWNqcnRPWGQxdng?oc=5\" target=\"_blank\" rel=\"nofollow noopener\">Sk\u0142ad Widzewa \u0141\u00f3d\u017a na mecz z Koron\u0105 Kielce<\/a>&nbsp;&nbsp;Widzew \u0141\u00f3d\u017a<\/li>\n<li><a href=\"https:\/\/news.google.com\/rss\/articles\/CBMixgFBVV95cUxQUUhHVHJIS2dHODFtUXR4UWNramsyQksxR1VBWjFyYVduSzVnNUdwTWdRcnAtbHQxU2FFRHZ1MkE3N0pfb3BFYTNaR1pYTWxxbnJRNDdxWER6S3hTWXRjTHdvR1hCdDhwdHVtNlExZ1VQQ0ZvMExxaWpXa2tpa04wdG9oalY2VTNnbDQ2elI0RWZ2dkpNWEh4YmhyS3pMUWdzbHhFVnVhV2gwSU1KN3RiOXgweWI2NjlEbGtPWUdJQXAxTEpVZGc?oc=5\" target=\"_blank\" rel=\"nofollow noopener\">Mamy prze\u0142amanie w Ekstraklasie. Cztery ciosy i czerwona kartka<\/a>&nbsp;&nbsp;Sport w INTERIA.PL<\/li>\n<li><a href=\"https:\/\/news.google.com\/rss\/articles\/CBMiowFBVV95cUxNNmUyb2plbjZHdjJoZUdkaHFoM0ZJY1ZSQzB6Y1pfYVM4RFZrMDE4TVR6eEZYX1I5UUh2VTRKaHpuTHBOcDZBRHF2eGs5ZGNBZVNfRVlLRVVtRm5STEpyeFdmREZkMk54VndBMklkZ3NabzJ5Rm92cy1ydjdwc0RZdlVjTi01UWEweWI1ZzRrakY2UDlNbFlEVkJWRFpNQ0JsQ1pv?oc=5\" target=\"_blank\" rel=\"nofollow noopener\">Kompromitacja Widzewa. Tak wygl\u0105da tabela Ekstraklasy Pi\u0142ka no\u017cna<\/a>&nbsp;&nbsp;Sport.pl<\/li>\n<li><a href=\"https:\/\/news.google.com\/rss\/articles\/CBMixwFBVV95cUxOSDVZNG9NcHl0TFhyUWYybWREbjN4YXRBWlBSY1lrc2M5SndIQ29tSjh4azJMeHJtZEp0bmRkdWhIOVFBVDVKTkNBOVdCdmVTOEJYdm9WUk1Hd2Nvbm44X3ZQcEQ0OVRncE01SlRDZFkzYWx6OEwwcmZoeVJtRTVCNmVla003RkpoRGtXZHoza0ZPNm43cTRnQTEyMnFLTDZGNmdhdjN0aVNUZnd0WUtubktJRC1VOWVJU21LdU00S0Fqd1FRZXhF?oc=5\" target=\"_blank\" rel=\"nofollow noopener\">PKO Ekstraklasa: Widzew tu\u017c nad stref\u0105 spadkow\u0105, Lech odrabia straty, zobacz tabel\u0119<\/a>&nbsp;&nbsp;SportoweFakty<\/li>\n<\/ol>\n","protected":false},"excerpt":{"rendered":"Widzew \u0141\u00f3d\u017a &#8211; Korona Kielce: relacja na \u017cywo. PKO BP Ekstraklasa LIVE&nbsp;&nbsp;Przegl\u0105d Sportowy Onet Sk\u0142ad Widzewa \u0141\u00f3d\u017a na&hellip;\n","protected":false},"author":2,"featured_media":114959,"comment_status":"","ping_status":"","sticky":false,"template":"","format":"standard","meta":{"footnotes":""},"categories":[24],"tags":[24794,274,2910,188,186,42,38,40,39,41,136,128,47,127,135,126,130,3469],"class_list":{"0":"post-114958","1":"post","2":"type-post","3":"status-publish","4":"format-standard","5":"has-post-thumbnail","7":"category-sport","8":"tag-betfan_relacje","9":"tag-ekstraklasa","10":"tag-korona_kielce","11":"tag-liveblog","12":"tag-na_zywo","13":"tag-pl","14":"tag-poland","15":"tag-polish","16":"tag-polska","17":"tag-polski","18":"tag-ps_detal_new","19":"tag-psv2","20":"tag-screening_general","21":"tag-sport","22":"tag-sport_sport","23":"tag-sports","24":"tag-wiadomosci_sportowe","25":"tag-widzew_lodz"},"share_on_mastodon":{"url":"https:\/\/pubeurope.com\/@pl\/115600718853991127","error":""},"_links":{"self":[{"href":"https:\/\/www.europesays.com\/pl\/wp-json\/wp\/v2\/posts\/114958","targetHints":{"allow":["GET"]}}],"collection":[{"href":"https:\/\/www.europesays.com\/pl\/wp-json\/wp\/v2\/posts"}],"about":[{"href":"https:\/\/www.europesays.com\/pl\/wp-json\/wp\/v2\/types\/post"}],"author":[{"embeddable":true,"href":"https:\/\/www.europesays.com\/pl\/wp-json\/wp\/v2\/users\/2"}],"replies":[{"embeddable":true,"href":"https:\/\/www.europesays.com\/pl\/wp-json\/wp\/v2\/comments?post=114958"}],"version-history":[{"count":0,"href":"https:\/\/www.europesays.com\/pl\/wp-json\/wp\/v2\/posts\/114958\/revisions"}],"wp:featuredmedia":[{"embeddable":true,"href":"https:\/\/www.europesays.com\/pl\/wp-json\/wp\/v2\/media\/114959"}],"wp:attachment":[{"href":"https:\/\/www.europesays.com\/pl\/wp-json\/wp\/v2\/media?parent=114958"}],"wp:term":[{"taxonomy":"category","embeddable":true,"href":"https:\/\/www.europesays.com\/pl\/wp-json\/wp\/v2\/categories?post=114958"},{"taxonomy":"post_tag","embeddable":true,"href":"https:\/\/www.europesays.com\/pl\/wp-json\/wp\/v2\/tags?post=114958"}],"curies":[{"name":"wp","href":"https:\/\/api.w.org\/{rel}","templated":true}]}}