{"id":115001,"date":"2025-11-23T20:12:19","date_gmt":"2025-11-23T20:12:19","guid":{"rendered":"https:\/\/www.europesays.com\/pl\/115001\/"},"modified":"2025-11-23T20:12:19","modified_gmt":"2025-11-23T20:12:19","slug":"nadchodza-zmiany-w-rozkladzie-jazdy-pociagow-koleje-ujawniaja-co-z-cena-biletow","status":"publish","type":"post","link":"https:\/\/www.europesays.com\/pl\/115001\/","title":{"rendered":"Nadchodz\u0105 zmiany w rozk\u0142adzie jazdy poci\u0105g\u00f3w. Koleje ujawniaj\u0105 co z cen\u0105 bilet\u00f3w"},"content":{"rendered":"<p>\n\t\t\tNie przewidujemy podwy\u017cek cen bilet\u00f3w wraz z wej\u015bciem w \u017cycie nowego rozk\u0142adu jazdy 2025\/2026. O zmianach w ofertach lub cenach b\u0119dziemy informowa\u0107 z wyprzedzeniem &#8211; poda\u0142y PKP Intercity.\n\t\t<\/p>\n<ul>&#13;<\/p>\n<li>PKP Intercity nie planuje wprowadzenia podwy\u017cki za bilet\u00f3w. Podkre\u015bla, \u017ce decyzje cenowe poprzedzaj\u0105 analizy rynku, frekwencji i zachowa\u0144 pasa\u017cer\u00f3w.<\/li>\n<p>&#13;<\/p>\n<li>Przewo\u017anik wskaza\u0142, \u017ce analizuje sytuacj\u0119 pod wzgl\u0119dem m.in.: ob\u0142o\u017cenia, sezonowo\u015bci, czasu przejazdu, komfortu podr\u00f3\u017cy i warunk\u00f3w konkurencyjnych.<\/li>\n<p>&#13;<\/p>\n<li>Analizowane s\u0105 r\u00f3wnie\u017c poda\u017c miejsc oraz zmieniaj\u0105ca si\u0119 frekwencja w konkretnych poci\u0105gach.<\/li>\n<p>&#13;\n<\/ul>\n<p>&#13;<br \/>\nPKP Intercity nie planuje podwy\u017cki cen bilet\u00f3w za poci\u0105g&#13;<\/p>\n<p>PKP Intercity nie planuje wprowadzenia podwy\u017cki cen bilet\u00f3w. Sp\u00f3\u0142ka podkre\u015bla, \u017ce decyzje cenowe poprzedzaj\u0105 szczeg\u00f3\u0142owe analizy rynku, frekwencji i zachowa\u0144 pasa\u017cer\u00f3w.<\/p>\n<p>&#13;<\/p>\n<p>\t\t\t\t\t<a href=\"https:\/\/www.portalsamorzadowy.pl\/gospodarka-komunalna\/nie-ma-odwrotu-od-szybkich-pociagow-ceny-biletow-beda-wyzsze,638454.html\" class=\"read-more-box-img-cnt\" rel=\"nofollow noopener\" target=\"_blank\"><br \/>\n\t\t\t\t<img decoding=\"async\" loading=\"lazy\" width=\"300\" height=\"200\" src=\"https:\/\/www.europesays.com\/pl\/wp-content\/uploads\/2025\/11\/280450_r0_300.jpg\" alt=\"Nie ma odwrotu od szybkich poci\u0105g\u00f3w. Ceny bilet\u00f3w b\u0119d\u0105 wy\u017csze\" class=\"read-more-box-img\"\/><br \/>\n\t\t\t<\/a><\/p>\n<p>&#13;<\/p>\n<blockquote><p>&#13;<\/p>\n<p>Obecnie sp\u00f3\u0142ka nie przewiduje podwy\u017cek cen bilet\u00f3w wraz z wej\u015bciem w \u017cycie rozk\u0142adu jazdy 2025\/2026. O wszelkich zmianach w ofertach lub cenach b\u0119dziemy informowa\u0107 z odpowiednim wyprzedzeniem<\/p>\n<p>&#13;\n<\/p><\/blockquote>\n<p>&#13;<\/p>\n<p>&#8211; przekaza\u0142o biuro prasowe PKP Intercity.<\/p>\n<p>&#13;<br \/>\nTrwaj\u0105 analizy sytuacji na rynku kolei i sytuacji pasa\u017cer\u00f3w&#13;<\/p>\n<p>Przewo\u017anik wskaza\u0142, \u017ce stale analizuje sytuacj\u0119 rynkow\u0105 i wyniki sprzeda\u017cy. Pod uwag\u0119 brane s\u0105 m.in.: segmentacja pasa\u017cer\u00f3w, ob\u0142o\u017cenie na poszczeg\u00f3lnych trasach, sezonowo\u015b\u0107, czasy przejazdu, komfort podr\u00f3\u017cy, a tak\u017ce warunki konkurencyjne i zakres prowadzonych prac modernizacyjnych na liniach kolejowych.<\/p>\n<p>&#13;<\/p>\n<p>&#13;<\/p>\n<p>Analizowane s\u0105 r\u00f3wnie\u017c poda\u017c miejsc oraz zmieniaj\u0105ca si\u0119 frekwencja w konkretnych poci\u0105gach.<\/p>\n<p>&#13;<\/p>\n<p>Jak podkre\u015bla sp\u00f3\u0142ka, jej rol\u0105 jest oferowanie w\u0142a\u015bciwego produktu we w\u0142a\u015bciwym czasie i w odpowiedniej cenie.<\/p>\n<p>&#13;<br \/>\nPKP Intercity usi\u0142owa\u0142o wprowadzi\u0107 podwy\u017cki cen bilet\u00f3w. Wycofa\u0142o si\u0119 z planu&#13;<\/p>\n<p>Ostatnio PKP Intercity usi\u0142owa\u0142o wprowadzi\u0107 podwy\u017cki cen bilet\u00f3w w styczniu 2023 roku. Ceny bazowe bilet\u00f3w jednorazowych w poci\u0105gach Pendolino wzros\u0142y wtedy \u015brednio o 17,8 proc., w poci\u0105gach EIC o 17,4 proc., a w poci\u0105gach TLK\/IC \u015brednio o 11,8 proc. Zapowiedzian\u0105 podwy\u017ck\u0119 cen bilet\u00f3w uzasadniono wzrostem cen pr\u0105du.<\/p>\n<p>&#13;<\/p>\n<p>\t\t\t\t\t<a href=\"https:\/\/www.portalsamorzadowy.pl\/gospodarka-komunalna\/kolej-wprowadza-szyfrowana-komunikacje-ruch-pociagow-wchodzi-w-rezim-bezpieczenstwa,638961.html\" class=\"read-more-box-img-cnt\" rel=\"nofollow noopener\" target=\"_blank\"><br \/>\n\t\t\t\t<img decoding=\"async\" loading=\"lazy\" width=\"300\" height=\"200\" src=\"https:\/\/www.europesays.com\/pl\/wp-content\/uploads\/2025\/11\/280695_r0_300.jpg\" alt=\"Kolej wprowadza szyfrowan\u0105 komunikacj\u0119. Ruch poci\u0105g\u00f3w wchodzi w re\u017cim bezpiecze\u0144stwa\" class=\"read-more-box-img\"\/><br \/>\n\t\t\t<\/a><\/p>\n<p>&#13;<\/p>\n<p>Sp\u00f3\u0142ka jednak wycofa\u0142a si\u0119 ze swojej decyzji na pocz\u0105tku lutego 2023 roku. PKP Intercity wyja\u015bni\u0142o wtedy, \u017ce powr\u00f3t do poprzednich cen jest mo\u017cliwy w zwi\u0105zku z dodatkowymi dzia\u0142aniami optymalizacyjnymi oraz dzi\u0119ki zwi\u0119kszeniu rekompensaty w ramach umowy dot. \u015bwiadczenia us\u0142ug publicznych (PSC, z ang. Public Service Contract). \u00d3wczesny minister infrastruktury Andrzej Adamczyk informowa\u0142 wtedy, \u017ce w 2023 roku PKP Intercity w ramach umowy PSC otrzyma 1 mld 290 mln z\u0142 i dodatkowo 575 mln z\u0142 z bud\u017cetu.<\/p>\n<p>&#13;<\/p>\n<p>W roku 2024 PKP Intercity r\u00f3wnie\u017c nie podnios\u0142o cen bilet\u00f3w, po tym jak w listopadzie roku 2023 rz\u0105d zdecydowa\u0142 o zwi\u0119kszeniu o 6,5 mld z\u0142 rekompensaty dla przewo\u017anika w latach 2024-2030 za realizacj\u0119 mi\u0119dzywojew\u00f3dzkich kolejowych przewoz\u00f3w pasa\u017cerskich w ramach umowy PSC. W roku 2024 by\u0142a to kwota 603 mln z\u0142.<\/p>\n<p>&#13;<\/p>\n<p>\t\t\t\t\t<a href=\"https:\/\/www.portalsamorzadowy.pl\/gospodarka-komunalna\/poloza-kilometry-nowych-torow-i-przebuduja-perony-linia-pojada-ciezkie-pociagi,638389.html\" class=\"read-more-box-img-cnt\" rel=\"nofollow noopener\" target=\"_blank\"><br \/>\n\t\t\t\t<img decoding=\"async\" loading=\"lazy\" width=\"300\" height=\"200\" src=\"https:\/\/www.europesays.com\/pl\/wp-content\/uploads\/2025\/11\/280430_r0_300.jpg\" alt=\"Po\u0142o\u017c\u0105 kilometry nowych tor\u00f3w i przebuduj\u0105 perony. Lini\u0105 pojad\u0105 ci\u0119\u017ckie poci\u0105gi\" class=\"read-more-box-img\"\/><br \/>\n\t\t\t<\/a><\/p>\n<p>&#13;<\/p>\n<p>Pod koniec grudnia 2020 roku Ministerstwo Infrastruktury podpisa\u0142o z PKP Intercity umow\u0119 ramow\u0105 na \u015bwiadczenie us\u0142ug publicznych w transporcie kolejowym w zakresie mi\u0119dzywojew\u00f3dzkich i mi\u0119dzynarodowych kolejowych przewoz\u00f3w pasa\u017cerskich. Warto\u015b\u0107 umowy wynios\u0142a 21 mld 91 mln 224 tys. z\u0142.<\/p>\n<p>&#13;<\/p>\n<p>Przedmiotem tej umowy (PSC), jest \u015bwiadczenie przez PKP Intercity us\u0142ug publicznych w zakresie mi\u0119dzywojew\u00f3dzkich kolejowych przewoz\u00f3w pasa\u017cerskich w latach 2021-2030. Celem umowy jest zwi\u0119kszenie udzia\u0142u transportu kolejowego w rynku przewoz\u00f3w pasa\u017cerskich i dalszy rozw\u00f3j kolei jako najbardziej ekologicznego \u015brodka transportu zbiorowego.<\/p>\n<p>&#13;<\/p>\n<p>PKP Intercity to najwi\u0119kszy mi\u0119dzyregionalny operator kolejowy, kt\u00f3ry zapewnia komunikacj\u0119 mi\u0119dzy du\u017cymi miastami oraz popularnymi o\u015brodkami turystycznymi w kraju, a tak\u017ce umo\u017cliwia podr\u00f3\u017cowanie po Europie. Poci\u0105gi PKP Intercity przewioz\u0142y w ub.r. 78,5 mln pasa\u017cer\u00f3w. Szacunki przewo\u017anika zak\u0142adaj\u0105, \u017ce w tym roku zwi\u0119kszy liczb\u0119 przewiezionych pasa\u017cer\u00f3w do 88 mln, a w 2030 roku &#8211; do 110 mln.<\/p>\n<p><img decoding=\"async\" style=\"max-width:80px;\" loading=\"lazy\" src=\"https:\/\/www.europesays.com\/pl\/wp-content\/uploads\/2025\/09\/1758531790_154_081834.png\"\/><\/p>\n","protected":false},"excerpt":{"rendered":"Nie przewidujemy podwy\u017cek cen bilet\u00f3w wraz z wej\u015bciem w \u017cycie nowego rozk\u0142adu jazdy 2025\/2026. O zmianach w ofertach&hellip;\n","protected":false},"author":2,"featured_media":115002,"comment_status":"","ping_status":"","sticky":false,"template":"","format":"standard","meta":{"footnotes":""},"categories":[16],"tags":[664,1178,10478,1683,1698,10365,12510,113,112,10363,10476,12508,1696,1681,42,38,40,39,41,1682,10364,10477,12509,1697],"class_list":{"0":"post-115001","1":"post","2":"type-post","3":"status-publish","4":"format-standard","5":"has-post-thumbnail","7":"category-biznes","8":"tag-typedefinedterm","9":"tag-0-html","10":"tag-109-html","11":"tag-1683","12":"tag-11111-html","13":"tag-387-html","14":"tag-438-html","15":"tag-biznes","16":"tag-business","17":"tag-namekoleje","18":"tag-namepkp","19":"tag-namepkp-inter-city","20":"tag-namepociu0105gi","21":"tag-nameserwis-usu0142ugi-komunalne","22":"tag-pl","23":"tag-poland","24":"tag-polish","25":"tag-polska","26":"tag-polski","27":"tag-urlhttps-www-portalsamorzadowy-pl-gospodarka-komunalna-podserwis-serwis-uslugi-komunalne","28":"tag-urlhttps-www-portalsamorzadowy-pl-klucze-koleje","29":"tag-urlhttps-www-portalsamorzadowy-pl-klucze-pkp","30":"tag-urlhttps-www-portalsamorzadowy-pl-klucze-pkp-inter-city","31":"tag-urlhttps-www-portalsamorzadowy-pl-klucze-pociagi"},"share_on_mastodon":{"url":"https:\/\/pubeurope.com\/@pl\/115600841151491115","error":""},"_links":{"self":[{"href":"https:\/\/www.europesays.com\/pl\/wp-json\/wp\/v2\/posts\/115001","targetHints":{"allow":["GET"]}}],"collection":[{"href":"https:\/\/www.europesays.com\/pl\/wp-json\/wp\/v2\/posts"}],"about":[{"href":"https:\/\/www.europesays.com\/pl\/wp-json\/wp\/v2\/types\/post"}],"author":[{"embeddable":true,"href":"https:\/\/www.europesays.com\/pl\/wp-json\/wp\/v2\/users\/2"}],"replies":[{"embeddable":true,"href":"https:\/\/www.europesays.com\/pl\/wp-json\/wp\/v2\/comments?post=115001"}],"version-history":[{"count":0,"href":"https:\/\/www.europesays.com\/pl\/wp-json\/wp\/v2\/posts\/115001\/revisions"}],"wp:featuredmedia":[{"embeddable":true,"href":"https:\/\/www.europesays.com\/pl\/wp-json\/wp\/v2\/media\/115002"}],"wp:attachment":[{"href":"https:\/\/www.europesays.com\/pl\/wp-json\/wp\/v2\/media?parent=115001"}],"wp:term":[{"taxonomy":"category","embeddable":true,"href":"https:\/\/www.europesays.com\/pl\/wp-json\/wp\/v2\/categories?post=115001"},{"taxonomy":"post_tag","embeddable":true,"href":"https:\/\/www.europesays.com\/pl\/wp-json\/wp\/v2\/tags?post=115001"}],"curies":[{"name":"wp","href":"https:\/\/api.w.org\/{rel}","templated":true}]}}