{"id":115021,"date":"2025-11-23T20:24:08","date_gmt":"2025-11-23T20:24:08","guid":{"rendered":"https:\/\/www.europesays.com\/pl\/115021\/"},"modified":"2025-11-23T20:24:08","modified_gmt":"2025-11-23T20:24:08","slug":"fan-zasnal-na-koncercie-nicole-scherzinger-zabrala-glos","status":"publish","type":"post","link":"https:\/\/www.europesays.com\/pl\/115021\/","title":{"rendered":"Fan ZASN\u0104\u0141 na koncercie Nicole Scherzinger. Zabra\u0142a g\u0142os"},"content":{"rendered":"<p><a href=\"https:\/\/jastrzabpost.pl\/ma-46-lat-i-cialo-bogini-swietowala-urodziny-w-bikini,7044193251060544a\" rel=\"noopener noreferrer nofollow\" target=\"_blank\">Nicole Scherzinger<\/a> kilka tygodni temu zaliczy\u0142a ciep\u0142o przyj\u0119ty przez krytyk\u00f3w debiut na scenie hali koncertowej im. Walta Disneya w\u00a0Los Angeles. Zaprezentowa\u0142a widzom kilkana\u015bcie piosenek, w\u00a0tym swoje dawne hity, kt\u00f3re wylansowa\u0142a z\u00a0zespo\u0142em The Pussycat Dolls. Wyst\u0119p najwyra\u017aniej nie przypad\u0142 do gustu wszystkim s\u0142uchaczom, bo jeden z\u00a0nich uci\u0105\u0142 sobie drzemk\u0119, co uwieczni\u0142y kamery. Nagranie z\u00a0koncertu b\u0142yskawicznie obieg\u0142o sie\u0107 i\u00a0sta\u0142o si\u0119 viralem, kt\u00f3ry rozbawi\u0142 tysi\u0105ce internaut\u00f3w.<\/p>\n<p>Nagranie z\u00a0koncertu Nicole Scherzinger podbija sie\u0107. Artystka komentuje <\/p>\n<p>Nicole Scherzinger zareagowa\u0142a na nagranie m\u0119\u017cczyzny, kt\u00f3ry zasn\u0105\u0142 na jej koncercie. Udost\u0119pni\u0142a na Instagramie viralowy filmik i\u00a0opatrzy\u0142a go s\u0142owami:<\/p>\n<p>Piosenkarka kilkana\u015bcie godzin wcze\u015bniej zabawnie skomentowa\u0142a nagranie, kt\u00f3re pojawi\u0142o si\u0119 na instagramowym profilu &#8222;Newsweek Tea&#8221;. W\u00a0komentarzu napisa\u0142a:<\/p>\n<p>Nicole Scherzinger podczas koncertu w\u00a0Walt Disney Concert Hall zaprezentowa\u0142a m.in. filmowe klasyki: &#8222;Don&#8217;t Rain on My Parade&#8221;, &#8222;Diamonds Are Forever&#8221; i\u00a0&#8222;Reflection&#8221;, jak te\u017c jazzowy standard &#8222;I Put a\u00a0Spell on You&#8221;, a\u00a0tak\u017ce solowy przeb\u00f3j &#8222;Bullshit&#8221; oraz hity &#8222;Buttons&#8221;, &#8222;Don&#8217;t Cha&#8221; i\u00a0&#8222;When I\u00a0Grow Up&#8221;, kt\u00f3re nagra\u0142a z\u00a0The Pussycat Dolls.<\/p>\n","protected":false},"excerpt":{"rendered":"Nicole Scherzinger kilka tygodni temu zaliczy\u0142a ciep\u0142o przyj\u0119ty przez krytyk\u00f3w debiut na scenie hali koncertowej im. Walta Disneya&hellip;\n","protected":false},"author":2,"featured_media":115022,"comment_status":"","ping_status":"","sticky":false,"template":"","format":"standard","meta":{"footnotes":""},"categories":[22],"tags":[122,42,38,40,39,41,123],"class_list":{"0":"post-115021","1":"post","2":"type-post","3":"status-publish","4":"format-standard","5":"has-post-thumbnail","7":"category-rozrywka","8":"tag-entertainment","9":"tag-pl","10":"tag-poland","11":"tag-polish","12":"tag-polska","13":"tag-polski","14":"tag-rozrywka"},"share_on_mastodon":{"url":"https:\/\/pubeurope.com\/@pl\/115600887822858404","error":""},"_links":{"self":[{"href":"https:\/\/www.europesays.com\/pl\/wp-json\/wp\/v2\/posts\/115021","targetHints":{"allow":["GET"]}}],"collection":[{"href":"https:\/\/www.europesays.com\/pl\/wp-json\/wp\/v2\/posts"}],"about":[{"href":"https:\/\/www.europesays.com\/pl\/wp-json\/wp\/v2\/types\/post"}],"author":[{"embeddable":true,"href":"https:\/\/www.europesays.com\/pl\/wp-json\/wp\/v2\/users\/2"}],"replies":[{"embeddable":true,"href":"https:\/\/www.europesays.com\/pl\/wp-json\/wp\/v2\/comments?post=115021"}],"version-history":[{"count":0,"href":"https:\/\/www.europesays.com\/pl\/wp-json\/wp\/v2\/posts\/115021\/revisions"}],"wp:featuredmedia":[{"embeddable":true,"href":"https:\/\/www.europesays.com\/pl\/wp-json\/wp\/v2\/media\/115022"}],"wp:attachment":[{"href":"https:\/\/www.europesays.com\/pl\/wp-json\/wp\/v2\/media?parent=115021"}],"wp:term":[{"taxonomy":"category","embeddable":true,"href":"https:\/\/www.europesays.com\/pl\/wp-json\/wp\/v2\/categories?post=115021"},{"taxonomy":"post_tag","embeddable":true,"href":"https:\/\/www.europesays.com\/pl\/wp-json\/wp\/v2\/tags?post=115021"}],"curies":[{"name":"wp","href":"https:\/\/api.w.org\/{rel}","templated":true}]}}