{"id":115038,"date":"2025-11-23T20:38:08","date_gmt":"2025-11-23T20:38:08","guid":{"rendered":"https:\/\/www.europesays.com\/pl\/115038\/"},"modified":"2025-11-23T20:38:08","modified_gmt":"2025-11-23T20:38:08","slug":"widzew-lodz-korona-kielce-w-pko-bp-ekstraklasie-wynik-na-zywo-przeglad-sportowy-onet","status":"publish","type":"post","link":"https:\/\/www.europesays.com\/pl\/115038\/","title":{"rendered":"Widzew \u0141\u00f3d\u017a &#8211; Korona Kielce w PKO BP Ekstraklasie [WYNIK NA \u017bYWO] &#8211; Przegl\u0105d Sportowy Onet"},"content":{"rendered":"<ol>\n<li><a href=\"https:\/\/news.google.com\/rss\/articles\/CBMixAFBVV95cUxOcjhkYld1UXFxQ19LRHhINFg1Y1pETjJEN1BxYkJJZjB2UnlUV3c2b0VBaC1QTDd1N2NaUzRRcTE5bXQ5aG9XWVp4UFRXbWdJUGxiRWlIT0dlSC1idGNoSTJnWmJrUk1zb05qcmY0TlA5OTc0UTF2S2hFVG9JQUxBSXZfWWoySWdaUDZRa3lzUktXMnJ3a0JZTF9fdXhINTdDcXJVUVRSYU4zTVEtaHdQOS1laFBjNVdTV2sxaDRzQ3pUNjBq?oc=5\" target=\"_blank\" rel=\"nofollow noopener\">Widzew \u0141\u00f3d\u017a &#8211; Korona Kielce w PKO BP Ekstraklasie [WYNIK NA \u017bYWO]<\/a>&nbsp;&nbsp;Przegl\u0105d Sportowy Onet<\/li>\n<li><a href=\"https:\/\/news.google.com\/rss\/articles\/CBMizwFBVV95cUxNaUFKM1VkY0tRWnZ0SzRVSHJndTZCRXpNY0R1TFphSVd4SS1qUmpoYmdDdmNjaTF3Slh3OWZxTFZBZXZ6dXlxWjJja1c5VHl2NXRIZ2MwV0Nnblp4VW1MVm9UVFl4TkxKRFZ6aXNWWjdvVXVPREVhMjMzd2x6MnQxMlVYTm85NWdKcFhtbGl1azFRYlBFeWk3MmpmaEJNVnVFRS1EY3pUZjRRcW5mQkprYUJSQ19nbC1vNjlPV214d3VYZVZLaUVvS0ZrUF9XNUE?oc=5\" target=\"_blank\" rel=\"nofollow noopener\">Cztery gole, czerwona kartka i w\u015bciekli kibice! Gor\u0105co po meczu w \u0141odzi<\/a>&nbsp;&nbsp;Przegl\u0105d Sportowy Onet<\/li>\n<li><a href=\"https:\/\/news.google.com\/rss\/articles\/CBMixwFBVV95cUxOSDVZNG9NcHl0TFhyUWYybWREbjN4YXRBWlBSY1lrc2M5SndIQ29tSjh4azJMeHJtZEp0bmRkdWhIOVFBVDVKTkNBOVdCdmVTOEJYdm9WUk1Hd2Nvbm44X3ZQcEQ0OVRncE01SlRDZFkzYWx6OEwwcmZoeVJtRTVCNmVla003RkpoRGtXZHoza0ZPNm43cTRnQTEyMnFLTDZGNmdhdjN0aVNUZnd0WUtubktJRC1VOWVJU21LdU00S0Fqd1FRZXhF?oc=5\" target=\"_blank\" rel=\"nofollow noopener\">PKO Ekstraklasa: Widzew tu\u017c nad stref\u0105 spadkow\u0105, Lech odrabia straty, zobacz tabel\u0119<\/a>&nbsp;&nbsp;SportoweFakty<\/li>\n<li><a href=\"https:\/\/news.google.com\/rss\/articles\/CBMihAFBVV95cUxPWThzbEFJSWthWVhkalBSd0czSE5wbTlocWNFN1RxODFIX2ZVMy1jMHRNLThObm1vSllhMVgzMnIzblE3OUY3MXRha294aG1UQ3hTWXprYVhZYTBqRGFnRGZfVmNXemRDNldTdWU3eHNhTnMxcUs3ZUNZTDdScm9xYkdUUmQ?oc=5\" target=\"_blank\" rel=\"nofollow noopener\">Wypowiedzi po meczu z Koron\u0105 Kielce<\/a>&nbsp;&nbsp;Widzew \u0141\u00f3d\u017a<\/li>\n<li><a href=\"https:\/\/news.google.com\/rss\/articles\/CBMiowFBVV95cUxNNmUyb2plbjZHdjJoZUdkaHFoM0ZJY1ZSQzB6Y1pfYVM4RFZrMDE4TVR6eEZYX1I5UUh2VTRKaHpuTHBOcDZBRHF2eGs5ZGNBZVNfRVlLRVVtRm5STEpyeFdmREZkMk54VndBMklkZ3NabzJ5Rm92cy1ydjdwc0RZdlVjTi01UWEweWI1ZzRrakY2UDlNbFlEVkJWRFpNQ0JsQ1pv?oc=5\" target=\"_blank\" rel=\"nofollow noopener\">Kompromitacja Widzewa. Tak wygl\u0105da tabela Ekstraklasy Pi\u0142ka no\u017cna<\/a>&nbsp;&nbsp;Sport.pl<\/li>\n<\/ol>\n","protected":false},"excerpt":{"rendered":"Widzew \u0141\u00f3d\u017a &#8211; Korona Kielce w PKO BP Ekstraklasie [WYNIK NA \u017bYWO]&nbsp;&nbsp;Przegl\u0105d Sportowy Onet Cztery gole, czerwona kartka&hellip;\n","protected":false},"author":2,"featured_media":115039,"comment_status":"","ping_status":"","sticky":false,"template":"","format":"standard","meta":{"footnotes":""},"categories":[24],"tags":[274,2910,186,948,2475,42,38,40,39,41,136,128,47,127,135,126,130,3469],"class_list":{"0":"post-115038","1":"post","2":"type-post","3":"status-publish","4":"format-standard","5":"has-post-thumbnail","7":"category-sport","8":"tag-ekstraklasa","9":"tag-korona_kielce","10":"tag-na_zywo","11":"tag-pilka_nozna","12":"tag-pko_ekstraklasa","13":"tag-pl","14":"tag-poland","15":"tag-polish","16":"tag-polska","17":"tag-polski","18":"tag-ps_detal_new","19":"tag-psv2","20":"tag-screening_general","21":"tag-sport","22":"tag-sport_sport","23":"tag-sports","24":"tag-wiadomosci_sportowe","25":"tag-widzew_lodz"},"share_on_mastodon":{"url":"https:\/\/pubeurope.com\/@pl\/115600943098967918","error":""},"_links":{"self":[{"href":"https:\/\/www.europesays.com\/pl\/wp-json\/wp\/v2\/posts\/115038","targetHints":{"allow":["GET"]}}],"collection":[{"href":"https:\/\/www.europesays.com\/pl\/wp-json\/wp\/v2\/posts"}],"about":[{"href":"https:\/\/www.europesays.com\/pl\/wp-json\/wp\/v2\/types\/post"}],"author":[{"embeddable":true,"href":"https:\/\/www.europesays.com\/pl\/wp-json\/wp\/v2\/users\/2"}],"replies":[{"embeddable":true,"href":"https:\/\/www.europesays.com\/pl\/wp-json\/wp\/v2\/comments?post=115038"}],"version-history":[{"count":0,"href":"https:\/\/www.europesays.com\/pl\/wp-json\/wp\/v2\/posts\/115038\/revisions"}],"wp:featuredmedia":[{"embeddable":true,"href":"https:\/\/www.europesays.com\/pl\/wp-json\/wp\/v2\/media\/115039"}],"wp:attachment":[{"href":"https:\/\/www.europesays.com\/pl\/wp-json\/wp\/v2\/media?parent=115038"}],"wp:term":[{"taxonomy":"category","embeddable":true,"href":"https:\/\/www.europesays.com\/pl\/wp-json\/wp\/v2\/categories?post=115038"},{"taxonomy":"post_tag","embeddable":true,"href":"https:\/\/www.europesays.com\/pl\/wp-json\/wp\/v2\/tags?post=115038"}],"curies":[{"name":"wp","href":"https:\/\/api.w.org\/{rel}","templated":true}]}}