{"id":115078,"date":"2025-11-23T21:07:20","date_gmt":"2025-11-23T21:07:20","guid":{"rendered":"https:\/\/www.europesays.com\/pl\/115078\/"},"modified":"2025-11-23T21:07:20","modified_gmt":"2025-11-23T21:07:20","slug":"mogl-byc-jamesem-bondem-ale-odmowil-dzis-bardzo-tego-zaluje-rmf-fm","status":"publish","type":"post","link":"https:\/\/www.europesays.com\/pl\/115078\/","title":{"rendered":"M\u00f3g\u0142 by\u0107 Jamesem Bondem, ale odm\u00f3wi\u0142. Dzi\u015b bardzo tego \u017ca\u0142uje :: RMF FM"},"content":{"rendered":"<p>Dick Van Dyke, legenda ameryka\u0144skiego kina, m\u00f3g\u0142 zosta\u0107 jednym z najbardziej rozpoznawalnych agent\u00f3w 007 w historii. Dzi\u015b, tu\u017c przed setnymi urodzinami, otwarcie przyznaje, \u017ce odrzucenie roli Jamesa Bonda by\u0142o jedn\u0105 z najwi\u0119kszych pomy\u0142ek w jego karierze.<\/p>\n<p><img decoding=\"async\" alt=\"\" src=\"https:\/\/www.europesays.com\/pl\/wp-content\/uploads\/2025\/11\/d9e1bd6d627f41ee655675b3f7ded613.jpg\" class=\"w-100\"\/><\/p>\n<p>M\u00f3g\u0142 by\u0107 Jamesem Bondem, ale odm\u00f3wi\u0142, fot. East News\/Shutterstock<\/p>\n<p>&#13;<br \/>\n\tDick Van Dyke \u2013 szansa na rol\u0119 \u017cycia<\/p>\n<p>&#13;<br \/>\n\t<a href=\"https:\/\/www.rmf.fm\/magazyn\/tag,James%20Bond.html\" rel=\"nofollow noopener\" target=\"_blank\">James Bond<\/a> to posta\u0107, kt\u00f3ra od ponad sze\u015bciu dekad elektryzuje widz\u00f3w na ca\u0142ym \u015bwiecie. W rol\u0119 agenta <a href=\"https:\/\/www.rmf.fm\/magazyn\/tag,007.html\" rel=\"nofollow noopener\" target=\"_blank\">007<\/a> wcielali si\u0119 najwi\u0119ksi aktorzy, a ka\u017cda zmiana odtw\u00f3rcy budzi\u0142a ogromne emocje. Niewielu jednak wie, \u017ce po odej\u015bciu Seana Connery\u2019ego propozycj\u0119 zagrania Bonda otrzyma\u0142 Dick Van Dyke \u2013 trzykrotny laureat nagrody Emmy, znany z takich film\u00f3w jak \u201eMary Poppins\u201d.<\/p>\n<p><a href=\"https:\/\/www.rmf.fm\/magazyn\/news,81242,to-wszyscy-agenci-007-przypominamy-odtworcow-roli-jamesa-bonda-kto-byl-najlepszy.html\" rel=\"nofollow noopener\" target=\"_blank\"><img decoding=\"async\" src=\"https:\/\/www.europesays.com\/pl\/wp-content\/uploads\/2025\/11\/5cd2e387dcf06fa2229bc2c036c58b0c.jpg\" width=\"290\"\/><\/a><a href=\"https:\/\/www.rmf.fm\/magazyn\/news,81242,to-wszyscy-agenci-007-przypominamy-odtworcow-roli-jamesa-bonda-kto-byl-najlepszy.html\" rel=\"nofollow noopener\" target=\"_blank\">To wszyscy agenci 007. Przypominamy odtw\u00f3rc\u00f3w roli Jamesa Bonda. Kto by\u0142 najlepszy?<\/a><\/p>\n<p>Odk\u0105d w lutym 2025 roku \u015bwiat obieg\u0142a informacja o przej\u0119ciu praw do film\u00f3w o Jamesie Bondzie przez Amazon, fani kultowej serii z niecierpliwo\u015bci\u0105 czekaj\u0105 na og\u0142oszenie nowego odtw\u00f3rcy roli agenta 007. Przez ponad 60 lat w posta\u0107 Bonda&#8230;<\/p>\n<p>\n&#13;<br \/>\n\tDlaczego Dick Van Dyke odm\u00f3wi\u0142 roli agenta 007?<\/p>\n<p>&#13;<br \/>\n\tW programie \u201eToday\u201d 99-letni Van Dyke potwierdzi\u0142, \u017ce producent serii, Albert Broccoli, zaproponowa\u0142 mu rol\u0119 Bonda. Aktor przyzna\u0142, \u017ce jednym z powod\u00f3w odmowy by\u0142 jego ameryka\u0144ski akcent, kt\u00f3ry \u2013 jak sam \u017cartowa\u0142 \u2013 nie pasowa\u0142 do brytyjskiego szpiega. Jednak to nie wszystko. Van Dyke obawia\u0142 si\u0119 tak\u017ce reakcji fan\u00f3w, kt\u00f3rzy kojarzyli go g\u0142\u00f3wnie z ciep\u0142ymi, familijnymi produkcjami. Ba\u0142 si\u0119, \u017ce publiczno\u015b\u0107 nie zaakceptuje go w zupe\u0142nie nowej, szpiegowskiej ods\u0142onie.<\/p>\n<p><a href=\"https:\/\/www.rmf.fm\/magazyn\/news,81021,to-on-przejmie-licencje-na-zabijanie-wielki-powrot-bonda-coraz-blizej.html\" rel=\"nofollow noopener\" target=\"_blank\"><img decoding=\"async\" src=\"https:\/\/www.europesays.com\/pl\/wp-content\/uploads\/2025\/11\/f85695bb2f32fa0a3141d1022bb0c48a.jpg\" width=\"290\"\/><\/a><a href=\"https:\/\/www.rmf.fm\/magazyn\/news,81021,to-on-przejmie-licencje-na-zabijanie-wielki-powrot-bonda-coraz-blizej.html\" rel=\"nofollow noopener\" target=\"_blank\">To on przejmie licencj\u0119 na zabijanie? Wielki powr\u00f3t Bonda coraz bli\u017cej!<\/a><\/p>\n<p>James Bond zn\u00f3w rozgrzewa emocje kinoman\u00f3w! Po odej\u015bciu Daniela Craiga trwaj\u0105 spekulacje, kto wcieli si\u0119 w kultowego agenta 007. W\u015br\u00f3d kandydat\u00f3w wymienia si\u0119 Reg\u00e9-Jean Page\u2019a, gwiazd\u0119 \u201eBridgerton\u00f3w\u201d. Czy to on zostanie&#8230;<\/p>\n<p>\n&#13;<br \/>\n\tDecyzja, kt\u00f3rej \u017ca\u0142uje po latach<\/p>\n<p>&#13;<br \/>\n\tCho\u0107 w tamtym czasie wydawa\u0142o si\u0119 to rozs\u0105dne, dzi\u015b aktor nie ukrywa \u017calu. Przyznaje, \u017ce rola Bonda mog\u0142a by\u0107 prze\u0142omem w jego karierze i otworzy\u0107 przed nim zupe\u0142nie nowe mo\u017cliwo\u015bci.\u00a0 Dick Van Dyke ju\u017c 13 grudnia sko\u0144czy sto lat. Z tej okazji ukaza\u0142a si\u0119 jego ksi\u0105\u017cka \u201e100 Rules for Living to 100: An Optimist\u2019s Guide to a Happy Life\u201d, w kt\u00f3rej dzieli si\u0119 swoimi sposobami na d\u0142ugowieczno\u015b\u0107 i rado\u015b\u0107 \u017cycia. W grudniu do ameryka\u0144skich kin trafi tak\u017ce dokument \u201eDick Van Dyke: 100th Celebration\u201d, nad kt\u00f3rym re\u017cyser Steve Boettcher pracowa\u0142 przez trzy dekady.<\/p>\n<p><a href=\"https:\/\/www.rmf.fm\/magazyn\/news,81192,to-ona-bedzie-nowa-dziewczyna-bonda-gwiazda-bialego-lotosu-na-celowniku-tworcow.html\" rel=\"nofollow noopener\" target=\"_blank\"><img decoding=\"async\" src=\"https:\/\/www.europesays.com\/pl\/wp-content\/uploads\/2025\/11\/573651c6bcac057d44ebdaeeeeae9fc1.jpg\" width=\"290\"\/><\/a><a href=\"https:\/\/www.rmf.fm\/magazyn\/news,81192,to-ona-bedzie-nowa-dziewczyna-bonda-gwiazda-bialego-lotosu-na-celowniku-tworcow.html\" rel=\"nofollow noopener\" target=\"_blank\">To ona b\u0119dzie now\u0105 dziewczyn\u0105 Bonda? Gwiazda \u201eBia\u0142ego Lotosu\u201d na celowniku tw\u00f3rc\u00f3w<\/a><\/p>\n<p>Odk\u0105d w 2021 roku Daniel Craig zako\u0144czy\u0142 swoj\u0105 przygod\u0119 z seri\u0105 film\u00f3w o agencie 007, nie cichn\u0105 spekulacje na temat tego, kto przejmie po nim pa\u0142eczk\u0119. W\u015br\u00f3d kandydat\u00f3w na najpopularniejszego brytyjskiego szpiega znalaz\u0142o si\u0119 wiele&#8230;<\/p>\n<p>&#13;<br \/>\n\t\u0179r\u00f3d\u0142o: PAP Life<\/p>\n","protected":false},"excerpt":{"rendered":"Dick Van Dyke, legenda ameryka\u0144skiego kina, m\u00f3g\u0142 zosta\u0107 jednym z najbardziej rozpoznawalnych agent\u00f3w 007 w historii. Dzi\u015b, tu\u017c&hellip;\n","protected":false},"author":2,"featured_media":115079,"comment_status":"","ping_status":"","sticky":false,"template":"","format":"standard","meta":{"footnotes":""},"categories":[22],"tags":[25009,25007,122,5745,42,38,40,39,41,25008,123],"class_list":{"0":"post-115078","1":"post","2":"type-post","3":"status-publish","4":"format-standard","5":"has-post-thumbnail","7":"category-rozrywka","8":"tag-25009","9":"tag-dick-van-dyke","10":"tag-entertainment","11":"tag-james-bond","12":"tag-pl","13":"tag-poland","14":"tag-polish","15":"tag-polska","16":"tag-polski","17":"tag-rola-jamesa-bonda","18":"tag-rozrywka"},"share_on_mastodon":{"url":"https:\/\/pubeurope.com\/@pl\/115601057025692426","error":""},"_links":{"self":[{"href":"https:\/\/www.europesays.com\/pl\/wp-json\/wp\/v2\/posts\/115078","targetHints":{"allow":["GET"]}}],"collection":[{"href":"https:\/\/www.europesays.com\/pl\/wp-json\/wp\/v2\/posts"}],"about":[{"href":"https:\/\/www.europesays.com\/pl\/wp-json\/wp\/v2\/types\/post"}],"author":[{"embeddable":true,"href":"https:\/\/www.europesays.com\/pl\/wp-json\/wp\/v2\/users\/2"}],"replies":[{"embeddable":true,"href":"https:\/\/www.europesays.com\/pl\/wp-json\/wp\/v2\/comments?post=115078"}],"version-history":[{"count":0,"href":"https:\/\/www.europesays.com\/pl\/wp-json\/wp\/v2\/posts\/115078\/revisions"}],"wp:featuredmedia":[{"embeddable":true,"href":"https:\/\/www.europesays.com\/pl\/wp-json\/wp\/v2\/media\/115079"}],"wp:attachment":[{"href":"https:\/\/www.europesays.com\/pl\/wp-json\/wp\/v2\/media?parent=115078"}],"wp:term":[{"taxonomy":"category","embeddable":true,"href":"https:\/\/www.europesays.com\/pl\/wp-json\/wp\/v2\/categories?post=115078"},{"taxonomy":"post_tag","embeddable":true,"href":"https:\/\/www.europesays.com\/pl\/wp-json\/wp\/v2\/tags?post=115078"}],"curies":[{"name":"wp","href":"https:\/\/api.w.org\/{rel}","templated":true}]}}