{"id":115312,"date":"2025-11-24T04:49:13","date_gmt":"2025-11-24T04:49:13","guid":{"rendered":"https:\/\/www.europesays.com\/pl\/115312\/"},"modified":"2025-11-24T04:49:13","modified_gmt":"2025-11-24T04:49:13","slug":"na-mundial-do-usa-nie-pojada-to-efekt-decyzji-trumpa","status":"publish","type":"post","link":"https:\/\/www.europesays.com\/pl\/115312\/","title":{"rendered":"Na mundial do USA nie pojad\u0105. To efekt decyzji Trumpa"},"content":{"rendered":"\n<p class=\"contentpart contentpart--default contentpart--text\" data-position=\"0\"><a href=\"https:\/\/sportowefakty.wp.pl\/pilka-nozna\/reprezentacja-haiti\" rel=\"nofollow noopener\" target=\"_blank\">Reprezentacja Haiti<\/a>\u00a0po raz pierwszy od 1974 roku zakwalifikowa\u0142a si\u0119 na mistrzostwa \u015bwiata. Fani z tego kraju napotykaj\u0105 jednak na powa\u017cn\u0105 przeszkod\u0119. Jak podaje politico.com, zgodnie z decyzjami administracji <a href=\"https:\/\/sportowefakty.wp.pl\/inne\/donald-trump\" rel=\"nofollow noopener\" target=\"_blank\">Donalda Trumpa<\/a>, nie otrzymaj\u0105 wiz, by wjecha\u0107 do Stan\u00f3w Zjednoczonych na mecze. W podobnej sytuacji znajduj\u0105 si\u0119 sympatycy <a href=\"https:\/\/sportowefakty.wp.pl\/pilka-nozna\/iran\" rel=\"nofollow noopener\" target=\"_blank\">reprezentacji Iranu<\/a>.<\/p>\n<p class=\"contentpart contentpart--default contentpart--text\" data-position=\"1\">Zakaz podr\u00f3\u017cy, podpisany w czerwcu przez Trumpa, obejmuje 19 kraj\u00f3w, w tym Haiti. Wyj\u0105tki przewidziano jedynie dla zawodnik\u00f3w, ich rodzin oraz personelu. Tymczasem fani Haiti, podobnie jak Iranu, kt\u00f3rzy r\u00f3wnie\u017c trafili do tej samej grupy regulacji, zostali wy\u0142\u0105czeni z tych ulg.<\/p>\n<p> <img role=\"presentation\" src=\"https:\/\/std.wpcdn.pl\/images\/adv\/placeholder_wp.svg\" loading=\"lazy\" alt=\"\" decoding=\"async\"\/>  <\/p>\n<p class=\"contentpart contentpart--default contentpart--text\" data-position=\"2\">ZOBACZ WIDEO: #dziejesiewsporcie: Hukn\u0105\u0142 nie do obrony. Asysta pi\u0119t\u0105 skrad\u0142a show<\/p>\n<p class=\"contentpart contentpart--default contentpart--text\" data-position=\"4\">Mundial, organizowany przez USA wsp\u00f3lnie z Kanad\u0105 i Meksykiem, tradycyjnie u\u0142atwia zdobycie wiz kibicom. Jednak podej\u015bcie Amerykan\u00f3w mo\u017ce wywo\u0142a\u0107 oburzenie w spo\u0142eczno\u015bci pi\u0142karskiej, kt\u00f3ra ceni r\u00f3\u017cnorodno\u015b\u0107 i globalny charakter turnieju.<\/p>\n<p class=\"contentpart contentpart--default contentpart--text\" data-position=\"5\">Pomimo trudnej sytuacji politycznej w Haiti oraz problem\u00f3w zwi\u0105zanych z przekroczeniem termin\u00f3w wizowych z kilku innych kraj\u00f3w, istnieje mo\u017cliwo\u015b\u0107 z\u0142o\u017cenia wniosk\u00f3w wizowych. Jednak, jak podkre\u015bla Departament Stanu, przyznanie wiz b\u0119dzie rzadkim przypadkiem.<\/p>\n<p class=\"contentpart contentpart--default contentpart--text\" data-position=\"6\">Planowanie podr\u00f3\u017cy przez kibic\u00f3w z Haiti i Iranu mo\u017ce rozpocz\u0105\u0107 si\u0119 po ustaleniu terminarza <a href=\"https:\/\/sportowefakty.wp.pl\/pilka-nozna\/mistrzostwa-swiata-2026\" rel=\"nofollow noopener\" target=\"_blank\">mistrzostw \u015bwiata 2026<\/a>, co nast\u0105pi na pocz\u0105tku grudnia. Polityka prowadzona przez USA w tej sprawie budzi wiele kontrowersji.<\/p>\n","protected":false},"excerpt":{"rendered":"Reprezentacja Haiti\u00a0po raz pierwszy od 1974 roku zakwalifikowa\u0142a si\u0119 na mistrzostwa \u015bwiata. Fani z tego kraju napotykaj\u0105 jednak&hellip;\n","protected":false},"author":2,"featured_media":115313,"comment_status":"","ping_status":"","sticky":false,"template":"","format":"standard","meta":{"footnotes":""},"categories":[24],"tags":[1835,3037,9090,269,42,38,40,39,41,25072,25071,127,126,71],"class_list":{"0":"post-115312","1":"post","2":"type-post","3":"status-publish","4":"format-standard","5":"has-post-thumbnail","7":"category-sport","8":"tag-donald-trump","9":"tag-mistrzostwa-swiata","10":"tag-mistrzostwa-swiata-2026","11":"tag-pilka-nozna","12":"tag-pl","13":"tag-poland","14":"tag-polish","15":"tag-polska","16":"tag-polski","17":"tag-reprezentacja-haiti","18":"tag-reprezentacja-iranu","19":"tag-sport","20":"tag-sports","21":"tag-usa"},"share_on_mastodon":{"url":"https:\/\/pubeurope.com\/@pl\/115602873853283693","error":""},"_links":{"self":[{"href":"https:\/\/www.europesays.com\/pl\/wp-json\/wp\/v2\/posts\/115312","targetHints":{"allow":["GET"]}}],"collection":[{"href":"https:\/\/www.europesays.com\/pl\/wp-json\/wp\/v2\/posts"}],"about":[{"href":"https:\/\/www.europesays.com\/pl\/wp-json\/wp\/v2\/types\/post"}],"author":[{"embeddable":true,"href":"https:\/\/www.europesays.com\/pl\/wp-json\/wp\/v2\/users\/2"}],"replies":[{"embeddable":true,"href":"https:\/\/www.europesays.com\/pl\/wp-json\/wp\/v2\/comments?post=115312"}],"version-history":[{"count":0,"href":"https:\/\/www.europesays.com\/pl\/wp-json\/wp\/v2\/posts\/115312\/revisions"}],"wp:featuredmedia":[{"embeddable":true,"href":"https:\/\/www.europesays.com\/pl\/wp-json\/wp\/v2\/media\/115313"}],"wp:attachment":[{"href":"https:\/\/www.europesays.com\/pl\/wp-json\/wp\/v2\/media?parent=115312"}],"wp:term":[{"taxonomy":"category","embeddable":true,"href":"https:\/\/www.europesays.com\/pl\/wp-json\/wp\/v2\/categories?post=115312"},{"taxonomy":"post_tag","embeddable":true,"href":"https:\/\/www.europesays.com\/pl\/wp-json\/wp\/v2\/tags?post=115312"}],"curies":[{"name":"wp","href":"https:\/\/api.w.org\/{rel}","templated":true}]}}