{"id":115320,"date":"2025-11-24T05:04:14","date_gmt":"2025-11-24T05:04:14","guid":{"rendered":"https:\/\/www.europesays.com\/pl\/115320\/"},"modified":"2025-11-24T05:04:14","modified_gmt":"2025-11-24T05:04:14","slug":"real-gubi-punkty-dobre-wiesci-dla-barcelony-zobacz-tabele","status":"publish","type":"post","link":"https:\/\/www.europesays.com\/pl\/115320\/","title":{"rendered":"Real gubi punkty, dobre wie\u015bci dla Barcelony. Zobacz tabel\u0119"},"content":{"rendered":"\n<p class=\"contentpart contentpart--default contentpart--text\" data-position=\"0\">Wicemistrzowie Hiszpanii musieli przynajmniej zremisowa\u0107 z Elche, by odzyska\u0107 pozycj\u0119 lidera <a href=\"https:\/\/sportowefakty.wp.pl\/pilka-nozna\/la-liga\" rel=\"nofollow noopener\" target=\"_blank\">La Ligi<\/a>. <a href=\"https:\/\/sportowefakty.wp.pl\/pilka-nozna\/real-madryt\" rel=\"nofollow noopener\" target=\"_blank\">Real Madryt<\/a>\u00a0podzieli\u0142 si\u0119 punktami z beniaminkiem trwaj\u0105cych rozgrywek.<\/p>\n<p class=\"contentpart contentpart--default contentpart--text\" data-position=\"1\">W pierwszej po\u0142owie tego meczu bramki nie pad\u0142y, a rywale nie odstawali od zespo\u0142u prowadzonego przez Xabiego Alonso. W 53. minucie kibice gospodarze byli w euforii, poniewa\u017c na list\u0119 strzelc\u00f3w wpisa\u0142 si\u0119\u00a0Aleix Febas.<\/p>\n<p> <img role=\"presentation\" src=\"https:\/\/std.wpcdn.pl\/images\/adv\/placeholder_wp.svg\" loading=\"lazy\" alt=\"\" decoding=\"async\"\/>  <\/p>\n<p class=\"contentpart contentpart--default contentpart--text\" data-position=\"2\">ZOBACZ WIDEO: #dziejesiewsporcie: By\u0142a 10. sekunda meczu. Niebywa\u0142e, co zrobi\u0142 bramkarz<\/p>\n<p class=\"contentpart contentpart--default contentpart--text\" data-position=\"4\">W 78. minucie rywalizacji bramk\u0119 wyr\u00f3wnuj\u0105c\u0105 zdoby\u0142 Dean Huijsen, kt\u00f3ry z bliska umie\u015bci\u0142 pi\u0142k\u0119 w siatce. Kilka minut p\u00f3\u017aniej dru\u017cyna Elche zada\u0142a kolejny cios po strzale Alvaro Rodrigueza, a wynik starcia na 2:2 ustali\u0142 Jude Bellingham.<\/p>\n<p class=\"contentpart contentpart--default contentpart--text\" data-position=\"5\">Dzie\u0144 wcze\u015bniej swoje spotkanie bardzo pewnie wygra\u0142a <a href=\"https:\/\/sportowefakty.wp.pl\/pilka-nozna\/fc-barcelona\" rel=\"nofollow noopener\" target=\"_blank\">FC Barcelona<\/a>. Mistrzowie Hiszpanii pokonali Athletic Bilbao 4:0 i wywarli presj\u0119 na swojego najwi\u0119kszego przeciwnika w walce o mistrzowski tytu\u0142.<\/p>\n<p class=\"contentpart contentpart--default contentpart--text\" data-position=\"6\">&#8222;Duma Katalonii&#8221; zr\u00f3wna\u0142a si\u0119 w sobot\u0119 punktami z Realem. Oba zespo\u0142y mia\u0142y przed meczem &#8222;Los Blancos&#8221; po 31 punkt\u00f3w. &#8222;Kr\u00f3lewscy&#8221; w niedziel\u0119 odzyskali pozycj\u0119 lidera i maj\u0105 &#8222;oczko&#8221; przewagi nad zespo\u0142em prowadzonym przez Hansiego Flicka.<\/p>\n<p> <img role=\"presentation\" src=\"https:\/\/std.wpcdn.pl\/images\/adv\/placeholder_wp.svg\" loading=\"lazy\" alt=\"\" decoding=\"async\"\/>  <\/p>\n<p class=\"contentpart contentpart--default contentpart--text\" data-position=\"7\">3. miejsce zajmuje Villarreal (29 pkt), a na 4. pozycji sklasyfikowane jest Atletico Madryt (28 pkt).<\/p>\n","protected":false},"excerpt":{"rendered":"Wicemistrzowie Hiszpanii musieli przynajmniej zremisowa\u0107 z Elche, by odzyska\u0107 pozycj\u0119 lidera La Ligi. Real Madryt\u00a0podzieli\u0142 si\u0119 punktami z&hellip;\n","protected":false},"author":2,"featured_media":115321,"comment_status":"","ping_status":"","sticky":false,"template":"","format":"standard","meta":{"footnotes":""},"categories":[5],"tags":[1157,32,33,272,36,37,27,267,538,34,35,694,28,31,25,269,540,278,42,38,40,39,41,692,17424,4680,29,30,26],"class_list":{"0":"post-115320","1":"post","2":"type-post","3":"status-publish","4":"format-standard","5":"has-post-thumbnail","7":"category-naglowki","8":"tag-barcelona","9":"tag-breaking-news","10":"tag-breakingnews","11":"tag-fc-barcelona","12":"tag-featured-news","13":"tag-featurednews","14":"tag-headlines","15":"tag-hiszpania","16":"tag-la-liga","17":"tag-latest-news","18":"tag-latestnews","19":"tag-madryt","20":"tag-naglowki","21":"tag-najwazniejsze-artykuly","22":"tag-news","23":"tag-pilka-nozna","24":"tag-pilka-nozna-w-hiszpanii","25":"tag-pilka-w-europie","26":"tag-pl","27":"tag-poland","28":"tag-polish","29":"tag-polska","30":"tag-polski","31":"tag-real-madryt","32":"tag-santiago-bernabeu-w-madrycie","33":"tag-spotify-camp-nou-w-barcelonie","34":"tag-top-stories","35":"tag-topstories","36":"tag-wiadomosci"},"share_on_mastodon":{"url":"https:\/\/pubeurope.com\/@pl\/115602932885304991","error":""},"_links":{"self":[{"href":"https:\/\/www.europesays.com\/pl\/wp-json\/wp\/v2\/posts\/115320","targetHints":{"allow":["GET"]}}],"collection":[{"href":"https:\/\/www.europesays.com\/pl\/wp-json\/wp\/v2\/posts"}],"about":[{"href":"https:\/\/www.europesays.com\/pl\/wp-json\/wp\/v2\/types\/post"}],"author":[{"embeddable":true,"href":"https:\/\/www.europesays.com\/pl\/wp-json\/wp\/v2\/users\/2"}],"replies":[{"embeddable":true,"href":"https:\/\/www.europesays.com\/pl\/wp-json\/wp\/v2\/comments?post=115320"}],"version-history":[{"count":0,"href":"https:\/\/www.europesays.com\/pl\/wp-json\/wp\/v2\/posts\/115320\/revisions"}],"wp:featuredmedia":[{"embeddable":true,"href":"https:\/\/www.europesays.com\/pl\/wp-json\/wp\/v2\/media\/115321"}],"wp:attachment":[{"href":"https:\/\/www.europesays.com\/pl\/wp-json\/wp\/v2\/media?parent=115320"}],"wp:term":[{"taxonomy":"category","embeddable":true,"href":"https:\/\/www.europesays.com\/pl\/wp-json\/wp\/v2\/categories?post=115320"},{"taxonomy":"post_tag","embeddable":true,"href":"https:\/\/www.europesays.com\/pl\/wp-json\/wp\/v2\/tags?post=115320"}],"curies":[{"name":"wp","href":"https:\/\/api.w.org\/{rel}","templated":true}]}}