{"id":115325,"date":"2025-11-24T05:17:28","date_gmt":"2025-11-24T05:17:28","guid":{"rendered":"https:\/\/www.europesays.com\/pl\/115325\/"},"modified":"2025-11-24T05:17:28","modified_gmt":"2025-11-24T05:17:28","slug":"zdaniem-prokurator-w-celi-lukasza-zaka-odnaleziono-telefony-a-takze-grypsy-w-ktorych-prosil-o-przekazanie","status":"publish","type":"post","link":"https:\/\/www.europesays.com\/pl\/115325\/","title":{"rendered":"Zdaniem prokurator w\u00a0celi \u0141ukasza \u017baka odnaleziono telefony, a\u00a0tak\u017ce grypsy, w\u00a0kt\u00f3rych prosi\u0142 o\u00a0przekazanie&#8230;"},"content":{"rendered":"<p class=\"Paragraph_desktopPostParagraph__6f0Vh\">Zdaniem prokurator w celi \u0141ukasza \u017baka odnaleziono telefony, a tak\u017ce grypsy, w kt\u00f3rych prosi\u0142 o przekazanie do aresztu substancji niedozwolonych, w tym narkotyk\u00f3w. \u2014 Chcia\u0142bym, \u017ceby ta pani mnie przeprosi\u0142a, bo k\u0142amie \u2014 odpar\u0142 na to \u017bak. \u2014 Nie by\u0142o mowy o \u017cadnych telefonach, nie zabezpieczyli ani jednego smsa, ani jednego po\u0142\u0105czenia karty SIM. Nie mo\u017ce pani powiedzie\u0107, \u017ce ja si\u0119 z kim\u015b kontaktowa\u0142em. Mo\u017ce jedynie powiedzie\u0107, \u017ce podj\u0105\u0142em tak\u0105 pr\u00f3b\u0119 \u2014 doda\u0142.<\/p>\n","protected":false},"excerpt":{"rendered":"Zdaniem prokurator w celi \u0141ukasza \u017baka odnaleziono telefony, a tak\u017ce grypsy, w kt\u00f3rych prosi\u0142 o przekazanie do aresztu&hellip;\n","protected":false},"author":2,"featured_media":115326,"comment_status":"","ping_status":"","sticky":false,"template":"","format":"standard","meta":{"footnotes":"","_share_on_mastodon":"0"},"categories":[12],"tags":[32,33,3780,36,37,27,34,35,28,31,53,25,52,68,51,55,42,38,40,39,41,47,29,30,50,26],"class_list":["post-115325","post","type-post","status-publish","format-standard","has-post-thumbnail","category-polska","tag-breaking-news","tag-breakingnews","tag-fakt","tag-featured-news","tag-featurednews","tag-headlines","tag-latest-news","tag-latestnews","tag-naglowki","tag-najwazniejsze-artykuly","tag-new_header","tag-news","tag-onet3","tag-onet3d","tag-onet3d_2i","tag-phx","tag-pl","tag-poland","tag-polish","tag-polska","tag-polski","tag-screening_general","tag-top-stories","tag-topstories","tag-v2021","tag-wiadomosci"],"share_on_mastodon":{"url":"https:\/\/pubeurope.com\/@pl\/115602983895769392","error":""},"_links":{"self":[{"href":"https:\/\/www.europesays.com\/pl\/wp-json\/wp\/v2\/posts\/115325","targetHints":{"allow":["GET"]}}],"collection":[{"href":"https:\/\/www.europesays.com\/pl\/wp-json\/wp\/v2\/posts"}],"about":[{"href":"https:\/\/www.europesays.com\/pl\/wp-json\/wp\/v2\/types\/post"}],"author":[{"embeddable":true,"href":"https:\/\/www.europesays.com\/pl\/wp-json\/wp\/v2\/users\/2"}],"replies":[{"embeddable":true,"href":"https:\/\/www.europesays.com\/pl\/wp-json\/wp\/v2\/comments?post=115325"}],"version-history":[{"count":0,"href":"https:\/\/www.europesays.com\/pl\/wp-json\/wp\/v2\/posts\/115325\/revisions"}],"wp:featuredmedia":[{"embeddable":true,"href":"https:\/\/www.europesays.com\/pl\/wp-json\/wp\/v2\/media\/115326"}],"wp:attachment":[{"href":"https:\/\/www.europesays.com\/pl\/wp-json\/wp\/v2\/media?parent=115325"}],"wp:term":[{"taxonomy":"category","embeddable":true,"href":"https:\/\/www.europesays.com\/pl\/wp-json\/wp\/v2\/categories?post=115325"},{"taxonomy":"post_tag","embeddable":true,"href":"https:\/\/www.europesays.com\/pl\/wp-json\/wp\/v2\/tags?post=115325"}],"curies":[{"name":"wp","href":"https:\/\/api.w.org\/{rel}","templated":true}]}}