{"id":115410,"date":"2025-11-24T06:49:18","date_gmt":"2025-11-24T06:49:18","guid":{"rendered":"https:\/\/www.europesays.com\/pl\/115410\/"},"modified":"2025-11-24T06:49:18","modified_gmt":"2025-11-24T06:49:18","slug":"autyzm-to-zatrucie-mozgu-czyli-prof-cichosz-bryluje-w-sejmie-oko-press","status":"publish","type":"post","link":"https:\/\/www.europesays.com\/pl\/115410\/","title":{"rendered":"\u201eAutyzm to zatrucie m\u00f3zgu\u201d \u2013 czyli prof. Cichosz bryluje w Sejmie &#8211; OKO.press"},"content":{"rendered":"<ol>\n<li><a href=\"https:\/\/news.google.com\/rss\/articles\/CBMihAFBVV95cUxNdm5Hblgxb2RMVW10WXJYUEFOOTljVi1yNlYzZFZLVjNtaWZPYXZFdk0yNGRfeXpxTklQWlJQa0RRaFZBRXBMV1FoRjFDMXh0UmxXdndPc3J1WnFoUmphT3EzMzdjUmZCT1h5U1FZYnhMRVM1NmlMUzZucGRwbTBTRU5scWk?oc=5\" target=\"_blank\" rel=\"nofollow noopener\">\u201eAutyzm to zatrucie m\u00f3zgu\u201d \u2013 czyli prof. Cichosz bryluje w Sejmie<\/a>&nbsp;&nbsp;OKO.press<\/li>\n<li><a href=\"https:\/\/news.google.com\/rss\/articles\/CBMiowFBVV95cUxQalVDanJFQlZkc2xkT3FIVXRZaEp6d2JDNW9CT3g2a1Z2OVNIcnZ3c1JKdGp4Y3dyWklfY2Y0YmVYUlZROENBU3JyMnZqUzFhc1pJQklfeTkyd0xsd0wzdnFoQXFzc0Rsak5XNUM3UW5BbGJ6TTVXVm1kSTVwS3QyQzNpU1BVaUN3Q051X3RaNHR1TlZYRWJWZVhTazc0bEo4UGFN?oc=5\" target=\"_blank\" rel=\"nofollow noopener\">&#8222;To pewnego rodzaju wojna&#8221;. Sabat szarlatan\u00f3w w budynku Sejmu<\/a>&nbsp;&nbsp;WP Wiadomo\u015bci<\/li>\n<li><a href=\"https:\/\/news.google.com\/rss\/articles\/CBMiugFBVV95cUxNZlhHWTdCbFV2MXhuVEZMdFJPcnBNd0xBOXgtRFIwS3FJaUMzeFNualpBYVJnWmRLS3ZBLURsRkF5d284X2M5NVBRMFRkNjdrdDVCdzhrYTVaY25yT3V5VlhqcWlRa2lSZGxVVHpLQmRRUkdMOE5mSDJDei1YWFMxendnSnZIclRGWlRkU3o3WlVBUHZneU5ZUm9BbWlWQldfaGhabUUwa3JWekYycmZBdklpRFI1MW04SlE?oc=5\" target=\"_blank\" rel=\"nofollow noopener\">Granice wolno\u015bci s\u0142owa w internecie. Pytania o rozmowy Rymanowskiego<\/a>&nbsp;&nbsp;Rzeczpospolita<\/li>\n<li><a href=\"https:\/\/news.google.com\/rss\/articles\/CBMingFBVV95cUxNV0NvR3VHN2F0eE5tWFBLX2VmUXJFVUZqZHNJOVlCa3ZBN05seVh5eXlsTmI0WVRqS0g1aXJLcm96Z0pEek9Ueko4VlV1Rm43cE1WX09WQUxUXzVCZW1tRDNKYTN5cWNGOWdieTl3U1MzRmtFSjl1MXdwUlpseHEtcW1Ld3Q5aWFJZ1k4c0tYa3hEZnY5S2xRSE9pQWxVdw?oc=5\" target=\"_blank\" rel=\"nofollow noopener\">Prof. Cichosz pod lup\u0105. Czy olej rzepakowy nadaje si\u0119 do sma\u017cenia?<\/a>&nbsp;&nbsp;Demagog<\/li>\n<li><a href=\"https:\/\/news.google.com\/rss\/articles\/CBMingFBVV95cUxOdVJlbEI0ZHJCT1FxTWRyZVhtTEtWWmgtMXV5SUZhWXBCNTFvaUdYQ2lCQmRRWXkzd05ZNlNYek11bDFmeHBaMUN6blhJX2M5bE1abTNhR3pJbWd2T2N0NDRxVHo5SUtyT3EwV1RuVlZCQW12QTYwZGQ2U2dFQUFROUpWclN5amZ3M2Izb3hxbEVYU2s5VllHdUMycjZOZ9IBmAFBVV95cUxOSUtPYTluc0dhWlloSi1oZEZTM3FyQUxMdG5ScmRFdVBiZnNZbzIwOEkwbjlQbnlhTUlmUDdjWERXazczWVowSGF0a253UFdQSXdwT0lHZ0JaMFgxNk5OcFhQZjNQWXpGeDdXMGJtVHNIMmh3ZjZCc3Y3azBPUzJHdzdvcUw3dUZlampLcktDaGNuTHpQN1Z6cg?oc=5\" target=\"_blank\" rel=\"nofollow noopener\">Referat prof. Cichosz w Sejmie: Rynek \u017cywienia zalewany GMO<\/a>&nbsp;&nbsp;Do Rzeczy<\/li>\n<\/ol>\n","protected":false},"excerpt":{"rendered":"\u201eAutyzm to zatrucie m\u00f3zgu\u201d \u2013 czyli prof. Cichosz bryluje w Sejmie&nbsp;&nbsp;OKO.press &#8222;To pewnego rodzaju wojna&#8221;. Sabat szarlatan\u00f3w w&hellip;\n","protected":false},"author":2,"featured_media":115411,"comment_status":"","ping_status":"","sticky":false,"template":"","format":"standard","meta":{"footnotes":""},"categories":[5],"tags":[32,33,36,37,27,34,35,28,31,25,42,38,40,39,41,29,30,26],"class_list":{"0":"post-115410","1":"post","2":"type-post","3":"status-publish","4":"format-standard","5":"has-post-thumbnail","7":"category-naglowki","8":"tag-breaking-news","9":"tag-breakingnews","10":"tag-featured-news","11":"tag-featurednews","12":"tag-headlines","13":"tag-latest-news","14":"tag-latestnews","15":"tag-naglowki","16":"tag-najwazniejsze-artykuly","17":"tag-news","18":"tag-pl","19":"tag-poland","20":"tag-polish","21":"tag-polska","22":"tag-polski","23":"tag-top-stories","24":"tag-topstories","25":"tag-wiadomosci"},"share_on_mastodon":{"url":"https:\/\/pubeurope.com\/@pl\/115603345621566314","error":""},"_links":{"self":[{"href":"https:\/\/www.europesays.com\/pl\/wp-json\/wp\/v2\/posts\/115410","targetHints":{"allow":["GET"]}}],"collection":[{"href":"https:\/\/www.europesays.com\/pl\/wp-json\/wp\/v2\/posts"}],"about":[{"href":"https:\/\/www.europesays.com\/pl\/wp-json\/wp\/v2\/types\/post"}],"author":[{"embeddable":true,"href":"https:\/\/www.europesays.com\/pl\/wp-json\/wp\/v2\/users\/2"}],"replies":[{"embeddable":true,"href":"https:\/\/www.europesays.com\/pl\/wp-json\/wp\/v2\/comments?post=115410"}],"version-history":[{"count":0,"href":"https:\/\/www.europesays.com\/pl\/wp-json\/wp\/v2\/posts\/115410\/revisions"}],"wp:featuredmedia":[{"embeddable":true,"href":"https:\/\/www.europesays.com\/pl\/wp-json\/wp\/v2\/media\/115411"}],"wp:attachment":[{"href":"https:\/\/www.europesays.com\/pl\/wp-json\/wp\/v2\/media?parent=115410"}],"wp:term":[{"taxonomy":"category","embeddable":true,"href":"https:\/\/www.europesays.com\/pl\/wp-json\/wp\/v2\/categories?post=115410"},{"taxonomy":"post_tag","embeddable":true,"href":"https:\/\/www.europesays.com\/pl\/wp-json\/wp\/v2\/tags?post=115410"}],"curies":[{"name":"wp","href":"https:\/\/api.w.org\/{rel}","templated":true}]}}