{"id":115420,"date":"2025-11-24T06:55:21","date_gmt":"2025-11-24T06:55:21","guid":{"rendered":"https:\/\/www.europesays.com\/pl\/115420\/"},"modified":"2025-11-24T06:55:21","modified_gmt":"2025-11-24T06:55:21","slug":"pis-chce-pieniedzy-dla-marty-nawrockiej-koszty-moga-wyniesc-800-tys-zl-rocznie-2","status":"publish","type":"post","link":"https:\/\/www.europesays.com\/pl\/115420\/","title":{"rendered":"PiS chce pieni\u0119dzy dla Marty Nawrockiej. Koszty mog\u0105 wynie\u015b\u0107 800 tys. z\u0142 rocznie"},"content":{"rendered":"<p class=\"ods-c-paragraph \"><a href=\"https:\/\/plejada.pl\/marta-nawrocka\" id=\"826199c0-d07c-491b-8c0a-b9192d6f19dc\" rel=\"nofollow noopener\" target=\"_blank\">Marta Nawrocka<\/a> zdecydowa\u0142a si\u0119 przej\u015b\u0107 na emerytur\u0119 mundurow\u0105 po 18 latach pracy w Krajowej Administracji Skarbowej. Zgodnie z dotychczasowymi przepisami, pa\u0144stwo za pe\u0142nienie roli pierwszej damy zapewnia jej jedynie sk\u0142adki na ubezpieczenie spo\u0142eczne, kt\u00f3re po zako\u0144czeniu prezydentury Karola Nawrockiego pozwol\u0105 na uzyskanie dodatku emerytalnego w wysoko\u015bci 400-500 z\u0142 brutto miesi\u0119cznie. W uzasadnieniu do projektu ustawy, pos\u0142owie PiS podkre\u015blili, \u017ce rola ma\u0142\u017conki prezydenta jest kluczowa dla funkcjonowania pa\u0144stwa, jednak dotychczas nie zosta\u0142a ona uregulowana prawnie.<\/p>\n<p>Dalszy ci\u0105g artyku\u0142u pod materia\u0142em wideo<\/p>\n<p> Jakie regulacje proponuje PiS dla pierwszej damy? <\/p>\n<p> Ile mo\u017ce kosztowa\u0107 funkcjonowanie nowej jednostki w Kancelarii Prezydenta? <\/p>\n<p> Jakie obowi\u0105zki ma pe\u0142ni\u0107 ma\u0142\u017conka prezydenta? <\/p>\n<p> Co przewiduje projekt ustawy dla prezydenta elekta? <\/p>\n<p>  Ogromne pieni\u0105dze na obs\u0142ug\u0119 Marty Nawrockiej. Koszty mog\u0105 si\u0119gn\u0105\u0107 800 tys. z\u0142<\/p>\n<p class=\"ods-c-paragraph \">Wed\u0142ug projektu ustawy o prezydencie elekcie Rzeczypospolitej Polskiej, w Kancelarii Prezydenta mia\u0142aby powsta\u0107 odr\u0119bna jednostka, kt\u00f3rej zadaniem b\u0119dzie wsparcie pierwszej damy w jej obowi\u0105zkach reprezentacyjnych i spo\u0142ecznych. Autorzy projektu zaznaczaj\u0105, \u017ce ma\u0142\u017conka prezydenta pe\u0142ni wa\u017cn\u0105 funkcj\u0119 wizerunkow\u0105, wspieraj\u0105c g\u0142ow\u0119 pa\u0144stwa w dzia\u0142aniach na rzecz kraju.<\/p>\n<p class=\"ods-c-paragraph \">&#8222;To rozwi\u0105zanie pozwala na efektywne wykonywanie nieformalnych obowi\u0105zk\u00f3w bez konieczno\u015bci tworzenia odr\u0119bnego, formalnego urz\u0119du. Ma\u0142\u017conek Prezydenta pe\u0142ni wa\u017cn\u0105, lecz nieformaln\u0105 funkcj\u0119 wizerunkow\u0105 i spo\u0142eczn\u0105, stanowi\u0105c wsparcie dla Prezydenta Rzeczypospolitej Polskiej w jego obowi\u0105zkach na rzecz kraju. Ma\u0142\u017conka Prezydenta sprowadza si\u0119 zar\u00f3wno do funkcji ceremonialnych i reprezentacyjnych, jak te\u017c spo\u0142ecznych, charytatywnych i kulturalnych. Dzia\u0142alno\u015b\u0107 ta wynika zar\u00f3wno z protoko\u0142u dyplomatycznego, rangi pozycji, jak te\u017c osobistej misji i woli godnego reprezentowania pa\u0144stwa w najwa\u017cniejszych sferach jego funkcjonowania&#8221; \u2014 czytamy w uzasadnieniu do projektu PiS, kt\u00f3re <a href=\"https:\/\/www.fakt.pl\/pieniadze\/wielkie-pieniadze-na-obsluge-marty-nawrockiej-pis-chce-zmian-w-przepisach\/yjd704c\" id=\"6b5f1508-270c-40a4-b7de-9013f53f4d44\" rel=\"nofollow noopener\" target=\"_blank\">opublikowa\u0142 &#8222;Fakt&#8221;<\/a>.<\/p>\n<p class=\"ods-c-paragraph \">Jak podaje portal, z oceny skutk\u00f3w regulacji wynika, \u017ce funkcjonowanie nowej kom\u00f3rki mo\u017ce kosztowa\u0107 nawet 800 tys. z\u0142 rocznie. W przysz\u0142ym roku na funkcjonowanie urz\u0119du prezydenta kancelaria zaplanowa\u0142a 325 mln z\u0142. To wi\u0119cej o prawie 10 proc. w por\u00f3wnaniu z tym rokiem. Tymczasem Sejmowa Komisja Finans\u00f3w Publicznych w\u0142a\u015bnie decydowa\u0142a o zmniejszeniu bud\u017cetu Kancelarii Prezydenta na przysz\u0142y rok o 13 mln z\u0142, przeznaczaj\u0105c zaoszcz\u0119dzone \u015brodki na dzia\u0142alno\u015b\u0107 s\u0142u\u017cb pa\u0144stwowych.<\/p>\n<p class=\"ods-c-paragraph \">Projekt ustawy przewiduje tak\u017ce zmiany dotycz\u0105ce prezydenta elekta. W Kancelarii Prezydenta mia\u0142aby powsta\u0107 tymczasowa kom\u00f3rka organizacyjna wspieraj\u0105ca nowo wybranego prezydenta w sprawach merytorycznych, organizacyjnych i prawnych. Prezydent elekt uzyska\u0142by prawo uczestniczenia w posiedzeniach Rady Gabinetowej oraz Rady Bezpiecze\u0144stwa Narodowego, a tak\u017ce dost\u0119p do informacji niejawnych kluczowych dla pa\u0144stwa. Do momentu zaprzysi\u0119\u017cenia m\u00f3g\u0142by korzysta\u0107 z ochrony S\u0142u\u017cby Ochrony Pa\u0144stwa oraz samochodu s\u0142u\u017cbowego.<\/p>\n<p class=\"ods-c-paragraph \">Decyzja w sprawie nowych regulacji dla pierwszej damy i prezydenta elekta nale\u017cy teraz do pos\u0142\u00f3w. Projekt ustawy trafi\u0142 do konsultacji.<\/p>\n<p><img decoding=\"async\" src=\"https:\/\/www.europesays.com\/pl\/wp-content\/uploads\/2025\/11\/kN_k9lBaHR0cHM6Ly9vY2RuLmV1L3B1bHNjbXMvTURBXy9lZjM2ZmI5OTdhMmM2Nzg1MWVlM2MzZTM0NDdiNTYzZS5qcGeRlQLNB.jpeg\" height=\"627\" width=\"940\" alt=\"Marta Nawrocka\" loading=\"lazy\" class=\"ods-c-image__img ods-c-image__img--viewport-width\"\/><\/p>\n<p>Marta NawrockaJacek Domi\u0144ski\/Reporter \/ East News<\/p>\n<p class=\"ods-c-paragraph \">Dzi\u0119kujemy, \u017ce przeczyta\u0142a\u015b\/e\u015b nasz artyku\u0142 do ko\u0144ca. W serwisie Plejada.pl ka\u017cdego dnia piszemy o najwa\u017cniejszych wydarzeniach show-biznesowych. B\u0105d\u017a na bie\u017c\u0105co! <a rel=\"nofollow noopener\" href=\"https:\/\/profile.google.com\/cp\/Cg0vZy8xMWJ6X19wdHBx\" id=\"96e90621-6dac-492d-b6e0-bbd05c3404b5\" target=\"_blank\">Obserwuj<\/a> Plejad\u0119 w Wiadomo\u015bciach Google. Odwied\u017a nas tak\u017ce na <a rel=\"nofollow noopener\" href=\"https:\/\/www.facebook.com\/plejadapl\" id=\"5ae92f7e-2de3-4d38-8ee5-63423df5f66c\" target=\"_blank\">Facebooku<\/a>, <a rel=\"nofollow noopener\" href=\"https:\/\/www.instagram.com\/plejadapl\/\" id=\"cf798479-fd78-46b7-81e3-f15e52574c31\" target=\"_blank\">Instagramie<\/a>, <a rel=\"nofollow noopener\" href=\"https:\/\/www.youtube.com\/c\/plejada\" id=\"fcc1c78a-1067-4470-a289-9c2947f4ac5e\" target=\"_blank\">YouTube<\/a> oraz <a rel=\"nofollow noopener\" href=\"https:\/\/www.tiktok.com\/@plejada_pl\" id=\"3e5b4fd1-5e50-4c0b-af55-a28b1c16909e\" target=\"_blank\">TikToku<\/a>.<\/p>\n<p class=\"ods-c-paragraph \">Chcesz podzieli\u0107 si\u0119 ciekawym newsem lub zaproponowa\u0107 temat? Skontaktuj si\u0119 z nami, pisz\u0105c e-maila na adres: <a rel=\"nofollow noopener\" href=\"https:\/\/plejada.pl\/newsy\/pis-chce-pieniedzy-dla-marty-nawrockiej-koszty-moga-wyniesc-800-tys-zl-rocznie\/mailto:plejada@redakcjaonet.pl\" id=\"a3f35538-a81a-45d8-bded-01bb7ac2eb1b\" target=\"_blank\">plejada@redakcjaonet.pl<\/a>.<\/p>\n<p><script async src=\"\/\/www.instagram.com\/embed.js\"><\/script><script async src=\"\/\/www.tiktok.com\/embed.js\"><\/script><\/p>\n","protected":false},"excerpt":{"rendered":"Marta Nawrocka zdecydowa\u0142a si\u0119 przej\u015b\u0107 na emerytur\u0119 mundurow\u0105 po 18 latach pracy w Krajowej Administracji Skarbowej. Zgodnie z&hellip;\n","protected":false},"author":2,"featured_media":115421,"comment_status":"","ping_status":"","sticky":false,"template":"","format":"standard","meta":{"footnotes":""},"categories":[12],"tags":[32,33,36,37,27,34,35,1661,28,31,48,25,125,46,42,38,40,39,41,47,423,29,30,6158,26],"class_list":{"0":"post-115420","1":"post","2":"type-post","3":"status-publish","4":"format-standard","5":"has-post-thumbnail","7":"category-polska","8":"tag-breaking-news","9":"tag-breakingnews","10":"tag-featured-news","11":"tag-featurednews","12":"tag-headlines","13":"tag-latest-news","14":"tag-latestnews","15":"tag-marta_nawrocka","16":"tag-naglowki","17":"tag-najwazniejsze-artykuly","18":"tag-nat_styl","19":"tag-news","20":"tag-newsy","21":"tag-omp","22":"tag-pl","23":"tag-poland","24":"tag-polish","25":"tag-polska","26":"tag-polski","27":"tag-screening_general","28":"tag-sejm","29":"tag-top-stories","30":"tag-topstories","31":"tag-ustawa","32":"tag-wiadomosci"},"share_on_mastodon":{"url":"https:\/\/pubeurope.com\/@pl\/115603369503637796","error":""},"_links":{"self":[{"href":"https:\/\/www.europesays.com\/pl\/wp-json\/wp\/v2\/posts\/115420","targetHints":{"allow":["GET"]}}],"collection":[{"href":"https:\/\/www.europesays.com\/pl\/wp-json\/wp\/v2\/posts"}],"about":[{"href":"https:\/\/www.europesays.com\/pl\/wp-json\/wp\/v2\/types\/post"}],"author":[{"embeddable":true,"href":"https:\/\/www.europesays.com\/pl\/wp-json\/wp\/v2\/users\/2"}],"replies":[{"embeddable":true,"href":"https:\/\/www.europesays.com\/pl\/wp-json\/wp\/v2\/comments?post=115420"}],"version-history":[{"count":0,"href":"https:\/\/www.europesays.com\/pl\/wp-json\/wp\/v2\/posts\/115420\/revisions"}],"wp:featuredmedia":[{"embeddable":true,"href":"https:\/\/www.europesays.com\/pl\/wp-json\/wp\/v2\/media\/115421"}],"wp:attachment":[{"href":"https:\/\/www.europesays.com\/pl\/wp-json\/wp\/v2\/media?parent=115420"}],"wp:term":[{"taxonomy":"category","embeddable":true,"href":"https:\/\/www.europesays.com\/pl\/wp-json\/wp\/v2\/categories?post=115420"},{"taxonomy":"post_tag","embeddable":true,"href":"https:\/\/www.europesays.com\/pl\/wp-json\/wp\/v2\/tags?post=115420"}],"curies":[{"name":"wp","href":"https:\/\/api.w.org\/{rel}","templated":true}]}}