{"id":115456,"date":"2025-11-24T07:16:08","date_gmt":"2025-11-24T07:16:08","guid":{"rendered":"https:\/\/www.europesays.com\/pl\/115456\/"},"modified":"2025-11-24T07:16:08","modified_gmt":"2025-11-24T07:16:08","slug":"najtragiczniejszy-weekend-od-dawna-psp-podala-nowe-dane-o-ofiarach-pozarow","status":"publish","type":"post","link":"https:\/\/www.europesays.com\/pl\/115456\/","title":{"rendered":"Najtragiczniejszy weekend od dawna. PSP poda\u0142a nowe dane o ofiarach po\u017car\u00f3w"},"content":{"rendered":"<p class=\"ods-c-paragraph \">Pa\u0144stwowa Stra\u017c Po\u017carna poinformowa\u0142a PAP, \u017ce &#8222;ostatni weekend by\u0142 jednym z najtragiczniejszych w obecnym sezonie grzewczym&#8221;. &#8222;W dniach 21\u2014 23 listopada 2025 r. stra\u017cacy odnotowali wiele po\u017car\u00f3w budynk\u00f3w mieszkalnych, w kt\u00f3rych \u015bmier\u0107 ponios\u0142o dziewi\u0119\u0107 os\u00f3b, a pi\u0119\u0107 zosta\u0142o rannych&#8221; \u2014 przekaza\u0142 zesp\u00f3\u0142 prasowy PSP.<\/p>\n<p> Jakie by\u0142y przyczyny po\u017car\u00f3w w ostatni weekend? <\/p>\n<p> Ile os\u00f3b zgin\u0119\u0142o w wyniku po\u017car\u00f3w od pi\u0105tku? <\/p>\n<p> Jakie s\u0105 nowe przepisy dotycz\u0105ce czujek dymu? <\/p>\n<p> Jakie dzia\u0142ania zaleca PSP w zwi\u0105zku z po\u017carami? <\/p>\n<p class=\"ods-c-paragraph \">Zgodnie ze statystykami, w pi\u0105tek w wyniku po\u017car\u00f3w zmar\u0142y dwie osoby, za\u015b w konsekwencji sobotnich po\u017car\u00f3w zmar\u0142y dwie osoby i trzy zosta\u0142y ranne. Najtragiczniejsza w skutkach by\u0142a jednak niedziela: w wyniku po\u017car\u00f3w zgin\u0119\u0142o pi\u0119\u0107 os\u00f3b i dwie zosta\u0142y ranne.<\/p>\n<p>   Ponad 3 tys. po\u017car\u00f3w, 578 interwencji w zwi\u0105zku z czadem. PSP ujawnia dane<\/p>\n<p class=\"ods-c-paragraph \">\u0141\u0105cznie od 1 pa\u017adziernika \u2014 jak przekaza\u0142a PSP \u2014 odnotowano 3645 po\u017car\u00f3w w budynkach mieszkalnych, w wyniku kt\u00f3rych zgin\u0119\u0142o 61 os\u00f3b a 284 zosta\u0142o ranne. W okresie tym stra\u017cacy interweniowali 578 razy przy emisji tlenku w\u0119gla; odnotowano tak\u017ce ponad tysi\u0105c przypadk\u00f3w zapalenia si\u0119 sadzy w kominach.<\/p>\n<p class=\"ods-c-paragraph \">PSP przypomina, \u017ce w zwi\u0105zku z nowymi przepisami, we wszystkich nowych domach i mieszkaniach obowi\u0105zkowe jest instalowanie czujek dymu i czadu. Zalecenie obowi\u0105zuje w odniesieniu do wszystkich budynk\u00f3w mieszkalnych do 1 stycznia 2030 r., natomiast od 30 czerwca 2026 r. b\u0119dzie dotyczy\u0142o r\u00f3wnie\u017c obiekt\u00f3w noclegowych, hoteli i pensjonat\u00f3w.<\/p>\n<p>   Rzecznik PSP apeluje. &#8222;Inwestycja, kt\u00f3ra ratuje \u017cycie&#8221;   <\/p>\n<p class=\"ods-c-paragraph \">Rzecznik prasowy Pa\u0144stwowej Stra\u017cy Po\u017carnej st. bryg. Karol Kierzkowski zaapelowa\u0142 o zainstalowanie w domach czujek dymu i tlenku w\u0119gla. &#8222;W ten jeden weekend \u017cycie straci\u0142o dziewi\u0119\u0107 os\u00f3b. To tragiczne potwierdzenie, \u017ce po\u017cary i tlenek w\u0119gla s\u0105 realnym zagro\u017ceniem. Czujka dymu i czadu to niewielka inwestycja, kt\u00f3ra ratuje \u017cycie&#8221; \u2014 podkre\u015bli\u0142.<\/p>\n<p class=\"ods-c-paragraph \">PSP przypomnia\u0142o tak\u017ce o konieczno\u015bci regularnego testowania urz\u0105dze\u0144, corocznych przegl\u0105d\u00f3w instalacji i przewod\u00f3w kominowych, dbania o dro\u017cn\u0105 wentylacj\u0119 oraz o ostro\u017cne korzystanie z urz\u0105dze\u0144 grzewczych i elektrycznych.<\/p>\n","protected":false},"excerpt":{"rendered":"Pa\u0144stwowa Stra\u017c Po\u017carna poinformowa\u0142a PAP, \u017ce &#8222;ostatni weekend by\u0142 jednym z najtragiczniejszych w obecnym sezonie grzewczym&#8221;. &#8222;W dniach&hellip;\n","protected":false},"author":2,"featured_media":115457,"comment_status":"","ping_status":"","sticky":false,"template":"","format":"standard","meta":{"footnotes":"","_share_on_mastodon":"0"},"categories":[12],"tags":[32,33,36,37,27,49,34,35,28,31,48,25,46,42,38,40,39,41,2148,47,3842,19481,29,30,26],"class_list":["post-115456","post","type-post","status-publish","format-standard","has-post-thumbnail","category-polska","tag-breaking-news","tag-breakingnews","tag-featured-news","tag-featurednews","tag-headlines","tag-kraj","tag-latest-news","tag-latestnews","tag-naglowki","tag-najwazniejsze-artykuly","tag-nat_styl","tag-news","tag-omp","tag-pl","tag-poland","tag-polish","tag-polska","tag-polski","tag-pozar","tag-screening_general","tag-straz_pozarna_strazacy","tag-tlenek_wegla","tag-top-stories","tag-topstories","tag-wiadomosci"],"share_on_mastodon":{"url":"https:\/\/pubeurope.com\/@pl\/115603451650204047","error":""},"_links":{"self":[{"href":"https:\/\/www.europesays.com\/pl\/wp-json\/wp\/v2\/posts\/115456","targetHints":{"allow":["GET"]}}],"collection":[{"href":"https:\/\/www.europesays.com\/pl\/wp-json\/wp\/v2\/posts"}],"about":[{"href":"https:\/\/www.europesays.com\/pl\/wp-json\/wp\/v2\/types\/post"}],"author":[{"embeddable":true,"href":"https:\/\/www.europesays.com\/pl\/wp-json\/wp\/v2\/users\/2"}],"replies":[{"embeddable":true,"href":"https:\/\/www.europesays.com\/pl\/wp-json\/wp\/v2\/comments?post=115456"}],"version-history":[{"count":0,"href":"https:\/\/www.europesays.com\/pl\/wp-json\/wp\/v2\/posts\/115456\/revisions"}],"wp:featuredmedia":[{"embeddable":true,"href":"https:\/\/www.europesays.com\/pl\/wp-json\/wp\/v2\/media\/115457"}],"wp:attachment":[{"href":"https:\/\/www.europesays.com\/pl\/wp-json\/wp\/v2\/media?parent=115456"}],"wp:term":[{"taxonomy":"category","embeddable":true,"href":"https:\/\/www.europesays.com\/pl\/wp-json\/wp\/v2\/categories?post=115456"},{"taxonomy":"post_tag","embeddable":true,"href":"https:\/\/www.europesays.com\/pl\/wp-json\/wp\/v2\/tags?post=115456"}],"curies":[{"name":"wp","href":"https:\/\/api.w.org\/{rel}","templated":true}]}}