{"id":115510,"date":"2025-11-24T07:59:08","date_gmt":"2025-11-24T07:59:08","guid":{"rendered":"https:\/\/www.europesays.com\/pl\/115510\/"},"modified":"2025-11-24T07:59:08","modified_gmt":"2025-11-24T07:59:08","slug":"rosjanie-sa-wsciekli-groza-litwie-wojna-moze-peknac-jak-balon","status":"publish","type":"post","link":"https:\/\/www.europesays.com\/pl\/115510\/","title":{"rendered":"Rosjanie s\u0105 w\u015bciekli. Gro\u017c\u0105 Litwie wojn\u0105. 'Mo\u017ce p\u0119kn\u0105\u0107 jak balon&#8217;"},"content":{"rendered":"<p> Litwa mo\u017ce\u00a0zablokowa\u0107 tranzyt do Kr\u00f3lewca<\/p>\n<p class=\"art_paragraph\">Lider rz\u0105dz\u0105cej krajem Litewskiej Partii Socjaldemokratycznej Mindaugas Sinkevi\u010dius powiedzia\u0142, \u017ce Litwa mo\u017ce\u00a0zablokowa\u0107 tranzyt do Kr\u00f3lewca. Polityk wyja\u015bni\u0142, \u017ce by\u0142aby\u00a0to odpowied\u017a na dzia\u0142ania Rosji i <a href=\"https:\/\/wiadomosci.gazeta.pl\/bialorus#anchorLink\" rel=\"nofollow noopener\" target=\"_blank\">Bia\u0142orusi<\/a>. Chodzi o wysy\u0142anie do Litwy balon\u00f3w przemytniczych oraz blokowanie litewskich ci\u0119\u017car\u00f3wek w <a href=\"https:\/\/www.tokfm.pl\/polityka\/bialorus-ostrzegla-polske-ws-dronow-gen-kukula-potwierdza#anchorLink\" rel=\"nofollow noopener\" target=\"_blank\">Bia\u0142orusi<\/a>. W pi\u0105tek 21 listopada Litewskie Koleje Pa\u0144stwowe poinformowa\u0142y o wprowadzeniu pierwszych ogranicze\u0144. Wstrzymano tranzyt do Kr\u00f3lewca\u00a0\u0142adunk\u00f3w rosyjskiego potentata naftowego,\u00a0\u0141ukoilu.<\/p>\n<p> Rosyjski polityk o blokadzie tranzytu do\u00a0Kr\u00f3lewca: R\u00f3wnoznaczne z wypowiedzeniem wojny<\/p>\n<p class=\"art_paragraph\">Deputowany rosyjskiej Dumy Pa\u0144stwowej Andriej Kolesnik powiedzia\u0142, \u017ce wprowadzenie blokady tranzytu\u00a0do Kr\u00f3lewca mo\u017ce zosta\u0107 potraktowane jako wypowiedzenie wojny Rosji. &#8211;\u00a0Tak stanowi nasza doktryna wojskowa. To nie jest wielka tajemnica. I nie jest tajemnic\u0105, \u017ce zablokowanie kt\u00f3regokolwiek z podmiot\u00f3w wchodz\u0105cych w sk\u0142ad Federacji Rosyjskiej jest r\u00f3wnoznaczne z wypowiedzeniem <a href=\"https:\/\/wiadomosci.gazeta.pl\/wojna#anchorLink\" rel=\"nofollow noopener\" target=\"_blank\">wojny<\/a> i mo\u017ce prowadzi\u0107 do dzia\u0142a\u0144 zbrojnych, zw\u0142aszcza \u017ce <a href=\"https:\/\/wiadomosci.gazeta.pl\/obwod-kaliningradzki#anchorLink\" rel=\"nofollow noopener\" target=\"_blank\">obw\u00f3d kaliningradzki<\/a> jest otoczony przez pa\u0144stwa NATO\u00a0&#8211; powiedzia\u0142 Kolesnik cytowany przez agencj\u0119 prasow\u0105 TASS.<\/p>\n<p>\n    Zobacz wideo Rosjanie karmi\u0105 chatboty fa\u0142szywkami, by zmieni\u0107 narracj\u0119\n  <\/p>\n<p> Rosja. Deputowany Dumy Pa\u0144stwowej grozi, \u017ce &#8222;Litwa mo\u017ce p\u0119kn\u0105\u0107 jak balon&#8221;<\/p>\n<p class=\"art_paragraph\">Andriej Kolesnik udzieli\u0142 te\u017c wywiadu portalowi lenta.ru. Polityk nawi\u0105za\u0142 do kierowanych pod adresem Rosji zarzut\u00f3w dotycz\u0105cych balon\u00f3w przemytniczych. &#8211; Je\u015bli transport do obwodu kr\u00f3lewieckiego zostanie zablokowany, to Litwa mo\u017ce p\u0119kn\u0105\u0107 jak ten s\u0142ynny balon. W rzeczywisto\u015bci ten kraj jest takim balonem &#8211; powiedzia\u0142. Kolesnik doda\u0142, \u017ce postawa Litwy jest &#8222;dziwna&#8221;, poniewa\u017c kraj ten otrzymuje od Rosji &#8222;dobre pieni\u0105dze&#8221; za\u00a0tranzyt do Kr\u00f3lewca.<\/p>\n<p class=\"art_paragraph\">Wi\u0119cej: Przeczytaj te\u017c artyku\u0142 <a href=\"https:\/\/wiadomosci.gazeta.pl\/swiat\/7,198075,32418853,amerykanski-dron-szpiegowski-krazyl-nad-polska-wiadomo-co.html\" class=\"art_link\" rel=\"dofollow noopener\" target=\"_blank\">&#8222;Ameryka\u0144ski dron szpiegowski kr\u0105\u017cy\u0142 nad Polsk\u0105. Wiadomo, co robi\u0142&#8221;<\/a>.\n  <\/p>\n<p>\u0179r\u00f3d\u0142a:\u00a0lenta.ru,\u00a0TASS,\u00a0lrt.lt<\/p>\n","protected":false},"excerpt":{"rendered":"Litwa mo\u017ce\u00a0zablokowa\u0107 tranzyt do Kr\u00f3lewca Lider rz\u0105dz\u0105cej krajem Litewskiej Partii Socjaldemokratycznej Mindaugas Sinkevi\u010dius powiedzia\u0142, \u017ce Litwa mo\u017ce\u00a0zablokowa\u0107 tranzyt&hellip;\n","protected":false},"author":2,"featured_media":115511,"comment_status":"","ping_status":"","sticky":false,"template":"","format":"standard","meta":{"footnotes":""},"categories":[5],"tags":[32,33,36,37,27,34,35,28,31,25,42,38,40,39,41,29,30,26],"class_list":{"0":"post-115510","1":"post","2":"type-post","3":"status-publish","4":"format-standard","5":"has-post-thumbnail","7":"category-naglowki","8":"tag-breaking-news","9":"tag-breakingnews","10":"tag-featured-news","11":"tag-featurednews","12":"tag-headlines","13":"tag-latest-news","14":"tag-latestnews","15":"tag-naglowki","16":"tag-najwazniejsze-artykuly","17":"tag-news","18":"tag-pl","19":"tag-poland","20":"tag-polish","21":"tag-polska","22":"tag-polski","23":"tag-top-stories","24":"tag-topstories","25":"tag-wiadomosci"},"share_on_mastodon":{"url":"https:\/\/pubeurope.com\/@pl\/115603621320008724","error":""},"_links":{"self":[{"href":"https:\/\/www.europesays.com\/pl\/wp-json\/wp\/v2\/posts\/115510","targetHints":{"allow":["GET"]}}],"collection":[{"href":"https:\/\/www.europesays.com\/pl\/wp-json\/wp\/v2\/posts"}],"about":[{"href":"https:\/\/www.europesays.com\/pl\/wp-json\/wp\/v2\/types\/post"}],"author":[{"embeddable":true,"href":"https:\/\/www.europesays.com\/pl\/wp-json\/wp\/v2\/users\/2"}],"replies":[{"embeddable":true,"href":"https:\/\/www.europesays.com\/pl\/wp-json\/wp\/v2\/comments?post=115510"}],"version-history":[{"count":0,"href":"https:\/\/www.europesays.com\/pl\/wp-json\/wp\/v2\/posts\/115510\/revisions"}],"wp:featuredmedia":[{"embeddable":true,"href":"https:\/\/www.europesays.com\/pl\/wp-json\/wp\/v2\/media\/115511"}],"wp:attachment":[{"href":"https:\/\/www.europesays.com\/pl\/wp-json\/wp\/v2\/media?parent=115510"}],"wp:term":[{"taxonomy":"category","embeddable":true,"href":"https:\/\/www.europesays.com\/pl\/wp-json\/wp\/v2\/categories?post=115510"},{"taxonomy":"post_tag","embeddable":true,"href":"https:\/\/www.europesays.com\/pl\/wp-json\/wp\/v2\/tags?post=115510"}],"curies":[{"name":"wp","href":"https:\/\/api.w.org\/{rel}","templated":true}]}}