{"id":115516,"date":"2025-11-24T08:03:08","date_gmt":"2025-11-24T08:03:08","guid":{"rendered":"https:\/\/www.europesays.com\/pl\/115516\/"},"modified":"2025-11-24T08:03:08","modified_gmt":"2025-11-24T08:03:08","slug":"japonczyk-klania-sie-chinczykowi-przyszly-nowe-chiny-dosc-przerazajace-wielka-zmiana","status":"publish","type":"post","link":"https:\/\/www.europesays.com\/pl\/115516\/","title":{"rendered":"Japo\u0144czyk k\u0142ania si\u0119 Chi\u0144czykowi. 'Przysz\u0142y nowe Chiny, do\u015b\u0107 przera\u017caj\u0105ce&#8217;. Wielka zmiana"},"content":{"rendered":"<p class=\"art_paragraph\">Zdaniem Jakuba Jak\u00f3bowskiego, obecnie widzimy &#8222;ostateczne zerwanie&#8221; z chi\u0144sk\u0105 doktryn\u0105 &#8222;ukrywania potencja\u0142u&#8221; Deng Xiaopinga. &#8222;Przysz\u0142y nowe Chiny, kt\u00f3re nikomu si\u0119 nie k\u0142aniaj\u0105&#8221; &#8211;\u00a0pisze wicedyrektor O\u015brodka Studi\u00f3w Wschodnich na platformie X.\u00a0Ekspert zamie\u015bci\u0142 kilka kilka refleksji ze swojego \u00a0tygodniowego pobytu w Azji, &#8222;w tym serii rozm\u00f3w w Pekinie&#8221;.\u00a0<\/p>\n<p class=\"art_paragraph\">Jak\u00f3bowski podkre\u015bla m.in, \u017ce przez 10 lat swoich rozm\u00f3w z Chi\u0144czykami nie widzia\u0142 &#8222;tak ogromnej pewno\u015bci siebie, poczucia si\u0142y i g\u00f3rowania nad innymi, jak teraz&#8221;. I to w\u015br\u00f3d ekspert\u00f3w, dyplomat\u00f3w, oraz funkcjonariuszy partii komunistycznej. &#8222;A przede wszystkim &#8211; nie widzia\u0142em takiej jasno\u015bci co do intencji. Zwykle nasza praca polega na przebijaniu si\u0119 przez ca\u0142e pok\u0142ady partyjnej linii o 'pokojowym wzro\u015bcie Chin&#8217; czy 'neutralno\u015bci wobec <a href=\"https:\/\/wiadomosci.gazeta.pl\/rosja#anchorLink\" rel=\"nofollow noopener\" target=\"_blank\">Rosji<\/a>&#8217;, by dopiero &#8211; operuj\u0105c argumentami, prowokuj\u0105c &#8211; wyci\u0105gn\u0105\u0107 z rozm\u00f3wcy, co na prawd\u0119 my\u015bli. Tym razem, przychodzi samo &#8211; i jest do\u015b\u0107 pora\u017caj\u0105ce&#8221; &#8211; napisa\u0142 analityk.\u00a0<\/p>\n<p>\n    Zobacz wideo Obali\u0107 Chiny w 3 lata? Historia Guo Wengui\n  <\/p>\n<p> Chi\u0144skie po\u0142ajanki. &#8222;Obraz wart wi\u0119cej ni\u017c tysi\u0105c s\u0142\u00f3w&#8221;<\/p>\n<p class=\"art_paragraph\">Jakub Jak\u00f3bowski sw\u00f3j wpis zilustrowa\u0142 wymownym obrazkiem z minionego tygodnia. Zdaniem wicedyrektora OSW jest on wart wi\u0119cej ni\u017c tysi\u0105c s\u0142\u00f3w. &#8222;Chi\u0144ski urz\u0119dnik, z r\u0119kami w kieszeniach, \u0142aja japo\u0144skiego dyplomat\u0119. Chi\u0144sko-japo\u0144skie napi\u0119cia to d\u0142u\u017csza historia, ale nie m\u00f3g\u0142bym znale\u017a\u0107 lepszej ilustracji tego wpisu&#8221; &#8211; podkre\u015bli\u0142 ekspert. Przypomnijmy, \u017ce w ostatnim czasie, po wypowiedzi premierki Japonii na temat Tajwanu, napi\u0119cia mi\u0119dzy Tokio a Pekinem eskaluj\u0105.\u00a0<\/p>\n<p class=\"art_paragraph\">Chi\u0144skie w\u0142adze \u017c\u0105daj\u0105 od premierki Sanae Takaichi, aby wycofa\u0142a si\u0119 ze s\u0142\u00f3w o ewentualnym przemieszczeniu japo\u0144skich si\u0142 samoobrony w przypadku ataku Chin na Tajwan. Jej zdaniem taka sytuacja stanowi\u0142aby bezpo\u015brednie zagro\u017cenie dla bezpiecze\u0144stwa Japonii.\u00a0W odpowiedzi na s\u0142owa szefowej japo\u0144skiego rz\u0105du Chiny wprowadzi\u0142y szereg retorsji gospodarczych. Zawieszono import japo\u0144skich owoc\u00f3w morza oraz dystrybucj\u0119 kinow\u0105 japo\u0144skich film\u00f3w. Wydanie przez chi\u0144skie MSZ alertu na prywatne wyjazdy do Japonii poskutkowa\u0142o za\u015b odwo\u0142aniem ju\u017c nieomal 600 000 podr\u00f3\u017cy.<\/p>\n<p> &#8222;Pora by\u015bcie zacz\u0119li \u017cy\u0107 w nowej rzeczywisto\u015bci&#8221;<\/p>\n<p class=\"art_paragraph\">Jakub Jak\u00f3bowski przekaza\u0142, \u017ce odby\u0142 w Chinach rozmowy, kt\u00f3re &#8222;by\u0142y w formule Chatham House&#8221;, czyli mo\u017cna cytowa\u0107, ale bez wskazania autora s\u0142\u00f3w. Wy\u0142ania si\u0119 z nich zupe\u0142nie nowy obraz Pa\u0144stwa \u015arodka. Co Chi\u0144czycy m\u00f3wi\u0105 np. o sporach terytorialnych w regionie? &#8222;Pora by\u015bcie zacz\u0119li \u017cy\u0107 w nowej rzeczywi\u015bci, nie starej rzeczywisto\u015bci. Nie s\u0142uchajcie ju\u017c starych pot\u0119g, tylko nowej pot\u0119gi. A t\u0105 pot\u0119g\u0105 s\u0105 Chiny&#8221; &#8211; cytuje wicedyrektor OSW swoich chi\u0144skich rozm\u00f3wc\u00f3w.\u00a0<\/p>\n<p class=\"art_paragraph\">Chi\u0144czycy podkre\u015blaj\u0105, \u017ce posiadaj\u0105 odpowiedni\u0105 si\u0142\u0119 militarn\u0105 i s\u0105 przekonani, \u017ce wygraj\u0105. &#8222;Musicie uzna\u0107 wszystkie nasze roszczenia na Morzu Po\u0142udniowochi\u0144skim. Kiedy s\u0142o\u0144 idzie, to mo\u017ce podepta\u0107 mr\u00f3wki. Powinien my\u015ble\u0107 o losie mr\u00f3wek, ale nie miejcie do niego pretensji&#8221; &#8211; czytamy we wpisie Jakuba Jak\u00f3bowskiego.\u00a0<\/p>\n<p> Jeden cel dla najnowszego Planu Pi\u0119cioletniego. Co z Europ\u0105?<\/p>\n<p class=\"art_paragraph\">Przedstawiciele Chin podkre\u015blaj\u0105 tak\u017ce m.in. \u017ce najnowszy Plan Pi\u0119cioletni Pekinu, ma jeden cel: &#8222;przygotowa\u0107 chi\u0144sk\u0105 gospodark\u0119 na konfrontacj\u0119 z <a href=\"https:\/\/next.gazeta.pl\/usa#anchorLink\" rel=\"nofollow noopener\" target=\"_blank\">USA<\/a>&#8222;. &#8222;Chodzi o stworzenie autonomicznego systemu przemys\u0142owego, odpornego na wstrz\u0105sy. Kiedy wygramy konkurencj\u0119 technologiczn\u0105 i przemys\u0142ow\u0105 z USA, 'pokojowe zjednoczenie&#8217; z Tajwanem si\u0119 dokona samo'&#8221; &#8211; przekonuj\u0105 chi\u0144scy rozm\u00f3wcy. Ich zdaniem kwestia Tajwanu zostanie rozwi\u0105zania po my\u015bli Pekinu w ci\u0105gu najbli\u017cszych 10 lat.<\/p>\n<p class=\"art_paragraph\">&#8222;Je\u015bli Europa chce dalej u nas zarabia\u0107, niech inwestuje w te zdolno\u015bci i zasypie luki technologiczne, kt\u00f3re s\u0105 nam potrzebne z tej perspektywy. A jak nie, to id\u017acie \u015bladem paru japo\u0144skich <a href=\"https:\/\/next.gazeta.pl\/next\/7,151003,32377734,firma-ze-140-letnia-historia-ma-problemy-nadchodza-zwolnienia.html#anchorLink\" rel=\"nofollow noopener\" target=\"_blank\">firm<\/a>, kt\u00f3re sprzedaj\u0105 w Chinach tanie fast-foody, tak sobie zarobicie&#8221; &#8211; cytuje chi\u0144skie rady Jakub Jak\u00f3bowski.<\/p>\n<p> Napi\u0119cia mi\u0119dzy UE a Chinami b\u0119d\u0105 ros\u0142y? &#8222;Marne szanse&#8221;<\/p>\n<p class=\"art_paragraph\">&#8211;\u00a0Nale\u017cy spodziewa\u0107 si\u0119, \u017ce napi\u0119cia mi\u0119dzy Europ\u0105 a Chinami b\u0119d\u0105 si\u0119 nasila\u0142y, poniewa\u017c maj\u0105 one charakter nie tyle handlowy, co strukturalny &#8211; m\u00f3wi nam Paulina Uzna\u0144ska, analityczka w Zespole Chi\u0144skim O\u015brodka Studi\u00f3w Wschodnich.<\/p>\n<blockquote class=\"art_blockquote\"><p>Chiny prowadz\u0105 obecnie z Zachodem dialog z pozycji si\u0142y: instrumentalizuj\u0105c zale\u017cno\u015bci gospodarcze i surowcowe. Opr\u00f3cz bezprecedensowych, eksterytorialnych ogranicze\u0144 na metale ziem rzadkich, kt\u00f3re wprowadzi\u0142y w tym roku, mog\u0105 ucieka\u0107 si\u0119 do stosowanych w przesz\u0142o\u015bci metod, jak selektywny dost\u0119p do rynku chi\u0144skiego czy wszczynanie post\u0119powa\u0144 antydumpingowych<\/p><\/blockquote>\n<p class=\"art_paragraph\">&#8211; wskazywa\u0142a analityczka. Wi\u0119cej na temat Planu Pi\u0119cioletniego pisali\u015bmy w poni\u017cszym artykule:<\/p>\n<p class=\"art_paragraph\">Jakub Jak\u00f3bowski podkre\u015bla z kolei, \u017ce &#8222;og\u00f3lny wniosek z kilkunastu rozm\u00f3w w Pekinie, nakierowanych na znalezienie wyj\u015bcia z konfliktu UE-<a href=\"https:\/\/next.gazeta.pl\/chiny#anchorLink\" rel=\"nofollow noopener\" target=\"_blank\">Chiny<\/a>: marne szanse&#8221;. &#8222;Zasadniczo jako wst\u0119pny warunek rozm\u00f3w Chi\u0144czycy podaj\u0105 bezwarunkow\u0105 kapitulacje UE: wycofanie z ce\u0142, post\u0119powa\u0144 antysubsydyjnych, kontroli eksportu, koordynacji z USA, zmian\u0119 retoryki. A jak s\u0142abych kart Europa nie mia\u0142aby w r\u0119ku, to coraz bardziej mamy przekonanie, \u017ce nie mo\u017ce odpu\u015bci\u0107 &#8211; bo zostanie zgnieciona przemys\u0142owo i geopolitycznie&#8221; &#8211; oceni\u0142 ekspert.\u00a0<\/p>\n<p> \u00a0Chi\u0144czycy o broni j\u0105drowej<\/p>\n<p class=\"art_paragraph\">Jakub Jak\u00f3bowski w swoim wpisie przypomina, \u017ce\u00a0Chiny do 2035 r chc\u0105 mie\u0107 parytet w broni strategicznej z USA i Rosj\u0105. Cytuje swoich rozm\u00f3wc\u00f3w na temat rozwoju broni nuklearnej. Chi\u0144czycy podkre\u015blaj\u0105, \u017ce owszem, rozwijaj\u0105 swoje zdolno\u015bci w tym zakresie, ale nie wp\u0142ynie to na ich doktryn\u0119 &#8222;no first use&#8221;. &#8222;Dlaczego?\u00a0Bo mamy ju\u017c dominacj\u0119 konwencjonaln\u0105 na Zachodnim Pacyfiku, wi\u0119c strategiczna bro\u0144 j\u0105drowa potrzebna nam jest do jednego &#8211; wybicia USA z g\u0142owy pomys\u0142u, \u017ce b\u0119d\u0105 w stanie zatrzyma\u0107 konwencjonaln\u0105 wojn\u0119 poprzez ograniczone uderzenie j\u0105drowe na nas. Wi\u0119c rozbudowa naszych si\u0142 strategicznych w zasadzie stabilizuje sytuacj\u0119 w tym obszarze&#8221; &#8211; czytamy we wpisie analityka.\u00a0<\/p>\n","protected":false},"excerpt":{"rendered":"Zdaniem Jakuba Jak\u00f3bowskiego, obecnie widzimy &#8222;ostateczne zerwanie&#8221; z chi\u0144sk\u0105 doktryn\u0105 &#8222;ukrywania potencja\u0142u&#8221; Deng Xiaopinga. &#8222;Przysz\u0142y nowe Chiny, kt\u00f3re&hellip;\n","protected":false},"author":2,"featured_media":115517,"comment_status":"","ping_status":"","sticky":false,"template":"","format":"standard","meta":{"footnotes":""},"categories":[16],"tags":[113,112,42,38,40,39,41],"class_list":{"0":"post-115516","1":"post","2":"type-post","3":"status-publish","4":"format-standard","5":"has-post-thumbnail","7":"category-biznes","8":"tag-biznes","9":"tag-business","10":"tag-pl","11":"tag-poland","12":"tag-polish","13":"tag-polska","14":"tag-polski"},"share_on_mastodon":{"url":"https:\/\/pubeurope.com\/@pl\/115603636451103964","error":""},"_links":{"self":[{"href":"https:\/\/www.europesays.com\/pl\/wp-json\/wp\/v2\/posts\/115516","targetHints":{"allow":["GET"]}}],"collection":[{"href":"https:\/\/www.europesays.com\/pl\/wp-json\/wp\/v2\/posts"}],"about":[{"href":"https:\/\/www.europesays.com\/pl\/wp-json\/wp\/v2\/types\/post"}],"author":[{"embeddable":true,"href":"https:\/\/www.europesays.com\/pl\/wp-json\/wp\/v2\/users\/2"}],"replies":[{"embeddable":true,"href":"https:\/\/www.europesays.com\/pl\/wp-json\/wp\/v2\/comments?post=115516"}],"version-history":[{"count":0,"href":"https:\/\/www.europesays.com\/pl\/wp-json\/wp\/v2\/posts\/115516\/revisions"}],"wp:featuredmedia":[{"embeddable":true,"href":"https:\/\/www.europesays.com\/pl\/wp-json\/wp\/v2\/media\/115517"}],"wp:attachment":[{"href":"https:\/\/www.europesays.com\/pl\/wp-json\/wp\/v2\/media?parent=115516"}],"wp:term":[{"taxonomy":"category","embeddable":true,"href":"https:\/\/www.europesays.com\/pl\/wp-json\/wp\/v2\/categories?post=115516"},{"taxonomy":"post_tag","embeddable":true,"href":"https:\/\/www.europesays.com\/pl\/wp-json\/wp\/v2\/tags?post=115516"}],"curies":[{"name":"wp","href":"https:\/\/api.w.org\/{rel}","templated":true}]}}