{"id":115536,"date":"2025-11-24T08:18:09","date_gmt":"2025-11-24T08:18:09","guid":{"rendered":"https:\/\/www.europesays.com\/pl\/115536\/"},"modified":"2025-11-24T08:18:09","modified_gmt":"2025-11-24T08:18:09","slug":"zmasowany-atak-rosyjskich-dronow-na-charkow-sa-ofiary-onet","status":"publish","type":"post","link":"https:\/\/www.europesays.com\/pl\/115536\/","title":{"rendered":"Zmasowany atak rosyjskich dron\u00f3w na Chark\u00f3w. S\u0105 ofiary &#8211; Onet"},"content":{"rendered":"<ol>\n<li><a href=\"https:\/\/news.google.com\/rss\/articles\/CBMitwFBVV95cUxPS0V4WThROW1sUHF4UnJ3UDVvSUZiUkhQWV9lSHNzOEZ3eVJTRGp6RmZ3aEV4S0NxSE5nSXZzMHI2MFZ6ZHJCekxnUG5KVl91QlF1eUQ4cWxQVFdiNmQ3SEp2eldvRmdQN3hJYUtmbmdmbzVndUdtY2hQOGotaEdnbnhkM21OQkhKT0pVZFBSQnhBaHBZS2l3NktWRjlyQ252SG1TRzJIS1ZQYlVFekYwNVlNLXhXdWc?oc=5\" target=\"_blank\" rel=\"nofollow noopener\">Zmasowany atak rosyjskich dron\u00f3w na Chark\u00f3w. S\u0105 ofiary<\/a>&nbsp;&nbsp;Onet<\/li>\n<li><a href=\"https:\/\/news.google.com\/rss\/articles\/CBMirwFBVV95cUxQQ1JkNHVzRGdnbjlBT2pDRlJobjc0dDhycVlpZFFPdkhRZVpzd2prd3pQbXRhZjVJaTlvMnF2LTlHYjNTUzBlQ0pOQkpFV0JSREZ0WmlJYnUxR1pwcHVJSV9GRjdBcHd4OWpLZndCRXppOGZLcF85ZFZsT2h4Rl96YjBjTWhvWHRsbXdid05YZ1F4TDlRbEY4UFd4ZDlFM0lsdldJTVlUV2s2UngwVWpR?oc=5\" target=\"_blank\" rel=\"nofollow noopener\">Chark\u00f3w pod zmasowanym atakiem dron\u00f3w. Zgin\u0119\u0142y cztery osoby, s\u0105 ranni<\/a>&nbsp;&nbsp;WP Wiadomo\u015bci<\/li>\n<li><a href=\"https:\/\/news.google.com\/rss\/articles\/CBMiogFBVV95cUxOVTJJRklGVHdnN1dQNTBERUgxdnRMcHdTdmZHYXVoVnloN2hqZHRKdWVyOFVTN0NtNGY5czdMMEtyRjdOQkFNTXExeTd6dXN1SzRfaGRUdVJSUGFoeUFhUnNCTVgzemlxUUZJUHUxYXpkVXhyZGdISU85Z3Nka1VXZXQtNk5HSFRRQnd1V1JidDV3YzhDQ2wyTHNwWFpiVDRJUFE?oc=5\" target=\"_blank\" rel=\"nofollow noopener\">Zmasowany atak na Chark\u00f3w w czasie rozm\u00f3w w Genewie. Ofiary \u015bmiertelne i ranni<\/a>&nbsp;&nbsp;TVN24<\/li>\n<li><a href=\"https:\/\/news.google.com\/rss\/articles\/CBMivwFBVV95cUxNOU1nY3BjMUF1NTNxSE5GdzBPS1hiYWZMcWNSaXZNVFBqWEZlbFI2TG9xdExGcXJPT09CQWtrTWp2WTJsbHQxc25vZnNHdnFkcWJqdVNkd3VsSUVPTkhXUTdQbjVtT0w2VVprSW8tb0FpT1RFRlhOaEpCQU5vdXlwUndWLUhnX21Ha3NkRlFBdkVITEtna1Q2QU1BNmhaUWRvbzJKbUJtTThNaUlNeUViNXN3bUdVUDlaMkpadkN4VQ?oc=5\" target=\"_blank\" rel=\"nofollow noopener\">Rosja uderzy\u0142a w trakcie negocjacji. Cios dla Ukrainy, zabici i wielu rannych<\/a>&nbsp;&nbsp;Wydarzenia w INTERIA.PL<\/li>\n<li><a href=\"https:\/\/news.google.com\/rss\/articles\/CBMiswFBVV95cUxNOW5iYy1adTFQV0hNb0Nvb0xQbEtkeUdtTnBIazdta1pmVUVjVm81UlFnN3NHVFhIRS1sUW1rUk90a1kybGJhN3lZZndwaGcwTHRyTXgwTndaUGxocUpoa1ZsamI4bWVSVlQwREgtNGNEQzNqT3Q0Ump0cnNrV1BISG5zTElITmNvSUJseWRNZ2pGc1l5aG10b1VQWlRObTNFeWJvcnlKMGZsbHJEWFY3X0Iwdw?oc=5\" target=\"_blank\" rel=\"nofollow noopener\">Rosyjskie ataki na Ukrain\u0119. Co najmniej osiem ofiar \u015bmiertelnych w ci\u0105gu doby<\/a>&nbsp;&nbsp;Business Insider Polska<\/li>\n<\/ol>\n","protected":false},"excerpt":{"rendered":"Zmasowany atak rosyjskich dron\u00f3w na Chark\u00f3w. S\u0105 ofiary&nbsp;&nbsp;Onet Chark\u00f3w pod zmasowanym atakiem dron\u00f3w. Zgin\u0119\u0142y cztery osoby, s\u0105 ranni&nbsp;&nbsp;WP&hellip;\n","protected":false},"author":2,"featured_media":115537,"comment_status":"","ping_status":"","sticky":false,"template":"","format":"standard","meta":{"footnotes":""},"categories":[14],"tags":[32,33,3694,165,27,64,34,35,28,31,53,25,52,68,51,55,40,41,47,80,29,30,65,50,26,82,83,84],"class_list":{"0":"post-115536","1":"post","2":"type-post","3":"status-publish","4":"format-standard","5":"has-post-thumbnail","7":"category-swiat","8":"tag-breaking-news","9":"tag-breakingnews","10":"tag-charkow_miasto_w_ukrainie","11":"tag-drony_dron","12":"tag-headlines","13":"tag-inwazja_rosji_na_ukraine_2014_","14":"tag-latest-news","15":"tag-latestnews","16":"tag-naglowki","17":"tag-najwazniejsze-artykuly","18":"tag-new_header","19":"tag-news","20":"tag-onet3","21":"tag-onet3d","22":"tag-onet3d_2i","23":"tag-phx","24":"tag-polish","25":"tag-polski","26":"tag-screening_general","27":"tag-swiat","28":"tag-top-stories","29":"tag-topstories","30":"tag-update_me","31":"tag-v2021","32":"tag-wiadomosci","33":"tag-world","34":"tag-world-news","35":"tag-worldnews"},"share_on_mastodon":{"url":"https:\/\/pubeurope.com\/@pl\/115603695499356346","error":""},"_links":{"self":[{"href":"https:\/\/www.europesays.com\/pl\/wp-json\/wp\/v2\/posts\/115536","targetHints":{"allow":["GET"]}}],"collection":[{"href":"https:\/\/www.europesays.com\/pl\/wp-json\/wp\/v2\/posts"}],"about":[{"href":"https:\/\/www.europesays.com\/pl\/wp-json\/wp\/v2\/types\/post"}],"author":[{"embeddable":true,"href":"https:\/\/www.europesays.com\/pl\/wp-json\/wp\/v2\/users\/2"}],"replies":[{"embeddable":true,"href":"https:\/\/www.europesays.com\/pl\/wp-json\/wp\/v2\/comments?post=115536"}],"version-history":[{"count":0,"href":"https:\/\/www.europesays.com\/pl\/wp-json\/wp\/v2\/posts\/115536\/revisions"}],"wp:featuredmedia":[{"embeddable":true,"href":"https:\/\/www.europesays.com\/pl\/wp-json\/wp\/v2\/media\/115537"}],"wp:attachment":[{"href":"https:\/\/www.europesays.com\/pl\/wp-json\/wp\/v2\/media?parent=115536"}],"wp:term":[{"taxonomy":"category","embeddable":true,"href":"https:\/\/www.europesays.com\/pl\/wp-json\/wp\/v2\/categories?post=115536"},{"taxonomy":"post_tag","embeddable":true,"href":"https:\/\/www.europesays.com\/pl\/wp-json\/wp\/v2\/tags?post=115536"}],"curies":[{"name":"wp","href":"https:\/\/api.w.org\/{rel}","templated":true}]}}