{"id":115551,"date":"2025-11-24T08:29:14","date_gmt":"2025-11-24T08:29:14","guid":{"rendered":"https:\/\/www.europesays.com\/pl\/115551\/"},"modified":"2025-11-24T08:29:14","modified_gmt":"2025-11-24T08:29:14","slug":"karolina-pajaczkowska-narzeka-na-nfz-nie-wiem-po-co-poszlam-na-ten-sor","status":"publish","type":"post","link":"https:\/\/www.europesays.com\/pl\/115551\/","title":{"rendered":"Karolina Paj\u0105czkowska narzeka na NFZ. &#8222;Nie wiem, po co posz\u0142am na ten SOR&#8221;"},"content":{"rendered":"<p class=\"Paragraph_desktopParagraph__U31Gm\"><a href=\"https:\/\/plejada.pl\/karolina-pajaczkowska\" id=\"fee32733-d7ef-4bab-b342-bf26a75931bc\" rel=\"nofollow noopener\" target=\"_blank\">Karolina Paj\u0105czkowska<\/a>, znana z pracy w TVP i TVN24, obecnie skupia si\u0119 na dzia\u0142alno\u015bci w mediach spo\u0142eczno\u015bciowych. Dziennikarka, kt\u00f3ra zmaga si\u0119 z rw\u0105 kulszow\u0105, podzieli\u0142a si\u0119 swoimi do\u015bwiadczeniami z polskim systemem opieki zdrowotnej, kt\u00f3ry nie spe\u0142ni\u0142 jej oczekiwa\u0144.<\/p>\n<ul class=\"OchatFollowUps_wrapper__1ry7X\">\n<li class=\"OchatFollowUps_item__Dhyly OchatFollowUps_itemDesktop__R6aBv\">Dlaczego Karolina Paj\u0105czkowska posz\u0142a na SOR?<\/li>\n<li class=\"OchatFollowUps_item__Dhyly OchatFollowUps_itemDesktop__R6aBv\">Co si\u0119 sta\u0142o podczas wizyty na SOR?<\/li>\n<li class=\"OchatFollowUps_item__Dhyly OchatFollowUps_itemDesktop__R6aBv\">Jakie by\u0142y skutki braku pomocy medycznej dla Paj\u0105czkowskiej?<\/li>\n<li class=\"OchatFollowUps_item__Dhyly OchatFollowUps_itemDesktop__R6aBv\">Co Paj\u0105czkowska s\u0105dzi o systemie opieki zdrowotnej w Luksemburgu?<\/li>\n<\/ul>\n<p>Karolina Paj\u0105czkowska gorzko o NFZ. &#8222;Mam ubezpieczenie zdrowotne, ale nigdy z niego nie skorzystam&#8221; <\/p>\n<p class=\"Paragraph_desktopParagraph__U31Gm\">Karolina Paj\u0105czkowska, odczuwaj\u0105c pierwsze objawy rwy kulszowej, uda\u0142a si\u0119 na Szpitalny Oddzia\u0142 Ratunkowy (SOR) z nadziej\u0105 na szybkie wsparcie medyczne. Jak relacjonowa\u0142a na swoim Instagramie, liczy\u0142a na zastrzyk przeciwb\u00f3lowy, kt\u00f3ry pozwoli\u0142by jej stawi\u0107 si\u0119 nast\u0119pnego dnia w pracy. Niestety, rzeczywisto\u015b\u0107 okaza\u0142a si\u0119 inna.<\/p>\n<p class=\"Paragraph_desktopParagraph__U31Gm\">&#8222;Nie wiem w og\u00f3le, po co posz\u0142am na ten SOR. Wiem, na SOR-ze s\u0105 potrzebuj\u0105cy pomocy, oddzia\u0142 ratunkowy, ale po prostu mam taki b\u00f3l, a jutro rano mia\u0142am mie\u0107 poranek, wi\u0119c my\u015bla\u0142am, \u017ce dostan\u0119 zastrzyk i jako\u015b p\u00f3jd\u0119 jutro rano. Potem si\u0119 spotkam z osteopat\u0105, za\u0142atwi\u0119 to, ale niestety \u2014 \u017ceby dosta\u0107 zastrzyk i recept\u0119, to jest tak mniej wi\u0119cej, jak pan powiedzia\u0142, oko\u0142o trzech godzin, bo tylko pan jeden ortopeda by\u0142 na dy\u017curze&#8221; \u2014 relacjonowa\u0142a na InstaStories.<\/p>\n<p class=\"Paragraph_desktopParagraph__U31Gm\">Z tego powodu Paj\u0105czkowska zdecydowa\u0142a si\u0119 na prywatn\u0105 wizyt\u0119 u specjalisty. Dziennikarka przyzna\u0142a, \u017ce w zwi\u0105zku z brakiem natychmiastowej pomocy medycznej musia\u0142a zrezygnowa\u0107 z zaplanowanych obowi\u0105zk\u00f3w zawodowych.<\/p>\n<blockquote>\n<p class=\"Paragraph_desktopParagraph__U31Gm\">Wracam do domu z kwitkiem, ogarn\u0119\u0142am sobie przeciwb\u00f3lowe leki na recept\u0119 i niestety jutro musz\u0119 odpu\u015bci\u0107 poranek. Mam ubezpieczenie zdrowotne, ale nigdy z niego nie skorzystam. Musz\u0119 i\u015b\u0107 na rezonans prywatnie<\/p>\n<\/blockquote>\n<p class=\"Paragraph_desktopParagraph__U31Gm\">\u2014 doda\u0142a.<\/p>\n<p class=\"Paragraph_desktopParagraph__U31Gm\">Karolina Paj\u0105czkowska, kt\u00f3ra w przesz\u0142o\u015bci mieszka\u0142a w Luksemburgu, por\u00f3wna\u0142a tamtejszy system opieki zdrowotnej do polskiego. W Luksemburgu pacjenci po op\u0142aceniu wizyty mog\u0105 liczy\u0107 na zwrot koszt\u00f3w leczenia.<\/p>\n<p class=\"Paragraph_desktopParagraph__U31Gm\">&#8222;Wiem, \u017ce tam ten system jako\u015b dzia\u0142a, ale no to musicie najpierw ze swoich zap\u0142aci\u0107 100 czy 200 euro. I wtedy te\u017c na pewno by zniech\u0119ci\u0142o takich ludzi, kt\u00f3rzy chodz\u0105 niepotrzebnie do lekarza, bo musieliby co\u015b zap\u0142aci\u0107. Nie ma jakich\u015b tam naci\u0105ga\u0144. Jest us\u0142uga, jest pacjent. Mo\u017ce taki system jakby wprowadzi\u0107 w Polsce, to by\u0142oby lepiej&#8221; \u2014 zastanawia\u0142a si\u0119.<\/p>\n<p><img decoding=\"async\" class=\"Image_image__0tuHp Image_autoHeight__f2n87 \" height=\"587\" width=\"338\" src=\"https:\/\/www.europesays.com\/pl\/wp-content\/uploads\/2025\/11\/Dmdk9kpTURBXy81NDkzM2VjNzI5MTc0OGM5ZTE4ZTc2ZTQzMWIzODk0Yi5qcGeSlQLNA6wAwsOVAgDNAkvCw94AA6EwAaExAaEzw.jpeg\" alt=\"Karolina Paj\u0105czkowska\" loading=\"lazy\" \/>instagram.com\/karolina_pajaczkowska\/<\/p>\n<p>Karolina Paj\u0105czkowska<\/p>\n<p><img decoding=\"async\" class=\"Image_image__0tuHp Image_autoHeight__f2n87 \" height=\"587\" width=\"337\" src=\"https:\/\/www.europesays.com\/pl\/wp-content\/uploads\/2025\/11\/ohQk9kpTURBXy83ODIyZDI2OWRmMjdjNzcxMWQyMjk2NDc3NmMzNzgzYy5qcGeSlQLNA6wAwsOVAgDNAkvCw94AA6EwAaExAaEzw.jpeg\" alt=\"Karolina Paj\u0105czkowska\" loading=\"lazy\" \/>instagram.com\/karolina_pajaczkowska\/<\/p>\n<p>Karolina Paj\u0105czkowska<\/p>\n<p class=\"Paragraph_desktopParagraph__U31Gm\">Dzi\u0119kujemy, \u017ce przeczyta\u0142a\u015b\/e\u015b nasz artyku\u0142 do ko\u0144ca. W serwisie Plejada.pl ka\u017cdego dnia piszemy o najwa\u017cniejszych wydarzeniach show-biznesowych. B\u0105d\u017a na bie\u017c\u0105co! <a rel=\"nofollow noopener\" href=\"https:\/\/profile.google.com\/cp\/Cg0vZy8xMWJ6X19wdHBx\" id=\"36c2e722-1fbd-4011-bb5a-d6b49fa10ee1\" target=\"_blank\">Obserwuj<\/a> Plejad\u0119 w Wiadomo\u015bciach Google. Odwied\u017a nas tak\u017ce na <a rel=\"nofollow noopener\" href=\"https:\/\/www.facebook.com\/plejadapl\" id=\"6ec144a3-afec-4b39-b841-a3bda13c0407\" target=\"_blank\">Facebooku<\/a>, <a rel=\"nofollow noopener\" href=\"https:\/\/www.instagram.com\/plejadapl\/\" id=\"5ec10249-5921-44d0-b6ec-acf1094c4128\" target=\"_blank\">Instagramie<\/a>, <a rel=\"nofollow noopener\" href=\"https:\/\/www.youtube.com\/c\/plejada\" id=\"6a954d42-d122-49f3-a6ae-38e0114f046e\" target=\"_blank\">YouTube<\/a> oraz <a rel=\"nofollow noopener\" href=\"https:\/\/www.tiktok.com\/@plejada_pl\" id=\"de762ba5-5dc0-4131-96b3-8e932fd306e0\" target=\"_blank\">TikToku<\/a>.<\/p>\n<p class=\"Paragraph_desktopParagraph__U31Gm\">Chcesz podzieli\u0107 si\u0119 ciekawym newsem lub zaproponowa\u0107 temat? Skontaktuj si\u0119 z nami, pisz\u0105c e-maila na adres: <a href=\"https:\/\/www.onet.pl\/styl-zycia\/plejada\/karolina-pajaczkowska-narzeka-na-nfz-nie-wiem-po-co-poszlam-na-ten-sor\/mailto:plejada@redakcjaonet.pl\" id=\"4cd405ef-6f05-4647-a525-8d8d6ee22ed5\" rel=\"nofollow noopener\" target=\"_blank\">plejada@redakcjaonet.pl<\/a>.<\/p>\n<p><script async src=\"\/\/www.instagram.com\/embed.js\"><\/script><script async src=\"\/\/www.tiktok.com\/embed.js\"><\/script><\/p>\n","protected":false},"excerpt":{"rendered":"Karolina Paj\u0105czkowska, znana z pracy w TVP i TVN24, obecnie skupia si\u0119 na dzia\u0142alno\u015bci w mediach spo\u0142eczno\u015bciowych. Dziennikarka,&hellip;\n","protected":false},"author":2,"featured_media":115552,"comment_status":"","ping_status":"","sticky":false,"template":"","format":"standard","meta":{"footnotes":""},"categories":[22],"tags":[122,67,25125,53,229,814,52,68,51,55,42,38,40,39,41,123,47,65,50,253],"class_list":{"0":"post-115551","1":"post","2":"type-post","3":"status-publish","4":"format-standard","5":"has-post-thumbnail","7":"category-rozrywka","8":"tag-entertainment","9":"tag-intextvideo_splayer","10":"tag-karolina_pajaczkowska","11":"tag-new_header","12":"tag-nfz","13":"tag-nfz_narodowy_fundusz_zdrowia","14":"tag-onet3","15":"tag-onet3d","16":"tag-onet3d_2i","17":"tag-phx","18":"tag-pl","19":"tag-poland","20":"tag-polish","21":"tag-polska","22":"tag-polski","23":"tag-rozrywka","24":"tag-screening_general","25":"tag-update_me","26":"tag-v2021","27":"tag-zdrowie"},"share_on_mastodon":{"url":"https:\/\/pubeurope.com\/@pl\/115603739261142083","error":""},"_links":{"self":[{"href":"https:\/\/www.europesays.com\/pl\/wp-json\/wp\/v2\/posts\/115551","targetHints":{"allow":["GET"]}}],"collection":[{"href":"https:\/\/www.europesays.com\/pl\/wp-json\/wp\/v2\/posts"}],"about":[{"href":"https:\/\/www.europesays.com\/pl\/wp-json\/wp\/v2\/types\/post"}],"author":[{"embeddable":true,"href":"https:\/\/www.europesays.com\/pl\/wp-json\/wp\/v2\/users\/2"}],"replies":[{"embeddable":true,"href":"https:\/\/www.europesays.com\/pl\/wp-json\/wp\/v2\/comments?post=115551"}],"version-history":[{"count":0,"href":"https:\/\/www.europesays.com\/pl\/wp-json\/wp\/v2\/posts\/115551\/revisions"}],"wp:featuredmedia":[{"embeddable":true,"href":"https:\/\/www.europesays.com\/pl\/wp-json\/wp\/v2\/media\/115552"}],"wp:attachment":[{"href":"https:\/\/www.europesays.com\/pl\/wp-json\/wp\/v2\/media?parent=115551"}],"wp:term":[{"taxonomy":"category","embeddable":true,"href":"https:\/\/www.europesays.com\/pl\/wp-json\/wp\/v2\/categories?post=115551"},{"taxonomy":"post_tag","embeddable":true,"href":"https:\/\/www.europesays.com\/pl\/wp-json\/wp\/v2\/tags?post=115551"}],"curies":[{"name":"wp","href":"https:\/\/api.w.org\/{rel}","templated":true}]}}