{"id":115561,"date":"2025-11-24T08:40:07","date_gmt":"2025-11-24T08:40:07","guid":{"rendered":"https:\/\/www.europesays.com\/pl\/115561\/"},"modified":"2025-11-24T08:40:07","modified_gmt":"2025-11-24T08:40:07","slug":"dywersja-na-kolei-byly-szef-agencji-wywiadu-rosyjska-sygnalizacja-wobec-usa","status":"publish","type":"post","link":"https:\/\/www.europesays.com\/pl\/115561\/","title":{"rendered":"Dywersja na kolei. By\u0142y szef Agencji Wywiadu: Rosyjska sygnalizacja wobec USA"},"content":{"rendered":"\n<p>&#13;<br \/>\nDo akt\u00f3w sabota\u017cu dosz\u0142o w\u00a0dniach 15-17 listopada. W\u00a0miejscowo\u015bci Mika (woj. mazowieckie) w\u00a0wyniku eksplozji \u0142adunku wybuchowego zniszczony zosta\u0142 tor kolejowy. Natomiast niedaleko stacji kolejowej Go\u0142\u0105b (woj. lubelskie) poci\u0105g z\u00a0475 pasa\u017cerami musia\u0142 gwa\u0142townie hamowa\u0107 z\u00a0powodu uszkodzonej trakcji kolejowej. &#13;\n<\/p>\n<p>By\u0142y szef Agencji Wywiadu: Chcieli pokaza\u0107, \u017ce\u00a0mo\u017cna zrobi\u0107 wi\u0119cej<\/p>\n<p>&#13;<br \/>\nDo sytuacji odni\u00f3s\u0142 si\u0119 w\u00a0poniedzia\u0142ek na\u00a0antenie TVN24 Piotr Krawczyk, by\u0142y szef Agencji Wywiadu. &#13;\n<\/p>\n<p>&#13;<br \/>\n\u2013 Ten akt sabota\u017cu, akt terroryzmu, kt\u00f3ry zosta\u0142 pope\u0142niony przez Rosj\u0119 na\u00a0linii kolejowej w\u00a0Polsce, by\u0142 cz\u0119\u015bci\u0105 takiej strategicznej sygnalizacji wobec Stan\u00f3w Zjednoczonych \u2013\u00a0powiedzia\u0142 Krawczyk. &#13;\n<\/p>\n<p>&#13;<br \/>\n\u2013 Amerykanie wspierali wywiadowczo ataki ukrai\u0144skie na\u00a0(rosyjsk\u0105) infrastruktur\u0119 energetyczn\u0105 (\u2026) po\u00a0trzech i\u00a0p\u00f3\u0142 roku wojny, kiedy Rosjanie nie\u00a0atakowali linii logistycznych zaopatruj\u0105cych Ukrain\u0119 w\u00a0zbrojenie, czy\u00a0w\u00a0bro\u0144 i\u00a0amunicj\u0119, nagle jest atak na\u00a0tak\u0105 infrastruktur\u0119 \u2013\u00a0podkre\u015bli\u0142 ekspert. &#13;\n<\/p>\n<p>&#13;<br \/>\nJak zaznaczy\u0142 by\u0142y szef Agencji Wywiadu, atak zosta\u0142 &#8222;przeprowadzony w\u00a0taki spos\u00f3b, \u017ceby pokaza\u0107, \u017ce\u00a0mo\u017cna zrobi\u0107 wi\u0119cej, ale\u00a0na\u00a0razie si\u0119 powstrzymano&#8221;. &#13;\n<\/p>\n<p>Kto dopu\u015bci\u0142 si\u0119 aktu dywersji? Tusk ujawnia szczeg\u00f3\u0142y<\/p>\n<p>&#13;<br \/>\n<a href=\"https:\/\/dorzeczy.pl\/opinie\/807648\/akt-dywersji-na-kolei-tusk-ujeto-dwoch-obywateli-ukrainy.html\" rel=\"nofollow noopener\" target=\"_blank\">Donald Tusk poinformowa\u0142 18 listopada w\u00a0Sejmie<\/a>, \u017ce\u00a0polskie s\u0142u\u017cby i\u00a0prokuratura ustali\u0142y osoby odpowiedzialne za\u00a0ostatnie akty dywersji. &#13;\n<\/p>\n<p>&#13;<br \/>\nSprawcami wydarze\u0144, do\u00a0kt\u00f3rych dosz\u0142o w\u00a0ostatnich dniach w\u00a0miejscowo\u015bci Mika oraz\u00a0w\u00a0okolicy Pu\u0142aw na\u00a0Lubelszczy\u017anie s\u0105 dwaj obywatele Ukrainy wsp\u00f3\u0142pracuj\u0105cy z\u00a0rosyjskimi s\u0142u\u017cbami. &#13;\n<\/p>\n<p>&#13;<br \/>\nPremier podkre\u015bli\u0142, \u017ce\u00a0informacj\u0119 przekazuje po\u00a0ustaleniach dokonanych przez Prokuratora Generalnego, s\u0142u\u017cby specjalne i\u00a0szefostwo policji, maj\u0105c na\u00a0uwadze dok\u0142adno\u015b\u0107 i\u00a0nieutrudnianie dalszych dzia\u0142a\u0144 operacyjnych. Tusk potwierdzi\u0142, \u017ce\u00a0w\u00a0obu przypadkach \u2013\u00a0pr\u00f3by wysadzenia tor\u00f3w oraz\u00a0naruszenia infrastruktury kolejowej \u2013\u00a0zdarzenia mia\u0142y charakter intencjonalny, a\u00a0ich celem by\u0142o doprowadzenie do\u00a0katastrofy w\u00a0ruchu kolejowym. &#13;\n<\/p>\n<p>&#13;<br \/>\n\u2013 Co\u00a0do\u00a0obu przypadk\u00f3w mamy pewno\u015b\u0107, nie\u00a0przypuszczenie, \u017ce\u00a0pr\u00f3ba wysadzenia tor\u00f3w oraz\u00a0naruszenie infrastruktury kolejowej pod\u00a0Pu\u0142awami \u2013\u00a0oba te\u00a0zdarzenia mia\u0142y charakter intencjonalny, mia\u0142y swoich sprawc\u00f3w a\u00a0ich celem by\u0142o doprowadzenie do\u00a0katastrofy w\u00a0ruchu kolejowym \u2013\u00a0powiedzia\u0142 premier. &#13;\n<\/p>\n<p>&#13;<br \/>\nCzytaj te\u017c:<br \/><a href=\"https:\/\/dorzeczy.pl\/opinie\/808962\/akty-dywersji-kosiniak-zabraklo-informacji-z-ukrainy.html\" rel=\"follow nofollow noopener\" data-schema=\"DORZECZY\" data-image=\"https:\/\/img.dorzeczy.pl\/_thumb\/1e\/ac\/d06dc326978d6dc9e226ec2c1307.jpeg\" target=\"_blank\">Akty dywersji w\u00a0Polsce. Kosiniak-Kamysz przyznaje: Zabrak\u0142o informacji ze\u00a0strony ukrai\u0144skiej<\/a>Czytaj te\u017c:<br \/><a href=\"https:\/\/dorzeczy.pl\/opinie\/808938\/dywersja-sabotazysci-popelnili-bledy-pytanie-czy-celowo.html\" rel=\"follow nofollow noopener\" data-schema=\"DORZECZY\" data-image=\"https:\/\/img.dorzeczy.pl\/_thumb\/a2\/5b\/0532dfa77b5765f2f04f642cce00.jpeg\" target=\"_blank\">Ekspert: Sabota\u017cy\u015bci pope\u0142nili b\u0142\u0119dy. Pytanie, czy\u00a0by\u0142y zamierzone<\/a>&#13;<\/p>\n","protected":false},"excerpt":{"rendered":"&#13; Do akt\u00f3w sabota\u017cu dosz\u0142o w\u00a0dniach 15-17 listopada. W\u00a0miejscowo\u015bci Mika (woj. mazowieckie) w\u00a0wyniku eksplozji \u0142adunku wybuchowego zniszczony zosta\u0142&hellip;\n","protected":false},"author":2,"featured_media":115562,"comment_status":"","ping_status":"","sticky":false,"template":"","format":"standard","meta":{"footnotes":""},"categories":[12],"tags":[16214,32,33,98,4096,36,37,27,1205,49,34,35,28,31,25,103,102,25126,42,38,40,39,41,87,18456,29,30,71,26],"class_list":{"0":"post-115561","1":"post","2":"type-post","3":"status-publish","4":"format-standard","5":"has-post-thumbnail","7":"category-polska","8":"tag-agencja-wywiadu","9":"tag-breaking-news","10":"tag-breakingnews","11":"tag-dorzeczy","12":"tag-dywersja","13":"tag-featured-news","14":"tag-featurednews","15":"tag-headlines","16":"tag-kolej","17":"tag-kraj","18":"tag-latest-news","19":"tag-latestnews","20":"tag-naglowki","21":"tag-najwazniejsze-artykuly","22":"tag-news","23":"tag-obserwator-mediow","24":"tag-opinie","25":"tag-piotr-krawczyk","26":"tag-pl","27":"tag-poland","28":"tag-polish","29":"tag-polska","30":"tag-polski","31":"tag-rosja","32":"tag-sabotaz","33":"tag-top-stories","34":"tag-topstories","35":"tag-usa","36":"tag-wiadomosci"},"share_on_mastodon":{"url":"https:\/\/pubeurope.com\/@pl\/115603781919049459","error":""},"_links":{"self":[{"href":"https:\/\/www.europesays.com\/pl\/wp-json\/wp\/v2\/posts\/115561","targetHints":{"allow":["GET"]}}],"collection":[{"href":"https:\/\/www.europesays.com\/pl\/wp-json\/wp\/v2\/posts"}],"about":[{"href":"https:\/\/www.europesays.com\/pl\/wp-json\/wp\/v2\/types\/post"}],"author":[{"embeddable":true,"href":"https:\/\/www.europesays.com\/pl\/wp-json\/wp\/v2\/users\/2"}],"replies":[{"embeddable":true,"href":"https:\/\/www.europesays.com\/pl\/wp-json\/wp\/v2\/comments?post=115561"}],"version-history":[{"count":0,"href":"https:\/\/www.europesays.com\/pl\/wp-json\/wp\/v2\/posts\/115561\/revisions"}],"wp:featuredmedia":[{"embeddable":true,"href":"https:\/\/www.europesays.com\/pl\/wp-json\/wp\/v2\/media\/115562"}],"wp:attachment":[{"href":"https:\/\/www.europesays.com\/pl\/wp-json\/wp\/v2\/media?parent=115561"}],"wp:term":[{"taxonomy":"category","embeddable":true,"href":"https:\/\/www.europesays.com\/pl\/wp-json\/wp\/v2\/categories?post=115561"},{"taxonomy":"post_tag","embeddable":true,"href":"https:\/\/www.europesays.com\/pl\/wp-json\/wp\/v2\/tags?post=115561"}],"curies":[{"name":"wp","href":"https:\/\/api.w.org\/{rel}","templated":true}]}}