{"id":115581,"date":"2025-11-24T08:54:08","date_gmt":"2025-11-24T08:54:08","guid":{"rendered":"https:\/\/www.europesays.com\/pl\/115581\/"},"modified":"2025-11-24T08:54:08","modified_gmt":"2025-11-24T08:54:08","slug":"awantura-na-sali-rozpraw-zak-nagle-wybuchl","status":"publish","type":"post","link":"https:\/\/www.europesays.com\/pl\/115581\/","title":{"rendered":"Awantura na sali rozpraw. \u017bak nagle wybuch\u0142"},"content":{"rendered":"<p>Trwaj\u0105 kolejne rozprawy ws. \u015bmiertelnego wypadku, do kt\u00f3rego dosz\u0142o w\u00a0ubieg\u0142ym roku we wrze\u015bniu na Trasie \u0141azienkowskiej. Oskar\u017conym jest \u0141ukasz \u017bak, kt\u00f3remu grozi nawet 30 lat pozbawienia wolno\u015bci. Kolejni \u015bwiadkowie przekazuj\u0105 dramatyczne szczeg\u00f3\u0142y z\u00a0feralnej nocy. <\/p>\n<p>Podczas ostatniej rozprawy dotycz\u0105cej wypadku na Trasie \u0141azienkowskiej, \u0141ukasz \u017bak zarzuci\u0142 prokuraturze podawanie fa\u0142szywych informacji na temat jego zachowania w\u00a0areszcie. \u015aledczy twierdz\u0105, \u017ce znaleziono telefon oraz grypsy, w\u00a0kt\u00f3rych prosi\u0142 o\u00a0przekazanie do aresztu substancji niedozwolonych, w\u00a0tym narkotyk\u00f3w.<\/p>\n<p>Atak dron\u00f3w na\u00a0Krymie. Rosjanie zaskoczeni noc\u0105 <\/p>\n<p>W przypadku grypsowania i\u00a0narkotyk\u00f3w \u017bak twierdzi, \u017ce nic nie zosta\u0142o udowodnione i\u00a0o\u00a0\u017cadnych niedozwolonych substancjach nie ma mowy. &#8211;\u00a0Licz\u0119 na przeprosiny pani prokurator &#8211;\u00a0doda\u0142 oskar\u017cony.<\/p>\n<p>Ponadto obro\u0144czyni \u0141ukasza \u017baka wnios\u0142a o\u00a0z\u0142agodzenie \u015brodk\u00f3w zapobiegawczych. Wskaza\u0142a na mo\u017cliwo\u015b\u0107 zast\u0105pienia aresztu por\u0119czeniem maj\u0105tkowym lub dozorem policyjnym. Argumentowa\u0142a, \u017ce \u017bak wsp\u00f3\u0142pracowa\u0142 z\u00a0organami \u015bcigania, co powinno umo\u017cliwi\u0107 \u0142agodniejsze traktowanie.<\/p>\n<p>Prokuratura sprzeciwi\u0142a si\u0119 z\u0142agodzeniu warunk\u00f3w aresztu. Podkre\u015bli\u0142a, \u017ce gro\u017c\u0105ca mu wysoka kara zwi\u0119ksza ryzyko ucieczki. <\/p>\n<p>Mecenas z\u0142o\u017cy\u0142a r\u00f3wnie\u017c wniosek o\u00a0umo\u017cliwienie \u017bakowi widzenia z\u00a0bliskimi, w\u00a0tym jego cioci\u0105 i\u00a0przyjacielem. Prokuratura wyrazi\u0142a w\u0105tpliwo\u015bci co do intencji tego spotkania, argumentuj\u0105c, \u017ce korespondencja z\u00a0udzia\u0142em przyjaciela wcze\u015bniej narusza\u0142a procedury bezpiecze\u0144stwa.<\/p>\n<p>Decyzj\u0119 o\u00a0ewentualnym z\u0142agodzeniu aresztu oraz zgod\u0119 na widzenie z\u00a0bliskimi ma podj\u0105\u0107 niebawem s\u0105d.<\/p>\n","protected":false},"excerpt":{"rendered":"Trwaj\u0105 kolejne rozprawy ws. \u015bmiertelnego wypadku, do kt\u00f3rego dosz\u0142o w\u00a0ubieg\u0142ym roku we wrze\u015bniu na Trasie \u0141azienkowskiej. Oskar\u017conym jest&hellip;\n","protected":false},"author":2,"featured_media":115582,"comment_status":"","ping_status":"","sticky":false,"template":"","format":"standard","meta":{"footnotes":""},"categories":[12],"tags":[32,33,36,37,27,34,35,28,31,25,42,38,40,39,41,29,30,26],"class_list":{"0":"post-115581","1":"post","2":"type-post","3":"status-publish","4":"format-standard","5":"has-post-thumbnail","7":"category-polska","8":"tag-breaking-news","9":"tag-breakingnews","10":"tag-featured-news","11":"tag-featurednews","12":"tag-headlines","13":"tag-latest-news","14":"tag-latestnews","15":"tag-naglowki","16":"tag-najwazniejsze-artykuly","17":"tag-news","18":"tag-pl","19":"tag-poland","20":"tag-polish","21":"tag-polska","22":"tag-polski","23":"tag-top-stories","24":"tag-topstories","25":"tag-wiadomosci"},"share_on_mastodon":{"url":"https:\/\/pubeurope.com\/@pl\/115603836920937751","error":""},"_links":{"self":[{"href":"https:\/\/www.europesays.com\/pl\/wp-json\/wp\/v2\/posts\/115581","targetHints":{"allow":["GET"]}}],"collection":[{"href":"https:\/\/www.europesays.com\/pl\/wp-json\/wp\/v2\/posts"}],"about":[{"href":"https:\/\/www.europesays.com\/pl\/wp-json\/wp\/v2\/types\/post"}],"author":[{"embeddable":true,"href":"https:\/\/www.europesays.com\/pl\/wp-json\/wp\/v2\/users\/2"}],"replies":[{"embeddable":true,"href":"https:\/\/www.europesays.com\/pl\/wp-json\/wp\/v2\/comments?post=115581"}],"version-history":[{"count":0,"href":"https:\/\/www.europesays.com\/pl\/wp-json\/wp\/v2\/posts\/115581\/revisions"}],"wp:featuredmedia":[{"embeddable":true,"href":"https:\/\/www.europesays.com\/pl\/wp-json\/wp\/v2\/media\/115582"}],"wp:attachment":[{"href":"https:\/\/www.europesays.com\/pl\/wp-json\/wp\/v2\/media?parent=115581"}],"wp:term":[{"taxonomy":"category","embeddable":true,"href":"https:\/\/www.europesays.com\/pl\/wp-json\/wp\/v2\/categories?post=115581"},{"taxonomy":"post_tag","embeddable":true,"href":"https:\/\/www.europesays.com\/pl\/wp-json\/wp\/v2\/tags?post=115581"}],"curies":[{"name":"wp","href":"https:\/\/api.w.org\/{rel}","templated":true}]}}