{"id":115593,"date":"2025-11-24T09:04:08","date_gmt":"2025-11-24T09:04:08","guid":{"rendered":"https:\/\/www.europesays.com\/pl\/115593\/"},"modified":"2025-11-24T09:04:08","modified_gmt":"2025-11-24T09:04:08","slug":"michal-koterski-i-marcela-leszczak-rozwodza-sie-znamy-szczegoly","status":"publish","type":"post","link":"https:\/\/www.europesays.com\/pl\/115593\/","title":{"rendered":"Micha\u0142 Koterski i Marcela Leszczak rozwodz\u0105 si\u0119. Znamy szczeg\u00f3\u0142y"},"content":{"rendered":"<p>Pod koniec sierpnia w\u00a0sieci zacz\u0119\u0142y kr\u0105\u017cy\u0107 doniesienia o\u00a0mo\u017cliwym kryzysie w\u00a0relacji Marceli Leszczak i Micha\u0142a Koterskiego. Fani szybko wychwycili, \u017ce by\u0142a uczestniczka <a href=\"https:\/\/www.pudelek.pl\/tag\/top+model\/\" rel=\"noopener noreferrer nofollow\" target=\"_blank\">&#8222;Top Model&#8221;<\/a> <a href=\"https:\/\/www.pudelek.pl\/misiek-koterski-i-marcela-leszczak-rozstali-sie-celebrytka-ustawila-sobie-status-wolna-stwierdzila-ze-tak-jest-dla-nich-lepiej-7193447085783648a\" rel=\"noopener noreferrer nofollow\" target=\"_blank\">zmieni\u0142a status zwi\u0105zku na &#8222;wolna&#8221;<\/a>, nie chcia\u0142a jednak komentowa\u0107 ca\u0142ej sytuacji i\u00a0prosi\u0142a, by &#8222;nie dzwoni\u0107 i\u00a0nie dopytywa\u0107 o\u00a0plotki&#8221;.<\/p>\n<p>Na pocz\u0105tku wrze\u015bnia, podczas eventu jednej z\u00a0marek kosmetycznych, potwierdzi\u0142a jednak w\u00a0rozmowie z\u00a0reporterk\u0105 Jastrz\u0105b Post, \u017ce jej zwi\u0105zek z\u00a0Mi\u015bkiem przeszed\u0142 do historii. Jak podkre\u015bli\u0142a, nie planowa\u0142a oficjalnie og\u0142asza\u0107 rozstania, bo &#8211;\u00a0jak to uj\u0119\u0142a &#8211;\u00a0&#8222;takie rzeczy nie s\u0105 powodem do \u015bwi\u0119towania ani chwalenia si\u0119&#8221;.<\/p>\n<p>Tak, rozstali\u015bmy si\u0119. Rozstania nie s\u0105 \u017cadnym powodem do \u015bwi\u0119towania czy szczycenia si\u0119. Jest to po prostu smutne do\u015bwiadczenie, kt\u00f3re trzeba prze\u017cy\u0107 po swojemu. Pozostajemy w dobrych relacjach i stosunkach<\/p>\n<p>&#8211; powiedzia\u0142a.<\/p>\n<p>Leszczak i\u00a0Koterski rozwodz\u0105 si\u0119. Pozew jest ju\u017c w\u00a0s\u0105dzie <\/p>\n<p>Marcela Leszczak i\u00a0Misiek Koterski maj\u0105 za sob\u0105 wyj\u0105tkowo burzliw\u0105 histori\u0119 &#8211;\u00a0zd\u0105\u017cyli si\u0119 zar\u0119czy\u0107 nie raz, lecz dwa, a\u00a0mimo to ich plany \u015blubne przez d\u0142ugi czas pozostawa\u0142y owiane tajemnic\u0105. Fani wielokrotnie zastanawiali si\u0119, czy para kiedykolwiek stanie na \u015blubnym kobiercu, bo ich relacja przypomina\u0142a sinusoid\u0119 emocji i\u00a0nag\u0142ych zwrot\u00f3w akcji.<\/p>\n<p>Powodem jest Pani Marcela Leszczak<\/p>\n<p>&#8211; dowiedzieli\u015bmy si\u0119.<\/p>\n<p>\u017ba\u0142ujecie, \u017ce historia tej mi\u0142o\u015bci ma taki fina\u0142?<\/p>\n<p>Marcela Leszczak potwierdza rozstanie z\u00a0Mi\u015bkiem Koterskim. B\u0119dzie rozw\u00f3d? <\/p>\n","protected":false},"excerpt":{"rendered":"Pod koniec sierpnia w\u00a0sieci zacz\u0119\u0142y kr\u0105\u017cy\u0107 doniesienia o\u00a0mo\u017cliwym kryzysie w\u00a0relacji Marceli Leszczak i Micha\u0142a Koterskiego. Fani szybko wychwycili,&hellip;\n","protected":false},"author":2,"featured_media":115594,"comment_status":"","ping_status":"","sticky":false,"template":"","format":"standard","meta":{"footnotes":""},"categories":[22],"tags":[122,42,38,40,39,41,123],"class_list":{"0":"post-115593","1":"post","2":"type-post","3":"status-publish","4":"format-standard","5":"has-post-thumbnail","7":"category-rozrywka","8":"tag-entertainment","9":"tag-pl","10":"tag-poland","11":"tag-polish","12":"tag-polska","13":"tag-polski","14":"tag-rozrywka"},"share_on_mastodon":{"url":"https:\/\/pubeurope.com\/@pl\/115603876327000629","error":""},"_links":{"self":[{"href":"https:\/\/www.europesays.com\/pl\/wp-json\/wp\/v2\/posts\/115593","targetHints":{"allow":["GET"]}}],"collection":[{"href":"https:\/\/www.europesays.com\/pl\/wp-json\/wp\/v2\/posts"}],"about":[{"href":"https:\/\/www.europesays.com\/pl\/wp-json\/wp\/v2\/types\/post"}],"author":[{"embeddable":true,"href":"https:\/\/www.europesays.com\/pl\/wp-json\/wp\/v2\/users\/2"}],"replies":[{"embeddable":true,"href":"https:\/\/www.europesays.com\/pl\/wp-json\/wp\/v2\/comments?post=115593"}],"version-history":[{"count":0,"href":"https:\/\/www.europesays.com\/pl\/wp-json\/wp\/v2\/posts\/115593\/revisions"}],"wp:featuredmedia":[{"embeddable":true,"href":"https:\/\/www.europesays.com\/pl\/wp-json\/wp\/v2\/media\/115594"}],"wp:attachment":[{"href":"https:\/\/www.europesays.com\/pl\/wp-json\/wp\/v2\/media?parent=115593"}],"wp:term":[{"taxonomy":"category","embeddable":true,"href":"https:\/\/www.europesays.com\/pl\/wp-json\/wp\/v2\/categories?post=115593"},{"taxonomy":"post_tag","embeddable":true,"href":"https:\/\/www.europesays.com\/pl\/wp-json\/wp\/v2\/tags?post=115593"}],"curies":[{"name":"wp","href":"https:\/\/api.w.org\/{rel}","templated":true}]}}