{"id":115610,"date":"2025-11-24T09:25:14","date_gmt":"2025-11-24T09:25:14","guid":{"rendered":"https:\/\/www.europesays.com\/pl\/115610\/"},"modified":"2025-11-24T09:25:14","modified_gmt":"2025-11-24T09:25:14","slug":"michel-moran-zapozowal-z-tajemnicza-blondynka-niedawno-oglosil-rozwod","status":"publish","type":"post","link":"https:\/\/www.europesays.com\/pl\/115610\/","title":{"rendered":"Michel Moran zapozowa\u0142 z tajemnicz\u0105 blondynk\u0105. Niedawno og\u0142osi\u0142 rozw\u00f3d"},"content":{"rendered":"<p class=\"Paragraph_desktopParagraph__U31Gm\"><a href=\"https:\/\/plejada.pl\/michel-moran\" id=\"73e1c047-4939-43b1-b3d8-32178b321098\" rel=\"nofollow noopener\" target=\"_blank\">Michel Moran<\/a>, popularny juror programu &#8222;MasterChef&#8221;, przez lata uchodzi\u0142 za przyk\u0142adnego m\u0119\u017ca. Jednak od jakiego\u015b czasu media spekulowa\u0142y o kryzysie w jego ma\u0142\u017ce\u0144stwie z Halin\u0105, z kt\u00f3r\u0105 sp\u0119dzi\u0142 ponad dwie dekady. W sierpniu restaurator zdecydowa\u0142 si\u0119 przerwa\u0107 milczenie i potwierdzi\u0142, \u017ce ich zwi\u0105zek zako\u0144czy\u0142 si\u0119 rozwodem.<\/p>\n<ul class=\"OchatFollowUps_wrapper__1ry7X\">\n<li class=\"OchatFollowUps_item__Dhyly OchatFollowUps_itemDesktop__R6aBv\">Kiedy Michel Moran og\u0142osi\u0142 rozw\u00f3d?<\/li>\n<li class=\"OchatFollowUps_item__Dhyly OchatFollowUps_itemDesktop__R6aBv\">Z kim obecnie jest Michel Moran?<\/li>\n<li class=\"OchatFollowUps_item__Dhyly OchatFollowUps_itemDesktop__R6aBv\">Sk\u0105d pochodzi tajemnicza blondynka?<\/li>\n<li class=\"OchatFollowUps_item__Dhyly OchatFollowUps_itemDesktop__R6aBv\">Jakie s\u0105 relacje Michel Morana i jego nowej partnerki?<\/li>\n<\/ul>\n<p>Michel Moran w obj\u0119ciach blondynki. U\u015bmiech nie schodzi\u0142 mu z twarzy <\/p>\n<p class=\"Paragraph_desktopParagraph__U31Gm\">Wed\u0142ug doniesie\u0144 tygodnika &#8222;Na \u017bywo&#8221; Michel Moran obecnie uk\u0142ada sobie \u017cycie z m\u0142odsz\u0105 o 10 lat Ma\u0142gorzat\u0105, kt\u00f3r\u0105 mia\u0142 pozna\u0107 przypadkiem podczas spotkania u wsp\u00f3lnych znajomych. W tym czasie oboje byli w innych relacjach. Jak informuje tygodnik, nowa partnerka kucharza pracuje w warszawskiej kancelarii i jest matk\u0105 dw\u00f3ch c\u00f3rek.<\/p>\n<p class=\"Paragraph_desktopParagraph__U31Gm\">&#8222;W ko\u0144cu uznali, \u017ce mog\u0105 odbudowa\u0107 razem uczucie, kt\u00f3re dla ka\u017cdego z nich, w dotychczasowym \u017cyciu, straci\u0142o blask&#8221; \u2014 podawa\u0142o &#8222;Na \u017bywo&#8221;.<\/p>\n<p class=\"Paragraph_desktopParagraph__U31Gm\">W minion\u0105 sobot\u0119 Michel Moran pojawi\u0142 si\u0119 na balu Fundacji TVN w towarzystwie tajemniczej blondynki, kt\u00f3ra wzbudzi\u0142a niema\u0142e zainteresowanie. Ubrana w eleganck\u0105, asymetryczn\u0105 sukni\u0119, towarzyszka restauratora przyci\u0105gn\u0119\u0142a uwag\u0119 fotoreporter\u00f3w. Sam Moran, czule obejmuj\u0105c kobiet\u0119, szeroko si\u0119 u\u015bmiecha\u0142, co wywo\u0142a\u0142o fal\u0119 spekulacji na temat ich relacji.<\/p>\n<p><img decoding=\"async\" class=\"Image_image__0tuHp Image_autoHeight__f2n87 \" height=\"587\" width=\"391\" src=\"https:\/\/www.europesays.com\/pl\/wp-content\/uploads\/2025\/11\/Z6fk9kpTURBXy9mNGEyOTkyNjk4YzIxNDczNmM4NGZhNDE4ZDlkZDkxYi5qcGeSlQLNA6wAwsOVAgDNAkvCw94AA6EwAaExAaEzw.jpeg\" alt=\"Michel Moran\" loading=\"lazy\" \/>Radoslaw NAWROCKI \/ FORUM \/ FORUM<\/p>\n<p>Michel Moran<\/p>\n<p class=\"Paragraph_desktopParagraph__U31Gm\">Dzi\u0119kujemy, \u017ce przeczyta\u0142a\u015b\/e\u015b nasz artyku\u0142 do ko\u0144ca. W serwisie Plejada.pl ka\u017cdego dnia piszemy o najwa\u017cniejszych wydarzeniach show-biznesowych. B\u0105d\u017a na bie\u017c\u0105co! <a rel=\"nofollow noopener\" href=\"https:\/\/profile.google.com\/cp\/Cg0vZy8xMWJ6X19wdHBx\" id=\"e4551147-dfd6-459e-98d6-570ca10911c4\" target=\"_blank\">Obserwuj<\/a> Plejad\u0119 w Wiadomo\u015bciach Google. Odwied\u017a nas tak\u017ce na <a rel=\"nofollow noopener\" href=\"https:\/\/www.facebook.com\/plejadapl\" id=\"82bcfa46-02a9-4b3d-a299-ee342a532275\" target=\"_blank\">Facebooku<\/a>, <a rel=\"nofollow noopener\" href=\"https:\/\/www.instagram.com\/plejadapl\/\" id=\"4ed32ec7-73f4-4ff3-91cd-79fc131951b6\" target=\"_blank\">Instagramie<\/a>, <a rel=\"nofollow noopener\" href=\"https:\/\/www.youtube.com\/c\/plejada\" id=\"9adcf999-a59c-4db0-bbc9-d87f745cde23\" target=\"_blank\">YouTube<\/a> oraz <a rel=\"nofollow noopener\" href=\"https:\/\/www.tiktok.com\/@plejada_pl\" id=\"d03d95f7-018c-4096-a959-b46583bc9a2c\" target=\"_blank\">TikToku<\/a>.<\/p>\n<p class=\"Paragraph_desktopParagraph__U31Gm\">Chcesz podzieli\u0107 si\u0119 ciekawym newsem lub zaproponowa\u0107 temat? Skontaktuj si\u0119 z nami, pisz\u0105c e-maila na adres: <a href=\"https:\/\/www.onet.pl\/styl-zycia\/plejada\/michel-moran-zapozowal-z-tajemnicza-blondynka-niedawno-oglosil-rozwod\/mailto:plejada@redakcjaonet.pl\" id=\"c9ce1420-e193-49e9-852c-bf70642330e2\" rel=\"nofollow noopener\" target=\"_blank\">plejada@redakcjaonet.pl<\/a>.<\/p>\n<p><script async src=\"\/\/www.instagram.com\/embed.js\"><\/script><script async src=\"\/\/www.tiktok.com\/embed.js\"><\/script><\/p>\n","protected":false},"excerpt":{"rendered":"Michel Moran, popularny juror programu &#8222;MasterChef&#8221;, przez lata uchodzi\u0142 za przyk\u0142adnego m\u0119\u017ca. Jednak od jakiego\u015b czasu media spekulowa\u0142y&hellip;\n","protected":false},"author":2,"featured_media":115611,"comment_status":"","ping_status":"","sticky":false,"template":"","format":"standard","meta":{"footnotes":""},"categories":[22],"tags":[122,67,4095,53,52,68,51,55,42,38,40,39,41,123,47,196,1113,65,50],"class_list":{"0":"post-115610","1":"post","2":"type-post","3":"status-publish","4":"format-standard","5":"has-post-thumbnail","7":"category-rozrywka","8":"tag-entertainment","9":"tag-intextvideo_splayer","10":"tag-michel_moran","11":"tag-new_header","12":"tag-onet3","13":"tag-onet3d","14":"tag-onet3d_2i","15":"tag-phx","16":"tag-pl","17":"tag-poland","18":"tag-polish","19":"tag-polska","20":"tag-polski","21":"tag-rozrywka","22":"tag-screening_general","23":"tag-styl_zycia","24":"tag-tvn_tvn24_tvn7_telewizja","25":"tag-update_me","26":"tag-v2021"},"share_on_mastodon":{"url":"https:\/\/pubeurope.com\/@pl\/115603958961273065","error":""},"_links":{"self":[{"href":"https:\/\/www.europesays.com\/pl\/wp-json\/wp\/v2\/posts\/115610","targetHints":{"allow":["GET"]}}],"collection":[{"href":"https:\/\/www.europesays.com\/pl\/wp-json\/wp\/v2\/posts"}],"about":[{"href":"https:\/\/www.europesays.com\/pl\/wp-json\/wp\/v2\/types\/post"}],"author":[{"embeddable":true,"href":"https:\/\/www.europesays.com\/pl\/wp-json\/wp\/v2\/users\/2"}],"replies":[{"embeddable":true,"href":"https:\/\/www.europesays.com\/pl\/wp-json\/wp\/v2\/comments?post=115610"}],"version-history":[{"count":0,"href":"https:\/\/www.europesays.com\/pl\/wp-json\/wp\/v2\/posts\/115610\/revisions"}],"wp:featuredmedia":[{"embeddable":true,"href":"https:\/\/www.europesays.com\/pl\/wp-json\/wp\/v2\/media\/115611"}],"wp:attachment":[{"href":"https:\/\/www.europesays.com\/pl\/wp-json\/wp\/v2\/media?parent=115610"}],"wp:term":[{"taxonomy":"category","embeddable":true,"href":"https:\/\/www.europesays.com\/pl\/wp-json\/wp\/v2\/categories?post=115610"},{"taxonomy":"post_tag","embeddable":true,"href":"https:\/\/www.europesays.com\/pl\/wp-json\/wp\/v2\/tags?post=115610"}],"curies":[{"name":"wp","href":"https:\/\/api.w.org\/{rel}","templated":true}]}}