{"id":115614,"date":"2025-11-24T09:31:10","date_gmt":"2025-11-24T09:31:10","guid":{"rendered":"https:\/\/www.europesays.com\/pl\/115614\/"},"modified":"2025-11-24T09:31:10","modified_gmt":"2025-11-24T09:31:10","slug":"zatrzymano-spurs-sochan-na-minusie","status":"publish","type":"post","link":"https:\/\/www.europesays.com\/pl\/115614\/","title":{"rendered":"Zatrzymano Spurs, Sochan na minusie"},"content":{"rendered":"\n<p class=\"contentpart contentpart--default contentpart--text\" data-position=\"0\">Brak a\u017c trzech wa\u017cnych zawodnik\u00f3w mocno odczuli w niedziel\u0119 San Antonio Spurs. Pauzowali kontuzjowani\u00a0<a href=\"https:\/\/sportowefakty.wp.pl\/koszykowka\/victor-wembanyama\" rel=\"nofollow noopener\" target=\"_blank\">Victor Wembanyama<\/a>, Stephon Castle i Dylan Harper, a Teksa\u0144czycy musieli uzna\u0107 wy\u017cszo\u015b\u0107 Phoenix Suns. Gospodarze triumfowali 111:102, odnosz\u0105c trzecie z rz\u0119du, a 11. zwyci\u0119stwo w nowym sezonie.<\/p>\n<p class=\"contentpart contentpart--default contentpart--text\" data-position=\"1\">Jedyny Polak w NBA, <a href=\"https:\/\/sportowefakty.wp.pl\/koszykowka\/jeremy-sochan\" rel=\"nofollow noopener\" target=\"_blank\">Jeremy Sochan<\/a>\u00a0dosta\u0142 od trenera Mitcha Johnsona 21 minut. Wywalczy\u0142 w tym czasie siedem punkt\u00f3w (3\/5 z gry, 0\/1 za trzy, 1\/2 za 1), mia\u0142 te\u017c pi\u0119\u0107 zbi\u00f3rek, asyst\u0119, strat\u0119 i trzy faule.<\/p>\n<p> <img role=\"presentation\" src=\"https:\/\/std.wpcdn.pl\/images\/adv\/placeholder_wp.svg\" loading=\"lazy\" alt=\"\" decoding=\"async\"\/>  <\/p>\n<p class=\"contentpart contentpart--default contentpart--text\" data-position=\"2\">ZOBACZ WIDEO: #dziejesiewsporcie: Hukn\u0105\u0142 nie do obrony. Asysta pi\u0119t\u0105 skrad\u0142a show<\/p>\n<p class=\"contentpart contentpart--default contentpart--text\" data-position=\"4\">22-latek swoj\u0105 gr\u0105 w defensywie wiele razy pom\u00f3g\u0142 Spurs odnie\u015b\u0107 zwyci\u0119stwo, ale tym razem mia\u0142 najgorszy wska\u017anik plus\/minus w ca\u0142ym zespole (-17). Oznacza to, \u017ce Teksa\u0144czycy z nim na boisku byli o 17 punkt\u00f3w gorsi od rywali.<\/p>\n<p class=\"contentpart contentpart--default contentpart--text\" data-position=\"5\">Spurs nie uda\u0142o si\u0119 przed\u0142u\u017cy\u0107 serii zwyci\u0119stw. Doznali pi\u0105tej pora\u017cki w kampanii 2025\/2026, a nic nic zda\u0142o si\u0119 nawet 26 oczek <a href=\"https:\/\/sportowefakty.wp.pl\/koszykowka\/deaaron-fox\" rel=\"nofollow noopener\" target=\"_blank\">De&#8217;Aarona Foxa<\/a>.<\/p>\n<p class=\"contentpart contentpart--default contentpart--text\" data-position=\"6\">&#8211; Nie wyszli\u015bmy na drug\u0105 po\u0142ow\u0119 z odpowiednim nastawieniem. Suns oddali kilka rzut\u00f3w, kt\u00f3re by\u0142y prawdopodobnie zbyt komfortowe. Zas\u0142uguj\u0105 na uznanie, ale wydaje mi si\u0119, \u017ce momentami mogli\u015bmy pokaza\u0107 wi\u0119cej odporno\u015bci i dyscypliny w egzekwowaniu naszych za\u0142o\u017ce\u0144 &#8211; komentowa\u0142 po meczu na konferencji prasowej trener Mitch Johnson.<\/p>\n<p> <img role=\"presentation\" src=\"https:\/\/std.wpcdn.pl\/images\/adv\/placeholder_wp.svg\" loading=\"lazy\" alt=\"\" decoding=\"async\"\/>  <\/p>\n<p class=\"contentpart contentpart--default contentpart--text\" data-position=\"7\">Dla Suns 25 punkt\u00f3w wywalczy\u0142 <a href=\"https:\/\/sportowefakty.wp.pl\/koszykowka\/dillon-brooks\" rel=\"nofollow noopener\" target=\"_blank\">Dillon Brooks<\/a>, a 24 oczka mia\u0142 <a href=\"https:\/\/sportowefakty.wp.pl\/koszykowka\/devin-booker\" rel=\"nofollow noopener\" target=\"_blank\">Devin Booker<\/a>.<\/p>\n<p class=\"contentpart contentpart--default contentpart--text\" data-position=\"8\">O powr\u00f3t na zwyci\u0119sk\u0105 \u015bcie\u017ck\u0119 Spurs b\u0119d\u0105 walczyli w Portland, gdzie w nocy z \u015brody na czwartek zmierz\u0105 si\u0119 z Trail Blazers w ramach NBA Cup.<\/p>\n<p class=\"contentpart contentpart--default contentpart--text\" data-position=\"10\">Wynik:<\/p>\n<p class=\"contentpart contentpart--default contentpart--text\" data-position=\"11\"><a href=\"https:\/\/sportowefakty.wp.pl\/koszykowka\/phoenix-suns\" rel=\"nofollow noopener\" target=\"_blank\">Phoenix Suns<\/a>\u00a0&#8211; <a href=\"https:\/\/sportowefakty.wp.pl\/koszykowka\/san-antonio-spurs\" rel=\"nofollow noopener\" target=\"_blank\">San Antonio Spurs<\/a>\u00a0111:102 (25:30, 24:26, 37:24, 25:22)<br \/>(Brooks 25, Booker 24, Goodwin 15, Gillespie 15 &#8211; Fox 26, Vassell 17, Johnson 14)<\/p>\n","protected":false},"excerpt":{"rendered":"Brak a\u017c trzech wa\u017cnych zawodnik\u00f3w mocno odczuli w niedziel\u0119 San Antonio Spurs. Pauzowali kontuzjowani\u00a0Victor Wembanyama, Stephon Castle i&hellip;\n","protected":false},"author":2,"featured_media":115615,"comment_status":"","ping_status":"","sticky":false,"template":"","format":"standard","meta":{"footnotes":""},"categories":[24],"tags":[14229,2449,6779,25130,42,38,40,39,41,14232,127,126],"class_list":{"0":"post-115614","1":"post","2":"type-post","3":"status-publish","4":"format-standard","5":"has-post-thumbnail","7":"category-sport","8":"tag-jeremy-sochan","9":"tag-koszykowka","10":"tag-nba","11":"tag-phoenix-suns","12":"tag-pl","13":"tag-poland","14":"tag-polish","15":"tag-polska","16":"tag-polski","17":"tag-san-antonio-spurs","18":"tag-sport","19":"tag-sports"},"share_on_mastodon":{"url":"https:\/\/pubeurope.com\/@pl\/115603982932376064","error":""},"_links":{"self":[{"href":"https:\/\/www.europesays.com\/pl\/wp-json\/wp\/v2\/posts\/115614","targetHints":{"allow":["GET"]}}],"collection":[{"href":"https:\/\/www.europesays.com\/pl\/wp-json\/wp\/v2\/posts"}],"about":[{"href":"https:\/\/www.europesays.com\/pl\/wp-json\/wp\/v2\/types\/post"}],"author":[{"embeddable":true,"href":"https:\/\/www.europesays.com\/pl\/wp-json\/wp\/v2\/users\/2"}],"replies":[{"embeddable":true,"href":"https:\/\/www.europesays.com\/pl\/wp-json\/wp\/v2\/comments?post=115614"}],"version-history":[{"count":0,"href":"https:\/\/www.europesays.com\/pl\/wp-json\/wp\/v2\/posts\/115614\/revisions"}],"wp:featuredmedia":[{"embeddable":true,"href":"https:\/\/www.europesays.com\/pl\/wp-json\/wp\/v2\/media\/115615"}],"wp:attachment":[{"href":"https:\/\/www.europesays.com\/pl\/wp-json\/wp\/v2\/media?parent=115614"}],"wp:term":[{"taxonomy":"category","embeddable":true,"href":"https:\/\/www.europesays.com\/pl\/wp-json\/wp\/v2\/categories?post=115614"},{"taxonomy":"post_tag","embeddable":true,"href":"https:\/\/www.europesays.com\/pl\/wp-json\/wp\/v2\/tags?post=115614"}],"curies":[{"name":"wp","href":"https:\/\/api.w.org\/{rel}","templated":true}]}}