{"id":115640,"date":"2025-11-24T09:52:08","date_gmt":"2025-11-24T09:52:08","guid":{"rendered":"https:\/\/www.europesays.com\/pl\/115640\/"},"modified":"2025-11-24T09:52:08","modified_gmt":"2025-11-24T09:52:08","slug":"nie-wytrzymal-po-ps-w-lillehammer-uderza-w-sedziow-po-skoku-kamila-stocha-przeglad-sportowy-onet","status":"publish","type":"post","link":"https:\/\/www.europesays.com\/pl\/115640\/","title":{"rendered":"Nie wytrzyma\u0142 po P\u015a w Lillehammer. Uderza w s\u0119dzi\u00f3w po skoku Kamila Stocha &#8211; Przegl\u0105d Sportowy Onet"},"content":{"rendered":"<ol>\n<li><a href=\"https:\/\/news.google.com\/rss\/articles\/CBMi3wFBVV95cUxPT0toaURBS1BfLVdBUVAtTndFZzBqX0Nqa2E2c2gwOFlIVnh2X0hPMTJSUGJQS2dQZ0VYTGFMNmIzVU5ZdkUwdUVic2wxUk02SFlKUXNid0l3M2lhTVN5RjlpTTh3eGlzU2hlU05md3pXdFBhTUZobVdHM09FRXY1dktaRFVEWHp2WndQTWJ5ejZLbGhVaGdTMGhBc3NvSHRYY2RqbDQ1dTZKUnVpbk9LWEpDSERDTkt5bWUtUHdJQ2dVMWlDbGY2b0ZOSTVYRkFJbzU0blFkTmhQQzMxRVJV?oc=5\" target=\"_blank\" rel=\"nofollow noopener\">Nie wytrzyma\u0142 po P\u015a w Lillehammer. Uderza w s\u0119dzi\u00f3w po skoku Kamila Stocha<\/a>&nbsp;&nbsp;Przegl\u0105d Sportowy Onet<\/li>\n<li><a href=\"https:\/\/news.google.com\/rss\/articles\/CBMivgFBVV95cUxOVDVDWWpCelFudjlCWjl0bmNXdzFzdUUwbTNKVG1DX1hLRnlZLVBXbzgtZGg4c1Y0c29qbDl0R1Z6cmNsR2ltem9hU0cwbG9yLUNRTnRQd1JZSXl3TklfNWFWd0tIS2xaZUd5M0Y5OHp0VWVOT2w3VWtVR2RnTEFDUmFIdFgwR1VoMWdwRUFaVGV4YTBlVE9MNTQ0WDMycUg0YXhVRlBBVEtpLXFkenpITGlXSEN6Z2s5QWtVcVZ3?oc=5\" target=\"_blank\" rel=\"nofollow noopener\">Ledwo sezon ruszy\u0142, a tu taka afera wok\u00f3\u0142 Stocha. Cz\u0142onek PZN a\u017c si\u0119 zgotowa\u0142<\/a>&nbsp;&nbsp;Sport w INTERIA.PL<\/li>\n<li><a href=\"https:\/\/news.google.com\/rss\/articles\/CBMiwwFBVV95cUxQdXo1QUw3NEgyU3FHTmw4R3lmY0h1cFRPSkJMcENmMVRpb1hyZ3hMTnp0Ti1KUkpsWXMwWXNIeGxTdXJoRXhRRGxNaDdMdkxjZzZhZ1ZXN0VmZDk0dEtUUGY5dG5yQTROeXo2M3NnalAyeGhrdnhsUTV0dU1Sc0UwUm1oUjhoZldxQkIyYzFuYmtwWGpLTWpmS2k2RzdXeHNzS0VFWWdUcHFDOF9JUi01dkVWZzRKbzVtR1ZxTVRMTWpYcE0?oc=5\" target=\"_blank\" rel=\"nofollow noopener\">Wojciech Fortuna nie ma w\u0105tpliwo\u015bci ws. Stocha. &#8222;Sytuacja wygl\u0105da podobnie&#8221;<\/a>&nbsp;&nbsp;SportoweFakty<\/li>\n<li><a href=\"https:\/\/news.google.com\/rss\/articles\/CBMitgFBVV95cUxPQ3NLZ1VtNUEyZTk2bDhYWGlXUnp4T0hfeWMyYWFPOXJVdE9TM2h6cDdYN21kcmJEdnlfNjZhWTI0aktUSk5rdUJJYnp5MW9OQnRnaHpMbW1tU3JDUnBOTDNMSXp2alFsZUZoZ21SUXdqT04wTWJZM241YWxlRTBYcUdabkxjMDZCb0NBbzlVQXJVS3puUnhjazBydDZTU2w2VlV0Z3lETHZpZlRBcDlnZlg0bVJfZw?oc=5\" target=\"_blank\" rel=\"nofollow noopener\">Trener Polak\u00f3w grzmi. &#8222;Za to odpowiada sam zawodnik!&#8221;. Szansa na kredyt?<\/a>&nbsp;&nbsp;www.polsatsport.pl<\/li>\n<li><a href=\"https:\/\/news.google.com\/rss\/articles\/CBMiqgFBVV95cUxNSDFjWVRJYUljZXViZEVRajFrN3hDWFp4Y2VEMEVyLWZLVE5HRlItazVPMlJMeHJWUzExUjlCc3o2Yk9jYndpa3lvWGZBNjVWcFRGUnNhQUJHN0RZTkRjcW02Z1JFTlhLb0wzaWhEbl9vTHJMbGJhVGxUMDhzelFoWmtIWE5UMUlYTkVkX1NrSDhKcjRRMWcyaGxaWW4zc1hHenB1LVR2YTVDdw?oc=5\" target=\"_blank\" rel=\"nofollow noopener\">Grzmi po tym, jak potraktowali Stocha. &#8222;Nieporozumienie&#8221;<\/a>&nbsp;&nbsp;SportoweFakty<\/li>\n<\/ol>\n","protected":false},"excerpt":{"rendered":"Nie wytrzyma\u0142 po P\u015a w Lillehammer. Uderza w s\u0119dzi\u00f3w po skoku Kamila Stocha&nbsp;&nbsp;Przegl\u0105d Sportowy Onet Ledwo sezon ruszy\u0142,&hellip;\n","protected":false},"author":2,"featured_media":115641,"comment_status":"","ping_status":"","sticky":false,"template":"","format":"standard","meta":{"footnotes":""},"categories":[24],"tags":[67,3515,22693,929,42,38,40,39,41,136,128,47,1874,127,135,126,130],"class_list":{"0":"post-115640","1":"post","2":"type-post","3":"status-publish","4":"format-standard","5":"has-post-thumbnail","7":"category-sport","8":"tag-intextvideo_splayer","9":"tag-kamil_stoch","10":"tag-lillehammer","11":"tag-pawb","12":"tag-pl","13":"tag-poland","14":"tag-polish","15":"tag-polska","16":"tag-polski","17":"tag-ps_detal_new","18":"tag-psv2","19":"tag-screening_general","20":"tag-skoki_narciarskie","21":"tag-sport","22":"tag-sport_sport","23":"tag-sports","24":"tag-wiadomosci_sportowe"},"share_on_mastodon":{"url":"https:\/\/pubeurope.com\/@pl\/115604065204290047","error":""},"_links":{"self":[{"href":"https:\/\/www.europesays.com\/pl\/wp-json\/wp\/v2\/posts\/115640","targetHints":{"allow":["GET"]}}],"collection":[{"href":"https:\/\/www.europesays.com\/pl\/wp-json\/wp\/v2\/posts"}],"about":[{"href":"https:\/\/www.europesays.com\/pl\/wp-json\/wp\/v2\/types\/post"}],"author":[{"embeddable":true,"href":"https:\/\/www.europesays.com\/pl\/wp-json\/wp\/v2\/users\/2"}],"replies":[{"embeddable":true,"href":"https:\/\/www.europesays.com\/pl\/wp-json\/wp\/v2\/comments?post=115640"}],"version-history":[{"count":0,"href":"https:\/\/www.europesays.com\/pl\/wp-json\/wp\/v2\/posts\/115640\/revisions"}],"wp:featuredmedia":[{"embeddable":true,"href":"https:\/\/www.europesays.com\/pl\/wp-json\/wp\/v2\/media\/115641"}],"wp:attachment":[{"href":"https:\/\/www.europesays.com\/pl\/wp-json\/wp\/v2\/media?parent=115640"}],"wp:term":[{"taxonomy":"category","embeddable":true,"href":"https:\/\/www.europesays.com\/pl\/wp-json\/wp\/v2\/categories?post=115640"},{"taxonomy":"post_tag","embeddable":true,"href":"https:\/\/www.europesays.com\/pl\/wp-json\/wp\/v2\/tags?post=115640"}],"curies":[{"name":"wp","href":"https:\/\/api.w.org\/{rel}","templated":true}]}}