{"id":115650,"date":"2025-11-24T09:58:08","date_gmt":"2025-11-24T09:58:08","guid":{"rendered":"https:\/\/www.europesays.com\/pl\/115650\/"},"modified":"2025-11-24T09:58:08","modified_gmt":"2025-11-24T09:58:08","slug":"to-juz-koniec-marcela-leszczak-i-michal-koterski-spotkaja-sie-w-sadzie","status":"publish","type":"post","link":"https:\/\/www.europesays.com\/pl\/115650\/","title":{"rendered":"To ju\u017c koniec. Marcela Leszczak i Micha\u0142 Koterski spotkaj\u0105 si\u0119 w s\u0105dzie"},"content":{"rendered":"<p class=\"article-p\" data-section=\"detail-body\">Zwi\u0105zek Marceli Leszczak i Micha\u0142a Koterskiego przechodzi do historii. Plotki o kryzysie w ich relacji kr\u0105\u017cy\u0142y w sieci ju\u017c od sierpnia. Fani zauwa\u017cyli w\u00f3wczas, \u017ce celebrytka zmieni\u0142a w mediach spo\u0142eczno\u015bciowych status zwi\u0105zku na &#8222;wolna&#8221;. I cho\u0107 pocz\u0105tkowo nie chcia\u0142a komentowa\u0107 sprawy, prosz\u0105c media o pow\u015bci\u0105gliwo\u015b\u0107, na pocz\u0105tku wrze\u015bnia oficjalnie potwierdzi\u0142a rozstanie.<\/p>\n<p>        A jednak rozw\u00f3d! Marcela Leszczak i Micha\u0142 Koterski spotkaj\u0105 si\u0119 w s\u0105dzie<\/p>\n<p class=\"article-p\" data-section=\"detail-body\">Kilka tygodni temu Marcela Leszczak zdecydowa\u0142a si\u0119 na kr\u00f3tki komentarz w sprawie rozstania z Micha\u0142em Koterskim.<\/p>\n<p class=\"article-p\" data-section=\"detail-body\">\u2014 Tak, rozstali\u015bmy si\u0119. Rozstania nie s\u0105 \u017cadnym powodem do \u015bwi\u0119towania czy szczycenia si\u0119. Jest to po prostu smutne do\u015bwiadczenie, kt\u00f3re trzeba prze\u017cy\u0107 po swojemu. Pozostajemy w dobrych relacjach i stosunkach \u2014 m\u00f3wi\u0142a w rozmowie z serwisem Jastrz\u0105b Post.<\/p>\n<p class=\"article-p\" data-section=\"detail-body\">Modelka i aktor przez lata byli bohaterami wielu medialnych spekulacji. Zar\u0119czali si\u0119 a\u017c dwa razy, ale d\u0142ugo nie by\u0142o pewno\u015bci, czy kiedykolwiek zdecyduj\u0105 si\u0119 na \u015blub. Ich relacja by\u0142a pe\u0142na wzlot\u00f3w i upadk\u00f3w, a fani z zapartym tchem \u015bledzili ich mi\u0142osne perypetie. 14 stycznia 2024 r. para wszystkich jednak zaskoczy\u0142a, publikuj\u0105c zdj\u0119cia z ceremonii za\u015blubin.<\/p>\n<p class=\"article-p\" data-section=\"detail-body\">Niestety, sielanka nie trwa\u0142a d\u0142ugo. Jak poda\u0142 24 listopada Pudelek, w ubieg\u0142ym tygodniu do s\u0105du wp\u0142yn\u0105\u0142 pozew rozwodowy. Cho\u0107 na tym etapie sprawa formalnie dopiero rusza, wiadomo ju\u017c, \u017ce to Marcela Leszczak wyst\u0105pi\u0142a o rozw\u00f3d.<\/p>\n<p class=\"article-p\" data-section=\"detail-body\">Fani pary nie kryj\u0105 smutku i zaskoczenia. Historia mi\u0142o\u015bci Marceli i Mi\u015bka by\u0142a pe\u0142na emocji, a ich rozstanie to dla wielu rozczarowuj\u0105cy fina\u0142.<\/p>\n<p class=\"article-p\" data-section=\"detail-body\"><a href=\"https:\/\/ludzie.fakt.pl\/michal-koterski-nie-wytrzymal-ostre-slowa-do-kuby-wojewodzkiego\/52jtfm4\" id=\"f5d8f39e-f7ac-45eb-9d80-2e61e190dd3c\" rel=\"nofollow noopener\" target=\"_blank\">Koterski i Wojew\u00f3dzki na wojennej \u015bcie\u017cce. Posypa\u0142y si\u0119 ciosy<\/a><\/p>\n<p class=\"article-p\" data-section=\"detail-body\"><a href=\"https:\/\/ludzie.fakt.pl\/michal-koterski-pokazal-muskulature-dwa-miesiace-ciezkiej-pracy\/yqc0qbg\" id=\"fd70a8d2-79e4-4491-8871-c04194f23dd6\" rel=\"nofollow noopener\" target=\"_blank\">Micha\u0142 Koterski pokaza\u0142 muskulatur\u0119. Usi\u0105dziecie z wra\u017cenia<\/a><\/p>\n<p class=\"article-p\" data-section=\"detail-body\"><a href=\"https:\/\/ludzie.fakt.pl\/marcela-leszczak-wprost-o-zabiegach-medycyny-estetycznej-wymknelo-sie-spod-kontroli\/4mxh1lj\" id=\"87b7774d-ab6b-4e2c-9294-d787e9ad8f9d\" rel=\"nofollow noopener\" target=\"_blank\">Gwiazda &#8222;Top Model&#8221; zdradza, co poprawi\u0142a w wygl\u0105dzie. To nie koniec niespodzianek<\/a><\/p>\n","protected":false},"excerpt":{"rendered":"Zwi\u0105zek Marceli Leszczak i Micha\u0142a Koterskiego przechodzi do historii. Plotki o kryzysie w ich relacji kr\u0105\u017cy\u0142y w sieci&hellip;\n","protected":false},"author":2,"featured_media":115651,"comment_status":"","ping_status":"","sticky":false,"template":"","format":"standard","meta":{"footnotes":""},"categories":[5],"tags":[32,33,36,37,27,34,35,28,31,25,42,38,40,39,41,29,30,26],"class_list":{"0":"post-115650","1":"post","2":"type-post","3":"status-publish","4":"format-standard","5":"has-post-thumbnail","7":"category-naglowki","8":"tag-breaking-news","9":"tag-breakingnews","10":"tag-featured-news","11":"tag-featurednews","12":"tag-headlines","13":"tag-latest-news","14":"tag-latestnews","15":"tag-naglowki","16":"tag-najwazniejsze-artykuly","17":"tag-news","18":"tag-pl","19":"tag-poland","20":"tag-polish","21":"tag-polska","22":"tag-polski","23":"tag-top-stories","24":"tag-topstories","25":"tag-wiadomosci"},"share_on_mastodon":{"url":"https:\/\/pubeurope.com\/@pl\/115604088689387869","error":""},"_links":{"self":[{"href":"https:\/\/www.europesays.com\/pl\/wp-json\/wp\/v2\/posts\/115650","targetHints":{"allow":["GET"]}}],"collection":[{"href":"https:\/\/www.europesays.com\/pl\/wp-json\/wp\/v2\/posts"}],"about":[{"href":"https:\/\/www.europesays.com\/pl\/wp-json\/wp\/v2\/types\/post"}],"author":[{"embeddable":true,"href":"https:\/\/www.europesays.com\/pl\/wp-json\/wp\/v2\/users\/2"}],"replies":[{"embeddable":true,"href":"https:\/\/www.europesays.com\/pl\/wp-json\/wp\/v2\/comments?post=115650"}],"version-history":[{"count":0,"href":"https:\/\/www.europesays.com\/pl\/wp-json\/wp\/v2\/posts\/115650\/revisions"}],"wp:featuredmedia":[{"embeddable":true,"href":"https:\/\/www.europesays.com\/pl\/wp-json\/wp\/v2\/media\/115651"}],"wp:attachment":[{"href":"https:\/\/www.europesays.com\/pl\/wp-json\/wp\/v2\/media?parent=115650"}],"wp:term":[{"taxonomy":"category","embeddable":true,"href":"https:\/\/www.europesays.com\/pl\/wp-json\/wp\/v2\/categories?post=115650"},{"taxonomy":"post_tag","embeddable":true,"href":"https:\/\/www.europesays.com\/pl\/wp-json\/wp\/v2\/tags?post=115650"}],"curies":[{"name":"wp","href":"https:\/\/api.w.org\/{rel}","templated":true}]}}