{"id":115672,"date":"2025-11-24T10:12:09","date_gmt":"2025-11-24T10:12:09","guid":{"rendered":"https:\/\/www.europesays.com\/pl\/115672\/"},"modified":"2025-11-24T10:12:09","modified_gmt":"2025-11-24T10:12:09","slug":"tak-laporta-zareagowal-na-gola-lewandowskiego-oto-co-powiedzial-pilka-nozna","status":"publish","type":"post","link":"https:\/\/www.europesays.com\/pl\/115672\/","title":{"rendered":"Tak Laporta zareagowa\u0142 na gola Lewandowskiego. Oto co powiedzia\u0142 Pi\u0142ka no\u017cna"},"content":{"rendered":"<p class=\"art_paragraph\">FC Barcelona udanie wr\u00f3ci\u0142a do <a href=\"https:\/\/www.sport.pl\/tenis\/7,64987,32370199,swiatek-pokazala-jak-sie-gra-w-tenisa-absolutna-demolka-w.html#anchorLink\" rel=\"nofollow noopener\" target=\"_blank\">gry<\/a> po przerwie reprezentacyjnej. Dru\u017cyna prowadzona przez trenera Hansiego Flicka w sobotnie popo\u0142udnie w pierwszym spotkaniu na wyremontowanym Camp Nou pewnie pokona\u0142a u siebie Athletic Bilbao 4:0 (2:0). Bramki zdobyli <a href=\"https:\/\/www.sport.pl\/pilka\/7,64946,32418287,byla-piata-minuta-ten-gol-lewandowskiego-przejdzie-do-historii.html\" class=\"art_link\" rel=\"dofollow noopener\" target=\"_blank\">Robert Lewandowski (w 4. minucie),<\/a> dwie Ferran Torres (45+3. oraz 90.) oraz Fermin Lopez (48.). &#8222;Kt\u00f3\u017c inny m\u00f3g\u0142by zdoby\u0107 pierwsz\u0105 bramk\u0119 dla Barcelony na zmodernizowanym Camp Nou, jak nie Robert Lewandowski?&#8221; &#8211; <a href=\"https:\/\/www.sport.pl\/pilka\/7,65082,32418283,hiszpanie-mowia-jednym-glosem-po-tym-co-zrobil-lewandowski.html\" class=\"art_link\" rel=\"dofollow noopener\" target=\"_blank\">m.in. pisa\u0142y o Polaku hiszpa\u0144skie media<\/a>.\u00a0<\/p>\n<p>\n    Zobacz wideo Kosecki ostro o pi\u0142karzach Legii: Na niekt\u00f3rych z was si\u0119 nie da patrze\u0107\n  <\/p>\n<p> Tak Joan Laporta zareagowa\u0142 na gola Roberta Lewandowskiego<\/p>\n<p class=\"art_paragraph\">Tymczasem telewizja DAZN pokaza\u0142a, jak na bramk\u0119 Roberta Lewandowskiego zareagowa\u0142 <a href=\"https:\/\/www.sport.pl\/joan-laporta#anchorLink\" rel=\"nofollow noopener\" target=\"_blank\">Joan Laporta<\/a>, prezes FC Barcelony, kt\u00f3ry oczywi\u015bcie by\u0142 na trybunach. Okaza\u0142o si\u0119, \u017ce Laporta my\u015bla\u0142, \u017ce po strzale Lewandowskiego, pi\u0142ka polecia\u0142a nie do bramki, a obok niej.\u00a0<\/p>\n<p class=\"art_paragraph\">Na kr\u00f3tkim nagraniu wida\u0107, \u017ce Laporta by\u0142 zaskoczony, odetchn\u0105\u0142 z ulg\u0105, a potem t\u0142umaczy\u0142 komu\u015b, \u017ce my\u015bla\u0142, \u017ce to koniec akcji i pi\u0142ka wysz\u0142a na rzut ro\u017cny. Prezes FC Barcelony po chwili wreszcie si\u0119 u\u015bmiechn\u0105\u0142.\u00a0<\/p>\n<p class=\"art_paragraph\">Zachowanie Laporty mo\u017cna zobaczy\u0107 w linku poni\u017cej.\u00a0<\/p>\n<p class=\"art_paragraph\">Lewandowski w tym sezonie zagra\u0142 w 13 spotkaniach FC Barcelony i zdoby\u0142 osiem goli. Polak zajmuje drugie miejsce w\u015br\u00f3d najlepszych strzelc\u00f3w <a href=\"https:\/\/www.sport.pl\/pilka\/0,65082.html#anchorLink\" rel=\"nofollow noopener\" target=\"_blank\">La Ligi<\/a>. <a href=\"https:\/\/www.sport.pl\/pilka\/7,65082,32418370,jest-awans-lewandowskiego-tak-wyglada-klasyfikacja-strzelcow.html\" class=\"art_link\" rel=\"dofollow noopener\" target=\"_blank\">Do prowadz\u0105cego Kyliana Mbappe (Real Madryt) traci pi\u0119\u0107 bramek. <\/a><\/p>\n<p class=\"art_paragraph\">FC Barcelona po niedzielnym remisie 2:2 Realu Madryt na wyje\u017adzie z beniaminkiem rozgrywek &#8211; Elche, ma ju\u017c tylko punkt straty do lidera.\u00a0<\/p>\n<p class=\"art_paragraph\">Zobacz tak\u017ce: <a href=\"https:\/\/www.sport.pl\/pilka\/7,64946,32419748,caly-swiat-widzial-czego-dokonal-messi-historyczny-wyczyn.html\" class=\"art_link\" rel=\"dofollow noopener\" target=\"_blank\">Ca\u0142y \u015bwiat widzia\u0142, czego dokona\u0142 Messi! Historyczny wyczyn<\/a><\/p>\n<p class=\"art_paragraph\">Dru\u017cyna Flicka w nast\u0119pnej kolejce La Ligi zmierzy si\u0119 przed w\u0142asn\u0105 publiczno\u015bci\u0105 z 14. dru\u017cyn\u0105 tabeli &#8211; Deportivo Alaves. Tymczasem ju\u017c we wtorek, 25 listopada (godz. 21) czeka j\u0105 wielki hit w <a href=\"https:\/\/www.sport.pl\/Zczuba\/0,138263.html#anchorLink\" rel=\"nofollow noopener\" target=\"_blank\">Lidze Mistrz\u00f3w<\/a> &#8211; pojedynek w Londynie z <a href=\"https:\/\/www.sport.pl\/chelsea#anchorLink\" rel=\"nofollow noopener\" target=\"_blank\">Chelsea<\/a>.\u00a0<\/p>\n<p class=\"art_paragraph\">Relacja na \u017cywo z obu mecz\u00f3w na Sport.pl i w aplikacji mobilnej Sport.pl LIVE.\u00a0\u00a0<\/p>\n<p class=\"art_paragraph\">Najnowszy <a href=\"https:\/\/www.sport.pl\/magazynsportpl\/0,0.html\" class=\"art_link\" rel=\"dofollow noopener\" target=\"_blank\">Magazyn.Sport.pl<\/a> ju\u017c jest! Polscy skoczkowie zaczynaj\u0105 sezon olimpijski, a eksperci Sport.pl opisuj\u0105 r\u00f3\u017cne konteksty nadchodz\u0105cej rywalizacji. Pog\u0142\u0119bione analizy, komentarze, historie i kapitalne wywiady przeczytasz &gt;&gt; <a href=\"https:\/\/www.sport.pl\/magazynsportpl\/0,0.html\" class=\"art_link\" rel=\"dofollow noopener\" target=\"_blank\">TU<\/a><\/p>\n","protected":false},"excerpt":{"rendered":"FC Barcelona udanie wr\u00f3ci\u0142a do gry po przerwie reprezentacyjnej. Dru\u017cyna prowadzona przez trenera Hansiego Flicka w sobotnie popo\u0142udnie&hellip;\n","protected":false},"author":2,"featured_media":115673,"comment_status":"","ping_status":"","sticky":false,"template":"","format":"standard","meta":{"footnotes":""},"categories":[5],"tags":[32,33,36,37,27,34,35,28,31,25,42,38,40,39,41,29,30,26],"class_list":{"0":"post-115672","1":"post","2":"type-post","3":"status-publish","4":"format-standard","5":"has-post-thumbnail","7":"category-naglowki","8":"tag-breaking-news","9":"tag-breakingnews","10":"tag-featured-news","11":"tag-featurednews","12":"tag-headlines","13":"tag-latest-news","14":"tag-latestnews","15":"tag-naglowki","16":"tag-najwazniejsze-artykuly","17":"tag-news","18":"tag-pl","19":"tag-poland","20":"tag-polish","21":"tag-polska","22":"tag-polski","23":"tag-top-stories","24":"tag-topstories","25":"tag-wiadomosci"},"share_on_mastodon":{"url":"https:\/\/pubeurope.com\/@pl\/115604143816691683","error":""},"_links":{"self":[{"href":"https:\/\/www.europesays.com\/pl\/wp-json\/wp\/v2\/posts\/115672","targetHints":{"allow":["GET"]}}],"collection":[{"href":"https:\/\/www.europesays.com\/pl\/wp-json\/wp\/v2\/posts"}],"about":[{"href":"https:\/\/www.europesays.com\/pl\/wp-json\/wp\/v2\/types\/post"}],"author":[{"embeddable":true,"href":"https:\/\/www.europesays.com\/pl\/wp-json\/wp\/v2\/users\/2"}],"replies":[{"embeddable":true,"href":"https:\/\/www.europesays.com\/pl\/wp-json\/wp\/v2\/comments?post=115672"}],"version-history":[{"count":0,"href":"https:\/\/www.europesays.com\/pl\/wp-json\/wp\/v2\/posts\/115672\/revisions"}],"wp:featuredmedia":[{"embeddable":true,"href":"https:\/\/www.europesays.com\/pl\/wp-json\/wp\/v2\/media\/115673"}],"wp:attachment":[{"href":"https:\/\/www.europesays.com\/pl\/wp-json\/wp\/v2\/media?parent=115672"}],"wp:term":[{"taxonomy":"category","embeddable":true,"href":"https:\/\/www.europesays.com\/pl\/wp-json\/wp\/v2\/categories?post=115672"},{"taxonomy":"post_tag","embeddable":true,"href":"https:\/\/www.europesays.com\/pl\/wp-json\/wp\/v2\/tags?post=115672"}],"curies":[{"name":"wp","href":"https:\/\/api.w.org\/{rel}","templated":true}]}}