{"id":115692,"date":"2025-11-24T10:25:11","date_gmt":"2025-11-24T10:25:11","guid":{"rendered":"https:\/\/www.europesays.com\/pl\/115692\/"},"modified":"2025-11-24T10:25:11","modified_gmt":"2025-11-24T10:25:11","slug":"wszyscy-uwierzyli-ze-czuchnowski-wzial-pieniadze-od-premiera","status":"publish","type":"post","link":"https:\/\/www.europesays.com\/pl\/115692\/","title":{"rendered":"Wszyscy uwierzyli, \u017ce Czuchnowski wzi\u0105\u0142 pieni\u0105dze od premiera"},"content":{"rendered":"\n<p>&#13;<br \/>\nW niedziel\u0119 znany dziennikarz &#8222;Gazety Wyborczej&#8221; pochwali\u0142 si\u0119 na\u00a0platformie X, \u017ce\u00a0otrzyma poka\u017an\u0105 sum\u0119 z\u00a0Kancelarii Premiera RP na\u00a0badania do\u00a0pracy doktorskiej. &#13;\n<\/p>\n<p>Post Czuchnowskiego wywo\u0142a\u0142 burz\u0119<\/p>\n<p>&#13;<br \/>\n&#8222;Szanowni hejterzy, hejterki, osoby hejterskie oraz\u00a0trolle. Waszymi wpisami przyczyniacie si\u0119 do\u00a0podniesienia mojej stopy \u017cyciowej. W\u0142a\u015bnie dosta\u0142em l\u0105czone roczne stypendium (147 tys.z\u0142. z\u00a0Kancelarii Premiera i\u00a068 tys. euro od\u00a0\u015awiatowego Kongresu \u017byd\u00f3w) na\u00a0prac\u0119 doktorsk\u0105 o\u00a0mowie nienawi\u015bci na\u00a0portalu X.W pracy k\u0142ad\u0119 nacisk na\u00a0wpisy antysemickie, rasistowskie, seksualne (tre\u015bci perwersyjne oraz\u00a0gro\u017aby pozbawienia \u017cycia. Zach\u0119cam do\u00a0aktywno\u015bci o\u00a0komentowania. Praca uka\u017ce si\u0119 w\u00a0formie ksi\u0105\u017ckowej nak\u0142adem MEN i\u00a0b\u0119dzie rozprowadzana w\u00a0szko\u0142ach \u015brednich. Pisz\u0119 teraz, bo\u00a0w\u00a0przysz\u0142ym tygodniu ma\u00a0to\u00a0by\u0107 oficjalnie og\u0142oszone, wi\u0119c wol\u0119 poninformowa\u0107 jako pierwszy&#8221; \u2013\u00a0napisa\u0142 publicysta, czym wywo\u0142a\u0142 lawin\u0119 komentarzy. &#13;\n<\/p>\n<p>&#13;<br \/>\nNa jego wpis zareagowa\u0142 m.in. tw\u00f3rca Kana\u0142u Zero. &#8222;147 000 z\u0142otych z\u00a0Kancelarii Premiera dla\u00a0dziennikarza Gazety Wyborczej&#8221; \u2013\u00a0napisa\u0142 Krzysztof Stanowski, dodaj\u0105c roze\u015bmiane emotikony. &#13;\n<\/p>\n<p>&#13;<br \/>\ntwitter&#13;\n<\/p>\n<p>&#13;<br \/>\nPost skomentowali r\u00f3wnie\u017c inni dziennikarze m.in.: Patryk S\u0142owik, Pawe\u0142 Figurski, Marek Miko\u0142ajczyk, Marcin Fijo\u0142ek, Dorota Kania, Rafa\u0142 Ziemkiewicz, Piotr Wielgucki, a\u00a0tak\u017ce politycy: Dariusz Matecki, Janusz Cieszy\u0144ski czy\u00a0Micha\u0142 Wo\u015b. &#13;\n<\/p>\n<p>Dziennikarz &#8222;Gazety Wyborczej&#8221;: To\u00a0by\u0142a &#8222;wkr\u0119tka&#8221;<\/p>\n<p>&#13;<br \/>\n&#8222;W\u00a0niedziel\u0119 o\u00a012.26 zamie\u015bci\u0142em tu wpis, \u017ce\u00a0dosta\u0142em gigantyczne &#8222;\u0142\u0105czone stypendium&#8221; \u2013\u00a0w\u00a0sumie 430 tys. z\u0142. od\u00a0Tuska i\u00a0\u015awiatowego Kongresu \u017byd\u00f3w za\u00a0napisanie doktoratu o\u00a0mowie nienawi\u015bci na\u00a0portalu X. Po\u00a08 godzinach og\u0142aszam zako\u0144czenie tego bolesnego eksperymentu na\u00a0\u017cywym ciele u\u017cytkownik\u00f3w. I\u00a0wyja\u015bniam: to\u00a0by\u0142a prowokacja lub\u00a0jak kto woli &#8222;wkr\u0119tka&#8221; albo &#8222;prank&#8221;&#8221; \u2013\u00a0wyja\u015bni\u0142 kilka godzin p\u00f3\u017aniej Czuchnowski. &#13;\n<\/p>\n<p>&#13;<br \/>\n&#8222;Pocz\u0105tkowo wpis mia\u0142 by\u0107 \u017cartem, jednak mnie wi\u0119cej po\u00a0godzinie okaza\u0142o si\u0119, \u017ce\u00a0zdecydowana wi\u0119kszo\u015b\u0107 odbiorc\u00f3w (a z\u00a0tych, kt\u00f3rzy mnie nie\u00a0lubi\u0105 w\u0142a\u015bciwie 100 proc.) wzi\u0119\u0142a to\u00a0za prawd\u0119. Dlatego kilkoma jeszcze wpisami postanowili\u015bmy z\u00a0moj\u0105 \u017bon\u0105 &#8222;podbi\u0107&#8221; temat i\u00a0sprawdzi\u0107 ile os\u00f3b jeszcze si\u0119 na\u00a0to\u00a0z\u0142apie. Wnioski s\u0105 ponure, bo\u00a0z\u0142apali si\u0119 nie\u00a0tylko X-owicze, w\u00a0tym znani dziennikarze ale\u00a0te\u017c politycy, w\u00a0ko\u0144cu za\u015b\u00a0tekst o\u00a0moim &#8222;doktoracie&#8221; i\u00a0&#8222;stypendium&#8221; \u2013\u00a0niczego nie\u00a0sprawdzaj\u0105c \u2013\u00a0zamie\u015bci\u0142y Wirtualne Media. Wtedy zrozumia\u0142em, \u017ce\u00a0czas przerwa\u0107&#8221; \u2013\u00a0zaznacza\u0142. &#13;\n<\/p>\n<p>&#13;<br \/>\n&#8222;M\u00f3j wpis mia\u0142 nie\u00a0jedn\u0105 ale\u00a0kilka &#8222;czerwonych flag&#8221;, po\u00a0kt\u00f3rych mo\u017cna si\u0119 by\u0142o zorientowa\u0107, \u017ce\u00a0to\u00a0\u017cart. (&#8230;) Najczerwie\u0144sza z\u00a0czerwonych flag to\u00a0ta o\u00a0pracy doktorskiej. Bardzo \u0142atwo jest sprawdzi\u0107 (&#8230;.), \u017ce\u00a0nie sko\u0144czy\u0142em wy\u017cszych studi\u00f3w (nie napisa\u0142em pracy magisterskiej). (&#8230;) Flaga 2\u00a0\u2013\u00a0kwota \u2013\u00a0absurdalnie wysoka, z\u00a0d&#8230; wzi\u0119ta, nikt nie\u00a0przyznaje w\u00a0Polsce takich pieni\u0119dzy; Flaga 3\u00a0\u2013\u00a0\u0142\u0105czone stypendium KPRM i\u00a0\u015aK\u017b. Nie\u00a0ma\u00a0czego\u015b takiego. (&#8230;) Flaga 4\u00a0\u2013\u00a0&#8222;nak\u0142adem MEN&#8221; \u2013\u00a0absurd, bez komentarza; Flaga 5\u2013 ksi\u0105\u017cka b\u0119dzie rozprowadzana w\u00a0szko\u0142ach \u015brednich. Nie\u00a0do\u015b\u0107, \u017ce\u00a0absurd, to\u00a0jeszcze nie\u00a0ma\u00a0takiej formy dystrybucji jak &#8222;rozprowadzanie w\u00a0szko\u0142ach&#8221;. Flaga 6\u00a0(&#8230;) jest taka, \u017ce\u00a0musia\u0142bym by\u0107 sko\u0144czon\u0105 \u015bwini\u0105 a\u00a0przy okazji kretynem, by\u00a0bra\u0107 pieni\u0105dze od\u00a0rz\u0105du, gdy napisa\u0142em dziesi\u0105tki tekst\u00f3w pot\u0119piaj\u0105cych taki proceder w\u015br\u00f3d dziennikarzy&#8221; \u2013\u00a0podkre\u015bli\u0142 dziennikarz &#8222;Wyborczej&#8221;. &#13;\n<\/p>\n<p>&#13;<br \/>\n&#8222;Eksperyment zako\u0144czony. Wniosk\u00f3w pewnie nikt nie\u00a0wyci\u0105gnie. A\u00a0ksi\u0105\u017ck\u0119 napisz\u0119 (na pomys\u0142 wpad\u0142em wcze\u015bniej, rzeczywi\u015bcie gromadz\u0119 materia\u0142y). Dzisiejsza prowokacja b\u0119dzie tematem jednego z\u00a0jej rozdzia\u0142\u00f3w. Wojciech Czuchnowski PS: osoby, mi \u017cyczliwe, kt\u00f3re te\u017c si\u0119 nabra\u0142y a\u00a0kt\u00f3re mnie przez te\u00a0kilka godzin broni\u0142y lub\u00a0gratulowa\u0142y &#8222;stypendium&#8221;, przepraszam. Jak ksi\u0105\u017cka powstanie obiecuj\u0119 ka\u017cdemu wys\u0142a\u0107 egzemplarz&#8221; \u2013\u00a0zapowiedzia\u0142 Czuchnowski. &#13;\n<\/p>\n<p>&#13;<br \/>\ntwitterCzytaj te\u017c:<br \/><a href=\"https:\/\/rozrywka.dorzeczy.pl\/film-i-telewizja\/809217\/pawel-figurski-i-patryk-slowik-jednak-niewinni-sad-zmienil-decyzje.html\" rel=\"follow nofollow noopener\" data-schema=\"DORZECZY\" data-image=\"https:\/\/img.dorzeczy.pl\/_thumb\/58\/6e\/2215d62da27887720c0c2e8922f7.jpeg\" target=\"_blank\">Znani dziennikarze jednak niewinni. S\u0105d zmieni\u0142 decyzj\u0119<\/a>Czytaj te\u017c:<br \/><a href=\"https:\/\/rozrywka.dorzeczy.pl\/show-biznes\/810312\/karolina-korwin-piotrowska.html\" rel=\"follow nofollow noopener\" data-schema=\"DORZECZY\" data-image=\"https:\/\/img.dorzeczy.pl\/_thumb\/24\/b7\/1ef8cc5f9f383e51f17c663300f4.jpeg\" target=\"_blank\">Znana dziennikarka zrozpaczona. &#8222;Ona mnie uratowa\u0142a. Mi si\u0119 nie\u00a0uda\u0142o&#8221;<\/a>&#13;<\/p>\n","protected":false},"excerpt":{"rendered":"&#13; W niedziel\u0119 znany dziennikarz &#8222;Gazety Wyborczej&#8221; pochwali\u0142 si\u0119 na\u00a0platformie X, \u017ce\u00a0otrzyma poka\u017an\u0105 sum\u0119 z\u00a0Kancelarii Premiera RP na\u00a0badania&hellip;\n","protected":false},"author":2,"featured_media":115693,"comment_status":"","ping_status":"","sticky":false,"template":"","format":"standard","meta":{"footnotes":""},"categories":[12],"tags":[32,33,98,36,37,288,25140,27,291,2672,34,35,287,28,31,25,42,38,40,39,41,290,29,30,26,25141],"class_list":{"0":"post-115692","1":"post","2":"type-post","3":"status-publish","4":"format-standard","5":"has-post-thumbnail","7":"category-polska","8":"tag-breaking-news","9":"tag-breakingnews","10":"tag-dorzeczy","11":"tag-featured-news","12":"tag-featurednews","13":"tag-film-i-telewizja","14":"tag-gazeta-wyborcza","15":"tag-headlines","16":"tag-historia","17":"tag-krzysztof-stanowski","18":"tag-latest-news","19":"tag-latestnews","20":"tag-malgorzata-puzyr","21":"tag-naglowki","22":"tag-najwazniejsze-artykuly","23":"tag-news","24":"tag-pl","25":"tag-poland","26":"tag-polish","27":"tag-polska","28":"tag-polski","29":"tag-rozrywka-do-rzeczy","30":"tag-top-stories","31":"tag-topstories","32":"tag-wiadomosci","33":"tag-wojciech-czuchnowski"},"share_on_mastodon":{"url":"https:\/\/pubeurope.com\/@pl\/115604195012243930","error":""},"_links":{"self":[{"href":"https:\/\/www.europesays.com\/pl\/wp-json\/wp\/v2\/posts\/115692","targetHints":{"allow":["GET"]}}],"collection":[{"href":"https:\/\/www.europesays.com\/pl\/wp-json\/wp\/v2\/posts"}],"about":[{"href":"https:\/\/www.europesays.com\/pl\/wp-json\/wp\/v2\/types\/post"}],"author":[{"embeddable":true,"href":"https:\/\/www.europesays.com\/pl\/wp-json\/wp\/v2\/users\/2"}],"replies":[{"embeddable":true,"href":"https:\/\/www.europesays.com\/pl\/wp-json\/wp\/v2\/comments?post=115692"}],"version-history":[{"count":0,"href":"https:\/\/www.europesays.com\/pl\/wp-json\/wp\/v2\/posts\/115692\/revisions"}],"wp:featuredmedia":[{"embeddable":true,"href":"https:\/\/www.europesays.com\/pl\/wp-json\/wp\/v2\/media\/115693"}],"wp:attachment":[{"href":"https:\/\/www.europesays.com\/pl\/wp-json\/wp\/v2\/media?parent=115692"}],"wp:term":[{"taxonomy":"category","embeddable":true,"href":"https:\/\/www.europesays.com\/pl\/wp-json\/wp\/v2\/categories?post=115692"},{"taxonomy":"post_tag","embeddable":true,"href":"https:\/\/www.europesays.com\/pl\/wp-json\/wp\/v2\/tags?post=115692"}],"curies":[{"name":"wp","href":"https:\/\/api.w.org\/{rel}","templated":true}]}}