{"id":115711,"date":"2025-11-24T10:35:12","date_gmt":"2025-11-24T10:35:12","guid":{"rendered":"https:\/\/www.europesays.com\/pl\/115711\/"},"modified":"2025-11-24T10:35:12","modified_gmt":"2025-11-24T10:35:12","slug":"cezary-i-edyta-pazurowie-na-balu-tvn-aktor-ujawnil-luksusowe-menu","status":"publish","type":"post","link":"https:\/\/www.europesays.com\/pl\/115711\/","title":{"rendered":"Cezary i Edyta Pazurowie na Balu TVN. Aktor ujawni\u0142 luksusowe menu"},"content":{"rendered":"<p class=\"Paragraph_desktopParagraph__U31Gm\">W sobot\u0119 22 listopada w budynku Politechniki Warszawskiej odby\u0142 si\u0119 coroczny <a href=\"https:\/\/plejada.pl\/newsy\/tak-bawily-sie-gwiazdy-na-balu-fundacji-tvn-pokazano-kulisy\/xx4s1c5\" id=\"097eaf84-c74d-4074-84d8-9dd7233e5ad1\" rel=\"nofollow noopener\" target=\"_blank\">Bal Fundacji TVN<\/a>, kt\u00f3ry od lat przyci\u0105ga najwi\u0119ksze nazwiska polskiego show-biznesu. Chocia\u017c przede wszystkim jest to wydarzenie o charakterze charytatywnym, to mo\u017cna je pomyli\u0107 z imprez\u0105 modow\u0105. Gwiazdy czasem nawet kilka miesi\u0119cy wcze\u015bniej wybieraj\u0105 kreacje na ten wiecz\u00f3r.<\/p>\n<ul class=\"OchatFollowUps_wrapper__1ry7X\">\n<li class=\"OchatFollowUps_item__Dhyly OchatFollowUps_itemDesktop__R6aBv\">Jakie dania by\u0142y serwowane na Balu TVN?<\/li>\n<li class=\"OchatFollowUps_item__Dhyly OchatFollowUps_itemDesktop__R6aBv\">Kto ujawni\u0142 menu Balu Fundacji TVN?<\/li>\n<li class=\"OchatFollowUps_item__Dhyly OchatFollowUps_itemDesktop__R6aBv\">Ile pieni\u0119dzy uda\u0142o si\u0119 zebra\u0107 podczas aukcji?<\/li>\n<li class=\"OchatFollowUps_item__Dhyly OchatFollowUps_itemDesktop__R6aBv\">Jakie cele ma Fundacja TVN na przysz\u0142o\u015b\u0107?<\/li>\n<\/ul>\n<p>Cezary Pazura ods\u0142ania kulisy Balu TVN. Te dania znalaz\u0142y si\u0119 na sto\u0142ach <\/p>\n<p class=\"Paragraph_desktopParagraph__U31Gm\">To wyj\u0105tkowe wydarzenie cieszy si\u0119 ogromn\u0105 popularno\u015bci\u0105 w\u015br\u00f3d celebryt\u00f3w, kt\u00f3rzy za ka\u017cdym razem ch\u0119tnie zamieszczaj\u0105 w sieci zdj\u0119cia i nagrania z samych przygotowa\u0144, jak i ju\u017c samego wydarzenia. Nie inaczej by\u0142o i w tym roku. Cezary i Edyta Pazurowie pochwalili si\u0119 w mediach spo\u0142eczno\u015bciowych nie tylko swoimi strojami. Aktor udost\u0119pni\u0142 zdj\u0119cie menu i zaprezentowa\u0142, co kucharze przygotowali dla go\u015bci.<\/p>\n<p class=\"Paragraph_desktopParagraph__U31Gm\">Na przystawk\u0119 zaserwowano carpaccio z pieczonego selera z polskim parmezanem, truflami i sa\u0142at\u0105 rzymsk\u0105. Z kolei jako g\u0142\u00f3wne danie podano pier\u015b z perliczki z sosem koniakowym, pur\u00e9e z chrzanem i limonk\u0105 oraz karmelizowanymi warzywami. Z kolei dla wegetarian przygotowano domowe kopytka z grzybami le\u015bnymi, pian\u0105 borowikow\u0105 i listkami brukselki.<\/p>\n<p><img decoding=\"async\" class=\"Image_image__0tuHp Image_autoHeight__f2n87 \" height=\"587\" width=\"328\" src=\"https:\/\/www.europesays.com\/pl\/wp-content\/uploads\/2025\/11\/TrKk9kpTURBXy9hYTQyZDY1YzljMWE3ZTBkZGRhMmI4MDNkZTkyNWI3Ni5wbmeSlQLNA6wAwsOVAgDNAkvCw94AA6EwAaExAaEzw.jpeg\" alt=\"Cezary Pazura pokaza\u0142 menu na Balu Fundacji TVN\" loading=\"lazy\" \/>instagram.com\/czarekpazura\/ \/ Materia\u0142y &#8222;Na prawach cytatu&#8221;<\/p>\n<p>Cezary Pazura pokaza\u0142 menu na Balu Fundacji TVN<\/p>\n<p class=\"Paragraph_desktopParagraph__U31Gm\">W tym roku podczas aukcji uda\u0142o si\u0119 zebra\u0107 5 370 000 z\u0142otych. Pieni\u0105dze te zostan\u0105 przeznaczone na walk\u0119 z kryzysem zdrowia psychicznego dzieci i m\u0142odzie\u017cy.<\/p>\n<p class=\"Paragraph_desktopParagraph__U31Gm\">Kasia Kieli, szefowa TVN i Warner Bros. Discovery w Polsce, wyja\u015bni\u0142a, \u017ce fundacja planuje wyremontowa\u0107 100 gabinet\u00f3w psychiatryczno-psychologicznych w ca\u0142ym kraju oraz sfinansowa\u0107 100 tys. terapii dla dzieci z rodzin, kt\u00f3re nie mog\u0105 sobie pozwoli\u0107 na prywatne leczenie.<\/p>\n<p><img decoding=\"async\" class=\"Image_image__0tuHp Image_autoHeight__f2n87 \" height=\"587\" width=\"391\" src=\"https:\/\/www.europesays.com\/pl\/wp-content\/uploads\/2025\/11\/Q4ok9kpTURBXy83MzYyM2YzYjdmMzM5OTIyMmE1MDZkNTZiNTE5ZjM4My5qcGeSlQLNA6wAwsOVAgDNAkvCw94AA6EwAaExAaEzw.jpeg\" alt=\"Edyta i Cezary Pazurowie\" loading=\"lazy\" \/>Pawel Wodzynski\/East News \/ East News<\/p>\n<p>Edyta i Cezary Pazurowie<\/p>\n<p class=\"Paragraph_desktopParagraph__U31Gm\">Dzi\u0119kujemy, \u017ce przeczyta\u0142a\u015b\/e\u015b nasz artyku\u0142 do ko\u0144ca. W serwisie Plejada.pl ka\u017cdego dnia piszemy o najwa\u017cniejszych wydarzeniach show-biznesowych. B\u0105d\u017a na bie\u017c\u0105co! <a rel=\"nofollow noopener\" href=\"https:\/\/news.google.com\/publications\/CAAiEF0PeAlb7W1llpV_mwV2rL4qFAgKIhBdD3gJW-1tZZaVf5sFdqy-?hl=pl&amp;gl=PL&amp;ceid=PL%3Apl\" id=\"d4f6e18a-73a3-458f-88aa-7283739c77a9\" target=\"_blank\">Obserwuj<\/a> Plejad\u0119 w Wiadomo\u015bciach Google. Odwied\u017a nas tak\u017ce na <a rel=\"nofollow noopener\" href=\"https:\/\/www.facebook.com\/plejadapl\" id=\"d470f43e-f365-4111-8b17-e991f76f30a2\" target=\"_blank\">Facebooku<\/a>, <a rel=\"nofollow noopener\" href=\"https:\/\/www.instagram.com\/plejadapl\/\" id=\"07ce621c-8a5c-4a84-a073-957257f5c966\" target=\"_blank\">Instagramie<\/a>, <a rel=\"nofollow noopener\" href=\"https:\/\/www.youtube.com\/c\/plejada\" id=\"121ac714-ff34-4eee-8cc0-491fb53a1a11\" target=\"_blank\">YouTubie<\/a> oraz <a rel=\"nofollow noopener\" href=\"https:\/\/www.tiktok.com\/@plejada_pl\" id=\"30f363fb-cfed-474a-b382-5366554dd688\" target=\"_blank\">TikToku<\/a>.<\/p>\n<p class=\"Paragraph_desktopParagraph__U31Gm\">Chcesz podzieli\u0107 si\u0119 ciekawym newsem lub zaproponowa\u0107 temat? Skontaktuj si\u0119 z nami, pisz\u0105c maila na adres: <a href=\"https:\/\/www.onet.pl\/styl-zycia\/plejada\/cezary-i-edyta-pazurowie-na-balu-tvn-aktor-ujawnil-luksusowe-menu\/mailto:plejada@redakcjaonet.pl\" id=\"61ba43ba-46f7-4ad6-8f60-d18e16d4bac8\" rel=\"nofollow noopener\" target=\"_blank\">plejada@redakcjaonet.pl<\/a>.<\/p>\n<p><script async src=\"\/\/www.instagram.com\/embed.js\"><\/script><script async src=\"\/\/www.tiktok.com\/embed.js\"><\/script><\/p>\n","protected":false},"excerpt":{"rendered":"W sobot\u0119 22 listopada w budynku Politechniki Warszawskiej odby\u0142 si\u0119 coroczny Bal Fundacji TVN, kt\u00f3ry od lat przyci\u0105ga&hellip;\n","protected":false},"author":2,"featured_media":115712,"comment_status":"","ping_status":"","sticky":false,"template":"","format":"standard","meta":{"footnotes":""},"categories":[22],"tags":[25142,22269,122,67,53,52,68,51,55,42,38,40,39,41,123,47,196,1113,65,50],"class_list":{"0":"post-115711","1":"post","2":"type-post","3":"status-publish","4":"format-standard","5":"has-post-thumbnail","7":"category-rozrywka","8":"tag-cezary_pazura_aktor","9":"tag-edyta_pazura","10":"tag-entertainment","11":"tag-intextvideo_splayer","12":"tag-new_header","13":"tag-onet3","14":"tag-onet3d","15":"tag-onet3d_2i","16":"tag-phx","17":"tag-pl","18":"tag-poland","19":"tag-polish","20":"tag-polska","21":"tag-polski","22":"tag-rozrywka","23":"tag-screening_general","24":"tag-styl_zycia","25":"tag-tvn_tvn24_tvn7_telewizja","26":"tag-update_me","27":"tag-v2021"},"share_on_mastodon":{"url":"https:\/\/pubeurope.com\/@pl\/115604234381987218","error":""},"_links":{"self":[{"href":"https:\/\/www.europesays.com\/pl\/wp-json\/wp\/v2\/posts\/115711","targetHints":{"allow":["GET"]}}],"collection":[{"href":"https:\/\/www.europesays.com\/pl\/wp-json\/wp\/v2\/posts"}],"about":[{"href":"https:\/\/www.europesays.com\/pl\/wp-json\/wp\/v2\/types\/post"}],"author":[{"embeddable":true,"href":"https:\/\/www.europesays.com\/pl\/wp-json\/wp\/v2\/users\/2"}],"replies":[{"embeddable":true,"href":"https:\/\/www.europesays.com\/pl\/wp-json\/wp\/v2\/comments?post=115711"}],"version-history":[{"count":0,"href":"https:\/\/www.europesays.com\/pl\/wp-json\/wp\/v2\/posts\/115711\/revisions"}],"wp:featuredmedia":[{"embeddable":true,"href":"https:\/\/www.europesays.com\/pl\/wp-json\/wp\/v2\/media\/115712"}],"wp:attachment":[{"href":"https:\/\/www.europesays.com\/pl\/wp-json\/wp\/v2\/media?parent=115711"}],"wp:term":[{"taxonomy":"category","embeddable":true,"href":"https:\/\/www.europesays.com\/pl\/wp-json\/wp\/v2\/categories?post=115711"},{"taxonomy":"post_tag","embeddable":true,"href":"https:\/\/www.europesays.com\/pl\/wp-json\/wp\/v2\/tags?post=115711"}],"curies":[{"name":"wp","href":"https:\/\/api.w.org\/{rel}","templated":true}]}}