{"id":115717,"date":"2025-11-24T10:38:08","date_gmt":"2025-11-24T10:38:08","guid":{"rendered":"https:\/\/www.europesays.com\/pl\/115717\/"},"modified":"2025-11-24T10:38:08","modified_gmt":"2025-11-24T10:38:08","slug":"wegry-ostro-o-dzialaniach-europy-w-sprawie-pokoju-w-ukrainie-nasze-stanowisko-jest-jasne","status":"publish","type":"post","link":"https:\/\/www.europesays.com\/pl\/115717\/","title":{"rendered":"W\u0119gry ostro o dzia\u0142aniach Europy w sprawie pokoju w Ukrainie. &#8222;Nasze stanowisko jest jasne&#8221;"},"content":{"rendered":"<p class=\"ods-c-paragraph \">W sobot\u0119 premier W\u0119gier Viktor Orban oceni\u0142, \u017ce je\u015bli przyw\u00f3dcy Europy dalej b\u0119d\u0105 wysy\u0142a\u0107 pieni\u0105dze i bro\u0144 na Ukrain\u0119 bez wsparcia USA, utoruj\u0105 drog\u0119 konfliktowi europejsko-rosyjskiemu.<\/p>\n<p class=\"ods-c-paragraph \">W\u0119gierski przyw\u00f3dca podkre\u015bli\u0142, \u017ce &#8222;nie ma w\u0105tpliwo\u015bci, kt\u00f3r\u0105 drog\u0119 wybior\u0105 W\u0119gry i jest to droga pokoju&#8221;. Teraz podobne stanowisko przedstawi\u0142 na portalu X szef MSZ W\u0119gier Peter Szijjarto.<\/p>\n<p>Dalszy ci\u0105g artyku\u0142u pod materia\u0142em wideo<\/p>\n<p> Jakie s\u0105 g\u0142\u00f3wne punkty planu pokojowego dla Ukrainy? <\/p>\n<p> Co powiedzia\u0142 Viktor Orban o wsparciu USA? <\/p>\n<p> Jakie stanowisko zajmuje W\u0119gry w sprawie wojny w Ukrainie? <\/p>\n<p> Dlaczego niekt\u00f3rzy przyw\u00f3dcy pr\u00f3buj\u0105 zablokowa\u0107 plan pokojowy? <\/p>\n<p class=\"ods-c-paragraph \">&#8222;28-punktowy plan pokojowy to wielka szansa na zako\u0144czenie wojny w Ukrainie. Mimo to niekt\u00f3rzy zachodnioeuropejscy przyw\u00f3dcy pr\u00f3buj\u0105 go zablokowa\u0107. Nasze stanowisko jest jasne: ka\u017cdy europejski polityk ma obowi\u0105zek w pe\u0142ni i bezwarunkowo poprze\u0107 ten plan, poniewa\u017c jest to racjonalny i humanitarny wyb\u00f3r.&#8221;<\/p>\n<p>    W\u0119gry o planie pokojowym USA dla Ukrainy<\/p>\n<p class=\"ods-c-paragraph \">W sobot\u0119 w\u0119gierski przyw\u00f3dca Viktor Orban skomentowa\u0142 <a href=\"https:\/\/wiadomosci.onet.pl\/swiat\/28-punktowy-plan-pokojowy-dla-ukrainy-jeden-z-zapisow-dotyczy-polski\/lys4hb6\" id=\"75bae423-e09c-4a5e-89f8-d4a2d64aedb5\" rel=\"nofollow noopener\" target=\"_blank\">opublikowany przez media plan pokojowy USA dla Ukrainy<\/a>. Wyrazi\u0142 pogl\u0105d, \u017ce &#8222;Europa stoi teraz przed dwiema \u015bcie\u017ckami&#8221;.<\/p>\n<p class=\"ods-c-paragraph \">&#8222;Wojna rosyjsko-ukrai\u0144ska doprowadzi\u0142a Europ\u0119 do historycznego punktu zwrotnego. Prezydent Donald Trump nie zrezygnowa\u0142 z d\u0105\u017cenia do pokoju na Ukrainie. Mo\u017cemy zawr\u00f3ci\u0107 z tego \u015blepego zau\u0142ka i w ko\u0144cu zjednoczy\u0107 si\u0119 wok\u00f3\u0142 inicjatywy pokojowej prezydenta Trumpa, w\u0142\u0105czaj\u0105c w to brukselskich biurokrat\u00f3w. Wymaga\u0142oby to od prowojennych przyw\u00f3dc\u00f3w zmierzenia si\u0119 z faktem, \u017ce w ci\u0105gu ostatnich 3,5 r. zmarnowali ci\u0119\u017cko zarobione pieni\u0105dze Europejczyk\u00f3w na wojn\u0119, kt\u00f3rej nie da si\u0119 wygra\u0107 na polu bitwy&#8221; \u2014 oceni\u0142 Orban.<\/p>\n","protected":false},"excerpt":{"rendered":"W sobot\u0119 premier W\u0119gier Viktor Orban oceni\u0142, \u017ce je\u015bli przyw\u00f3dcy Europy dalej b\u0119d\u0105 wysy\u0142a\u0107 pieni\u0105dze i bro\u0144 na&hellip;\n","protected":false},"author":2,"featured_media":115718,"comment_status":"","ping_status":"","sticky":false,"template":"","format":"standard","meta":{"footnotes":""},"categories":[14],"tags":[32,33,44,189,27,76,34,35,28,31,48,25,46,6972,40,41,47,80,29,30,415,2670,26,892,82,83,84],"class_list":{"0":"post-115717","1":"post","2":"type-post","3":"status-publish","4":"format-standard","5":"has-post-thumbnail","7":"category-swiat","8":"tag-breaking-news","9":"tag-breakingnews","10":"tag-donald_trump","11":"tag-europa","12":"tag-headlines","13":"tag-inwazja_rosji_na_ukraine","14":"tag-latest-news","15":"tag-latestnews","16":"tag-naglowki","17":"tag-najwazniejsze-artykuly","18":"tag-nat_styl","19":"tag-news","20":"tag-omp","21":"tag-pokoj","22":"tag-polish","23":"tag-polski","24":"tag-screening_general","25":"tag-swiat","26":"tag-top-stories","27":"tag-topstories","28":"tag-ukraina","29":"tag-wegry","30":"tag-wiadomosci","31":"tag-wojna","32":"tag-world","33":"tag-world-news","34":"tag-worldnews"},"share_on_mastodon":{"url":"https:\/\/pubeurope.com\/@pl\/115604246219225407","error":""},"_links":{"self":[{"href":"https:\/\/www.europesays.com\/pl\/wp-json\/wp\/v2\/posts\/115717","targetHints":{"allow":["GET"]}}],"collection":[{"href":"https:\/\/www.europesays.com\/pl\/wp-json\/wp\/v2\/posts"}],"about":[{"href":"https:\/\/www.europesays.com\/pl\/wp-json\/wp\/v2\/types\/post"}],"author":[{"embeddable":true,"href":"https:\/\/www.europesays.com\/pl\/wp-json\/wp\/v2\/users\/2"}],"replies":[{"embeddable":true,"href":"https:\/\/www.europesays.com\/pl\/wp-json\/wp\/v2\/comments?post=115717"}],"version-history":[{"count":0,"href":"https:\/\/www.europesays.com\/pl\/wp-json\/wp\/v2\/posts\/115717\/revisions"}],"wp:featuredmedia":[{"embeddable":true,"href":"https:\/\/www.europesays.com\/pl\/wp-json\/wp\/v2\/media\/115718"}],"wp:attachment":[{"href":"https:\/\/www.europesays.com\/pl\/wp-json\/wp\/v2\/media?parent=115717"}],"wp:term":[{"taxonomy":"category","embeddable":true,"href":"https:\/\/www.europesays.com\/pl\/wp-json\/wp\/v2\/categories?post=115717"},{"taxonomy":"post_tag","embeddable":true,"href":"https:\/\/www.europesays.com\/pl\/wp-json\/wp\/v2\/tags?post=115717"}],"curies":[{"name":"wp","href":"https:\/\/api.w.org\/{rel}","templated":true}]}}