{"id":115721,"date":"2025-11-24T10:40:12","date_gmt":"2025-11-24T10:40:12","guid":{"rendered":"https:\/\/www.europesays.com\/pl\/115721\/"},"modified":"2025-11-24T10:40:12","modified_gmt":"2025-11-24T10:40:12","slug":"nawet-sie-nie-zawahal-oto-jakie-zdanie-o-najmanie-ma-waldus-z-kiepskich","status":"publish","type":"post","link":"https:\/\/www.europesays.com\/pl\/115721\/","title":{"rendered":"Nawet si\u0119 nie zawaha\u0142. Oto jakie zdanie o Najmanie ma &#8222;Waldu\u015b&#8221; z Kiepskich"},"content":{"rendered":"\n<p class=\"contentpart contentpart--default contentpart--text\" data-position=\"0\">Na gali Fame 28 <a href=\"https:\/\/sportowefakty.wp.pl\/sportowybar\/bartosz-zukowski\" rel=\"nofollow noopener\" target=\"_blank\">Bartosz \u017bukowski<\/a>\u00a0mierzy\u0142 si\u0119 z <a href=\"https:\/\/sportowefakty.wp.pl\/sportowybar\/tomasz-szalony-reporter-matysiak\" rel=\"nofollow noopener\" target=\"_blank\">Tomaszem &#8222;Szalonym Reporterem&#8221; Matysiakiem<\/a>. Rywalizowali w formule bokserskiej, ale ich starcie nie trwa\u0142o d\u0142ugo, nieco ponad p\u00f3\u0142 minuty.\u00a0Rywal pos\u0142a\u0142 go na deski po 9 sekundach, a po kolejnej serii cios\u00f3w aktor ju\u017c si\u0119 nie podni\u00f3s\u0142.<\/p>\n<p class=\"contentpart contentpart--default contentpart--text\" data-position=\"1\">&#8211; Zwyci\u0119stwem jest to, \u017ce wyszed\u0142em do klatki i \u017ce w wieku 50 lat potrafi\u0142em si\u0119 zmobilizowa\u0107 &#8211; powiedzia\u0142 po walce aktor znany z roli Waldusia w serialu &#8222;\u015awiat wed\u0142ug Kiepskich&#8221;, w rozmowie z &#8222;Super Expressem&#8221;.<\/p>\n<p> <img role=\"presentation\" src=\"https:\/\/std.wpcdn.pl\/images\/adv\/placeholder_wp.svg\" loading=\"lazy\" alt=\"\" decoding=\"async\"\/>  <\/p>\n<p class=\"contentpart contentpart--default contentpart--text\" data-position=\"2\">ZOBACZ WIDEO: Hit z udzia\u0142em Polaka? Jest na &#8222;tak&#8221;, ale stawia jeden warunek<\/p>\n<p class=\"contentpart contentpart--default contentpart--text\" data-position=\"4\">Mimo g\u0142adkiej pora\u017cki w debiucie \u017bukowski nie zra\u017ca si\u0119 do sport\u00f3w walki. Zapowiedzia\u0142, \u017ce przez najbli\u017csze p\u00f3\u0142 roku postawi na solidne przygotowania, a potem by\u0107 mo\u017ce po raz kolejny zobaczymy go w klatce.<\/p>\n<p class=\"contentpart contentpart--default contentpart--text\" data-position=\"5\">Przy okazji pad\u0142o pytanie o kolejnego rywala. Dziennikarz &#8222;Super Expressu&#8221; zasugerowa\u0142, \u017ce m\u00f3g\u0142by nim by\u0107 <a href=\"https:\/\/sportowefakty.wp.pl\/boks-zawodowy\/marcin-najman\" rel=\"nofollow noopener\" target=\"_blank\">Marcin Najman<\/a>, nazywany &#8222;Cesarzem&#8221; freak fight\u00f3w. Wprawdzie w sobot\u0119, po pora\u017cce z Paw\u0142em &#8222;Scarface&#8221; Bomb\u0105, og\u0142osi\u0142 on zako\u0144czenie kariery, ale&#8230; w przesz\u0142o\u015bci ju\u017c tak robi\u0142, a nast\u0119pnie wraca\u0142 na kolejne walki.<\/p>\n<p class=\"contentpart contentpart--default contentpart--text\" data-position=\"6\">&#8222;Waldu\u015b&#8221; tematu walki z Najmanem nie poruszy\u0142, ale mocno komplementowa\u0142 by\u0142ego pi\u0119\u015bciarza.<\/p>\n<p> <img role=\"presentation\" src=\"https:\/\/std.wpcdn.pl\/images\/adv\/placeholder_wp.svg\" loading=\"lazy\" alt=\"\" decoding=\"async\"\/>  <\/p>\n<p class=\"contentpart contentpart--default contentpart--text\" data-position=\"7\">&#8211; Ja go szanuj\u0119, to jest turbo inteligentny go\u015b\u0107. Pozytywnie mnie to zaskoczy\u0142o. On ma mega talent komediowy, jest b\u0142yskotliwy, dowcipny, my\u015bl\u0119, \u017ce powinien absolutnie robi\u0107 stand-up i ja by\u0142bym pierwszym widzem &#8211; podkre\u015bli\u0142.<\/p>\n<p class=\"contentpart contentpart--default contentpart--text\" data-position=\"8\">\u017bukowski podczas przygotowa\u0144 do walki z Matysiakiem by\u0142 proszony przez kibic\u00f3w, by zachowywa\u0142 si\u0119 jak serialowy Waldu\u015b. Aktor odmawia\u0142. Wyja\u015bni\u0142 teraz, \u017ce powodem by\u0142y ograniczenia licencyjne (kontrakt z ATM i Polsatem).<\/p>\n","protected":false},"excerpt":{"rendered":"Na gali Fame 28 Bartosz \u017bukowski\u00a0mierzy\u0142 si\u0119 z Tomaszem &#8222;Szalonym Reporterem&#8221; Matysiakiem. Rywalizowali w formule bokserskiej, ale ich&hellip;\n","protected":false},"author":2,"featured_media":115722,"comment_status":"","ping_status":"","sticky":false,"template":"","format":"standard","meta":{"footnotes":""},"categories":[5],"tags":[2514,32,33,16772,36,37,27,34,35,24854,1255,28,31,25,42,38,40,39,41,268,1256,16773,29,30,26],"class_list":{"0":"post-115721","1":"post","2":"type-post","3":"status-publish","4":"format-standard","5":"has-post-thumbnail","7":"category-naglowki","8":"tag-boks","9":"tag-breaking-news","10":"tag-breakingnews","11":"tag-fame-mma","12":"tag-featured-news","13":"tag-featurednews","14":"tag-headlines","15":"tag-latest-news","16":"tag-latestnews","17":"tag-marcin-najman","18":"tag-mma","19":"tag-naglowki","20":"tag-najwazniejsze-artykuly","21":"tag-news","22":"tag-pl","23":"tag-poland","24":"tag-polish","25":"tag-polska","26":"tag-polski","27":"tag-sportowybar","28":"tag-sporty-walki","29":"tag-tomasz","30":"tag-top-stories","31":"tag-topstories","32":"tag-wiadomosci"},"share_on_mastodon":{"url":"https:\/\/pubeurope.com\/@pl\/115604254230589641","error":""},"_links":{"self":[{"href":"https:\/\/www.europesays.com\/pl\/wp-json\/wp\/v2\/posts\/115721","targetHints":{"allow":["GET"]}}],"collection":[{"href":"https:\/\/www.europesays.com\/pl\/wp-json\/wp\/v2\/posts"}],"about":[{"href":"https:\/\/www.europesays.com\/pl\/wp-json\/wp\/v2\/types\/post"}],"author":[{"embeddable":true,"href":"https:\/\/www.europesays.com\/pl\/wp-json\/wp\/v2\/users\/2"}],"replies":[{"embeddable":true,"href":"https:\/\/www.europesays.com\/pl\/wp-json\/wp\/v2\/comments?post=115721"}],"version-history":[{"count":0,"href":"https:\/\/www.europesays.com\/pl\/wp-json\/wp\/v2\/posts\/115721\/revisions"}],"wp:featuredmedia":[{"embeddable":true,"href":"https:\/\/www.europesays.com\/pl\/wp-json\/wp\/v2\/media\/115722"}],"wp:attachment":[{"href":"https:\/\/www.europesays.com\/pl\/wp-json\/wp\/v2\/media?parent=115721"}],"wp:term":[{"taxonomy":"category","embeddable":true,"href":"https:\/\/www.europesays.com\/pl\/wp-json\/wp\/v2\/categories?post=115721"},{"taxonomy":"post_tag","embeddable":true,"href":"https:\/\/www.europesays.com\/pl\/wp-json\/wp\/v2\/tags?post=115721"}],"curies":[{"name":"wp","href":"https:\/\/api.w.org\/{rel}","templated":true}]}}