{"id":115725,"date":"2025-11-24T10:42:13","date_gmt":"2025-11-24T10:42:13","guid":{"rendered":"https:\/\/www.europesays.com\/pl\/115725\/"},"modified":"2025-11-24T10:42:13","modified_gmt":"2025-11-24T10:42:13","slug":"maja-komorowska-zgubila-niezwykle-cenna-pamiatke-aktorka-prosila-o-pomoc","status":"publish","type":"post","link":"https:\/\/www.europesays.com\/pl\/115725\/","title":{"rendered":"Maja Komorowska zgubi\u0142a niezwykle cenn\u0105 pami\u0105tk\u0119. Aktorka prosi\u0142a o pomoc"},"content":{"rendered":"<p class=\"art_paragraph\"><a href=\"https:\/\/www.plotek.pl\/maja-komorowska\" class=\"art_link\" rel=\"dofollow noopener\" target=\"_blank\">Maja Komorowska<\/a> od lat znana jest z dzia\u0142alno\u015bci spo\u0142ecznej i charytatywnej. Aktorka, kt\u00f3ra ch\u0119tnie wspiera innych, teraz sama zwr\u00f3ci\u0142a si\u0119 z pro\u015bb\u0105 o pomoc. WW niedziel\u0119 23 listopada po po\u0142udniu opublikowa\u0142a na Facebooku post, w kt\u00f3rym prosi o pomoc w znalezieniu sygnetu narzecze\u0144skiego, kt\u00f3ry nale\u017ca\u0142 do jej rodzic\u00f3w.<\/p>\n<p>\n    Zobacz wideo Wspomina bardzo trudn\u0105 sytuacj\u0119\n  <\/p>\n<p> Maja Komorowska prosi o pomoc w znalezieniu sygnetu. Przekaza\u0142a szczeg\u00f3\u0142y<\/p>\n<p class=\"art_paragraph\">&#8222;Drodzy Znajomi i Nieznajomi, zgubi\u0142am dzisiaj pami\u0105tkowy sygnet (pier\u015bcionek) narzecze\u0144ski moich Rodzic\u00f3w. Na niebieskim tle herb, obr\u0105czka z\u0142ota&#8221; &#8211; czytamy we wpisie aktorki. W dalszej cz\u0119\u015bci Maja Komorowska poinformowa\u0142a, w kt\u00f3rym miejscu najprawdopodobniej dosz\u0142o do przykrej dla niej sytuacji. &#8222;Mog\u0142o to by\u0107 w autobusie 180, tramwaju 17, na przystankach, w ko\u015bciele przy Pl. Teatralnym&#8221; &#8211; przekaza\u0142a, podkre\u015blaj\u0105c, \u017ce pier\u015bcionek jest dla niej niezwykle wa\u017cn\u0105 pami\u0105tk\u0105. Do wpisu Maja Komorowska do\u0142\u0105czy\u0142a r\u00f3wnie\u017c fotografi\u0119 rodzic\u00f3w. &#8222;Sygnet wida\u0107 &#8211; nie bardzo wyra\u017anie &#8211; na tym zdj\u0119ciu&#8221; &#8211; czytamy.\u00a0&#8222;Mo\u017ce kto\u015b znalaz\u0142&#8230; Mam tak\u0105 nadziej\u0119. Gdyby tak &#8211; prosz\u0119 o wiadomo\u015b\u0107&#8221; &#8211; zako\u0144czy\u0142a wpis.<\/p>\n<p class=\"art_paragraph\">Zmartwieni zgub\u0105 Mai Komorowskiej internauci mocno zaanga\u017cowali si\u0119 w komentarzach. Poradzili aktorce, aby spr\u00f3bowa\u0142a si\u0119 skontaktowa\u0107 r\u00f3wnie\u017c z <a href=\"https:\/\/coworkingczerska.pl\/#anchorLink\" rel=\"nofollow noopener\" target=\"_blank\">Biurem<\/a> Rzeczy Znalezionych Warszawskiego Transportu Publicznego. Opublikowany przez ni\u0105 post w kilkana\u015bcie godzin zyska\u0142 te\u017c ponad tysi\u0105c udost\u0119pnie\u0144. Mamy nadziej\u0119, \u017ce niezwykle cenna pami\u0105tka rodzinna wr\u00f3ci do Mai Komorowskiej.<\/p>\n<p> [AKTUALIZACJA]<\/p>\n<p class=\"art_paragraph\">24 listopada aktorka zaktualizowa\u0142a wpis i poinformowa\u0142a, \u017ce pami\u0105tka si\u0119 odnalaz\u0142a. &#8222;Jest! Rano jak \u015bw. Miko\u0142aj w drzwiach s\u0105siad nieznany mi z pier\u015bcionkiem w gar\u015bci. Znalaz\u0142 w windzie&#8230; Tak bardzo wszystkim dzi\u0119kuj\u0119&#8230;&#8221; &#8211; napisa\u0142a Komorowska.<\/p>\n<p> Maja Komorowska tak wspomina rodzic\u00f3w<\/p>\n<p class=\"art_paragraph\">Maja Komorowska urodzi\u0142a si\u0119 23 grudnia 1937 roku w Warszawie. Nie wszyscy wiedz\u0105, \u017ce aktorka mia\u0142a brata bli\u017aniaka Piotra, kt\u00f3ry r\u00f3wnie\u017c by\u0142 aktorem. Komorowska\u00a0wywodzi si\u0119 z rodziny ze szlacheckimi korzeniami &#8211; jest c\u00f3rk\u0105 Leona Komorowskiego i\u00a0Ireny z Leitgeber\u00f3w. &#8211; Drobne sprawy s\u0105 wa\u017cne. Cho\u0107by buty. M\u00f3j ojciec mi to wpoi\u0142: &#8222;je\u015bli jest trudno, wyczy\u015b\u0107 cho\u0107by porz\u0105dnie buty&#8221;. W tych szczeg\u00f3\u0142ach mo\u017cemy si\u0119 poprawi\u0107. I mo\u017ce z tych szczeg\u00f3\u0142\u00f3w z\u0142o\u017cy si\u0119 co\u015b, co sprawi, \u017ce b\u0119dzie nam lepiej ze sob\u0105 samym &#8211; m\u00f3wi\u0142a Maja Komorowska cytowana przez\u00a0polskieradio24.pl. Dzieci\u0144stwo, kt\u00f3re prze\u017cy\u0142a w podwarszawskim Komorowie, wspomina\u0142a jako bardzo szcz\u0119\u015bliwe. &#8211; Pami\u0119tam alej\u0119 lipow\u0105 i jej zapach, i zbieranie lipy na herbat\u0119. I to, \u017ce mama nauczy\u0142a mnie doceniania kwiat\u00f3w. Bo to by\u0142o bardzo wa\u017cne u mnie w domu: oczekiwa\u0142o si\u0119 na ja\u015bminy, na peonie &#8211; opowiada\u0142a aktorka.<\/p>\n","protected":false},"excerpt":{"rendered":"Maja Komorowska od lat znana jest z dzia\u0142alno\u015bci spo\u0142ecznej i charytatywnej. Aktorka, kt\u00f3ra ch\u0119tnie wspiera innych, teraz sama&hellip;\n","protected":false},"author":2,"featured_media":115726,"comment_status":"","ping_status":"","sticky":false,"template":"","format":"standard","meta":{"footnotes":""},"categories":[22],"tags":[122,42,38,40,39,41,123],"class_list":{"0":"post-115725","1":"post","2":"type-post","3":"status-publish","4":"format-standard","5":"has-post-thumbnail","7":"category-rozrywka","8":"tag-entertainment","9":"tag-pl","10":"tag-poland","11":"tag-polish","12":"tag-polska","13":"tag-polski","14":"tag-rozrywka"},"share_on_mastodon":{"url":"https:\/\/pubeurope.com\/@pl\/115604261891827069","error":""},"_links":{"self":[{"href":"https:\/\/www.europesays.com\/pl\/wp-json\/wp\/v2\/posts\/115725","targetHints":{"allow":["GET"]}}],"collection":[{"href":"https:\/\/www.europesays.com\/pl\/wp-json\/wp\/v2\/posts"}],"about":[{"href":"https:\/\/www.europesays.com\/pl\/wp-json\/wp\/v2\/types\/post"}],"author":[{"embeddable":true,"href":"https:\/\/www.europesays.com\/pl\/wp-json\/wp\/v2\/users\/2"}],"replies":[{"embeddable":true,"href":"https:\/\/www.europesays.com\/pl\/wp-json\/wp\/v2\/comments?post=115725"}],"version-history":[{"count":0,"href":"https:\/\/www.europesays.com\/pl\/wp-json\/wp\/v2\/posts\/115725\/revisions"}],"wp:featuredmedia":[{"embeddable":true,"href":"https:\/\/www.europesays.com\/pl\/wp-json\/wp\/v2\/media\/115726"}],"wp:attachment":[{"href":"https:\/\/www.europesays.com\/pl\/wp-json\/wp\/v2\/media?parent=115725"}],"wp:term":[{"taxonomy":"category","embeddable":true,"href":"https:\/\/www.europesays.com\/pl\/wp-json\/wp\/v2\/categories?post=115725"},{"taxonomy":"post_tag","embeddable":true,"href":"https:\/\/www.europesays.com\/pl\/wp-json\/wp\/v2\/tags?post=115725"}],"curies":[{"name":"wp","href":"https:\/\/api.w.org\/{rel}","templated":true}]}}