{"id":115729,"date":"2025-11-24T10:44:22","date_gmt":"2025-11-24T10:44:22","guid":{"rendered":"https:\/\/www.europesays.com\/pl\/115729\/"},"modified":"2025-11-24T10:44:22","modified_gmt":"2025-11-24T10:44:22","slug":"to-byl-jedyny-sklep-w-wielu-wsiach-teraz-siec-upada-a-23-placowki-przejmie-znany-gigant","status":"publish","type":"post","link":"https:\/\/www.europesays.com\/pl\/115729\/","title":{"rendered":"To by\u0142 jedyny sklep w wielu wsiach. Teraz sie\u0107 upada, a 23 plac\u00f3wki przejmie znany gigant"},"content":{"rendered":"<p>\t\t\t\t\tZnana wielu Polakom z wakacji w Austrii sie\u0107 Unimarkt przechodzi najwi\u0119ksz\u0105 operacj\u0119 w swojej historii. Firma, kt\u00f3ra prowadzi 91 sklep\u00f3w, g\u0142\u00f3wnie w ma\u0142ych miejscowo\u015bciach, cz\u0119sto jako jedyny punkt handlu spo\u017cywczego w okolicy, ju\u017c we wrze\u015bniu og\u0142osi\u0142a zamiar ca\u0142kowitego wycofania si\u0119 z rynku. Teraz zapad\u0142a pierwsza kluczowa decyzja: 23 plac\u00f3wki przejmie dobrze znany konkurent.<\/p>\n<ul>&#13;<\/p>\n<li>Znana w ma\u0142ych miejscowo\u015bciach sie\u0107 Unimarkt wycofuje si\u0119 z rynku, sprzedaj\u0105c wszystkie swoje sklepy &#8211; to efekt decyzji o ca\u0142kowitym opuszczeniu handlu detalicznego.<\/li>\n<p>&#13;<\/p>\n<li>SPAR przejmuje 23 plac\u00f3wki w pi\u0119ciu austriackich regionach; rozmowy zako\u0144czono, czeka si\u0119 jedynie na zgod\u0119 urz\u0119du antymonopolowego.<\/li>\n<p>&#13;<\/p>\n<li>Pracownicy tych sklep\u00f3w maj\u0105 zosta\u0107 przej\u0119ci, jednak wiele pozosta\u0142ych lokalizacji Unimarkt nadal czeka na niepewn\u0105 przysz\u0142o\u015b\u0107.<\/li>\n<p>&#13;\n<\/ul>\n<p>        <a href=\"https:\/\/www.portalspozywczy.pl\/handel\/wiadomosci\/wszystko-jasne-dino-zdradza-co-naprawde-dzieje-sie-z-owocami-warzywami-i-kwiatami-w-sklepach,282802.html\" class=\"read-more-box-img-cnt\" rel=\"nofollow noopener\" target=\"_blank\"><br \/>\n        \t                <img decoding=\"async\" loading=\"lazy\" src=\"https:\/\/www.europesays.com\/pl\/wp-content\/uploads\/2025\/11\/191921_r0_300.jpg\" alt=\"Wszystko jasne. Dino zdradza, co naprawd\u0119 dzieje si\u0119 z owocami, warzywami i kwiatami w sklepach\" class=\"read-more-box-img\" width=\"150\" height=\"100\"\/><br \/>\n                    <\/a><\/p>\n<p>        <a href=\"https:\/\/www.portalspozywczy.pl\/inne\/wiadomosci\/nowy-obowiazek-w-obiektach-handlowych-wchodzi-w-zycie-od-1-stycznia,283060.html\" class=\"read-more-box-img-cnt\" rel=\"nofollow noopener\" target=\"_blank\"><br \/>\n        \t                <img decoding=\"async\" loading=\"lazy\" src=\"https:\/\/www.europesays.com\/pl\/wp-content\/uploads\/2025\/11\/192173_r0_300.jpg\" alt=\"Nowy obowi\u0105zek w obiektach handlowych. Wchodzi w \u017cycie od 1 stycznia\" class=\"read-more-box-img\" width=\"150\" height=\"100\"\/><br \/>\n                    <\/a><\/p>\n<p>        <a href=\"https:\/\/www.portalspozywczy.pl\/handel\/wiadomosci\/wyszlo-na-jaw-jak-czterej-giganci-steruja-handlem-ceny-w-sklepach-nie-sa-przypadkiem,283056.html\" class=\"read-more-box-img-cnt\" rel=\"nofollow noopener\" target=\"_blank\"><br \/>\n        \t                <img decoding=\"async\" loading=\"lazy\" src=\"https:\/\/www.europesays.com\/pl\/wp-content\/uploads\/2025\/11\/192167_r0_300.jpg\" alt=\"Wysz\u0142o na jaw, jak czterej giganci steruj\u0105 handlem. &quot;Ceny w sklepach nie s\u0105 przypadkiem&quot;\" class=\"read-more-box-img\" width=\"150\" height=\"100\"\/><br \/>\n                    <\/a><\/p>\n<p>SPAR wchodzi na miejsce Unimarktu<\/p>\n<p>Jak poinformowa\u0142a grupa SPAR w oficjalnym komunikacie, przej\u0119cie dotyczy 23 sklep\u00f3w zlokalizowanych w pi\u0119ciu krajach zwi\u0105zkowych:<\/p>\n<ul>&#13;<\/p>\n<li>11 w Styrii<\/li>\n<p>&#13;<\/p>\n<li>5 w G\u00f3rnej Austrii<\/li>\n<p>&#13;<\/p>\n<li>4 w Dolnej Austrii<\/li>\n<p>&#13;<\/p>\n<li>2 w Salzburgu<\/li>\n<p>&#13;<\/p>\n<li>1 w Burgenlandzie.<\/li>\n<p>&#13;\n<\/ul>\n<p>Strony potwierdzi\u0142y, \u017ce negocjacje zako\u0144czy\u0142y si\u0119 sukcesem, cho\u0107 szczeg\u00f3\u0142y finansowe transakcji pozostaj\u0105 niejawne. Do finalizacji potrzebna jest jeszcze zgoda austriackich organ\u00f3w ds. konkurencji.<\/p>\n<p>        <a href=\"https:\/\/www.portalspozywczy.pl\/inne\/wiadomosci\/klienci-mysleli-ze-dostana-50-gr-za-butelke-w-wielu-przypadkach-dostaja-mniej-oto-dlaczego,283057.html\" class=\"read-more-box-img-cnt\" rel=\"nofollow noopener\" target=\"_blank\"><br \/>\n        \t                <img decoding=\"async\" loading=\"lazy\" src=\"https:\/\/www.europesays.com\/pl\/wp-content\/uploads\/2025\/11\/192169_r0_300.jpg\" alt=\"Klienci my\u015bleli, \u017ce dostan\u0105 50 gr za butelk\u0119. W wielu przypadkach dostaj\u0105 mniej. Oto dlaczego\" class=\"read-more-box-img\" width=\"150\" height=\"100\"\/><br \/>\n                    <\/a><\/p>\n<p>Pracownicy maj\u0105 zosta\u0107 przej\u0119ci<\/p>\n<p>Dla ponad 600 pracownik\u00f3w sieci to pierwsza dobra wiadomo\u015b\u0107 od miesi\u0119cy. Wed\u0142ug komunikatu SPAR, za\u0142ogi przejmowanych sklep\u00f3w maj\u0105 zosta\u0107 zatrudnione w nowych strukturach.<\/p>\n<p>Dyrektor Unimarktu Andreas H\u00e4mmerle podkre\u015bli\u0142, \u017ce priorytetem by\u0142o zachowanie plac\u00f3wek w obecnych lokalizacjach.<\/p>\n<blockquote><p>&#13;<\/p>\n<p>&#8211;\u00a0Nasi franczyzobiorcy s\u0105 u SPAR w dobrych r\u0119kach &#8211; powiedzia\u0142 H\u00e4mmerle.<\/p>\n<p>&#13;\n<\/p><\/blockquote>\n<p>Zadowolenia nie kryje te\u017c prezes SPAR, Hans K. Reisch, kt\u00f3ry przypomnia\u0142, \u017ce firma od 70 lat wsp\u00f3\u0142pracuje z lokalnymi detalistami i chce zapewni\u0107 ci\u0105g\u0142o\u015b\u0107 dostaw w mniejszych miejscowo\u015bciach.<\/p>\n<p>        <a href=\"https:\/\/www.portalspozywczy.pl\/handel\/wiadomosci\/gotowka-do-reki-w-dino-nie-trzeba-robic-zakupow-nie-wszyscy-jeszcze-wiedza,282803.html\" class=\"read-more-box-img-cnt\" rel=\"nofollow noopener\" target=\"_blank\"><br \/>\n        \t                <img decoding=\"async\" loading=\"lazy\" src=\"https:\/\/www.europesays.com\/pl\/wp-content\/uploads\/2025\/11\/192015_r0_300.jpg\" alt=\"Got\u00f3wka do r\u0119ki w Dino. Nie trzeba robi\u0107 zakup\u00f3w. Nie wszyscy jeszcze wiedz\u0105\" class=\"read-more-box-img\" width=\"150\" height=\"100\"\/><br \/>\n                    <\/a><\/p>\n<p>Co dalej z pozosta\u0142ymi sklepami?<\/p>\n<p>Los pozosta\u0142ych kilkudziesi\u0119ciu sklep\u00f3w Unimarkt nadal jest niepewny. W komentarzach w austriackich mediach lokalni mieszka\u0144cy i klienci apeluj\u0105 o przej\u0119cie ca\u0142ej sieci, obawiaj\u0105c si\u0119 o przysz\u0142o\u015b\u0107 plac\u00f3wek w ma\u0142ych miejscowo\u015bciach.<\/p>\n<blockquote><p>&#13;<\/p>\n<p>&#8211;\u00a0By\u0142oby najlepiej, gdyby wszystkie sklepy i ca\u0142a za\u0142oga zosta\u0142y przej\u0119te przez SPAR &#8211; napisa\u0142 jeden z u\u017cytkownik\u00f3w Facebooka cytowany przez &#8222;O\u00d6Nachrichten&#8221;.<\/p>\n<p>&#13;\n<\/p><\/blockquote>\n<p>Proces sprzeda\u017cy Unimarktu &#8211; obejmuj\u0105cy zar\u00f3wno sklepy w\u0142asne, jak i franczyzowe &#8211; ma zosta\u0107 zako\u0144czony do ko\u0144ca roku. Firma zapewnia, \u017ce do tego czasu wszystkie plac\u00f3wki pozostaj\u0105 otwarte, a p\u00f3\u0142ki pe\u0142ne towaru.<\/p>\n<p>        <a href=\"https:\/\/www.portalspozywczy.pl\/handel\/wiadomosci\/dino-robi-to-po-swojemu-klienci-przecieraja-oczy-patrzac-na-etykiety,282931.html\" class=\"read-more-box-img-cnt\" rel=\"nofollow noopener\" target=\"_blank\"><br \/>\n        \t                <img decoding=\"async\" loading=\"lazy\" src=\"https:\/\/www.europesays.com\/pl\/wp-content\/uploads\/2025\/11\/192048_r0_300.jpg\" alt=\"Dino robi to po swojemu. Klienci przecieraj\u0105 oczy, patrz\u0105c na etykiety\" class=\"read-more-box-img\" width=\"150\" height=\"100\"\/><br \/>\n                    <\/a><\/p>\n<p>Upadek kolejnej sieci w handlu spo\u017cywczym<\/p>\n<p>To kolejny g\u0142o\u015bny przypadek wycofania si\u0119 du\u017cej sieci handlowej w Europie. W Niemczech niemal w tym samym czasie jeden z dyskont\u00f3w og\u0142osi\u0142 zamkni\u0119cie prawie po\u0142owy swoich sklep\u00f3w &#8211; rynek detaliczny przechodzi turbulentny okres, w kt\u00f3rym rosn\u0105 koszty dzia\u0142alno\u015bci, presja cenowa i zmieniaj\u0105ce si\u0119 zachowania klient\u00f3w.<\/p>\n","protected":false},"excerpt":{"rendered":"Znana wielu Polakom z wakacji w Austrii sie\u0107 Unimarkt przechodzi najwi\u0119ksz\u0105 operacj\u0119 w swojej historii. Firma, kt\u00f3ra prowadzi&hellip;\n","protected":false},"author":2,"featured_media":115730,"comment_status":"","ping_status":"","sticky":false,"template":"","format":"standard","meta":{"footnotes":""},"categories":[16],"tags":[664,25155,25149,25152,25146,113,112,25144,25147,25153,25150,42,38,40,39,41,25145,25148,25154,25151],"class_list":{"0":"post-115729","1":"post","2":"type-post","3":"status-publish","4":"format-standard","5":"has-post-thumbnail","7":"category-biznes","8":"tag-typedefinedterm","9":"tag-11305-html","10":"tag-42789-html","11":"tag-49343-html","12":"tag-518-html","13":"tag-biznes","14":"tag-business","15":"tag-namespar","16":"tag-namesupermakety","17":"tag-nameupadu0142ou015bci","18":"tag-nameupadu0142ou015bci-firm-handlowych","19":"tag-pl","20":"tag-poland","21":"tag-polish","22":"tag-polska","23":"tag-polski","24":"tag-urlhttps-www-portalspozywczy-pl-tagi-spar","25":"tag-urlhttps-www-portalspozywczy-pl-tagi-supermakety","26":"tag-urlhttps-www-portalspozywczy-pl-tagi-upadlosci","27":"tag-urlhttps-www-portalspozywczy-pl-tagi-upadlosci-firm-handlowych"},"share_on_mastodon":{"url":"https:\/\/pubeurope.com\/@pl\/115604270210029605","error":""},"_links":{"self":[{"href":"https:\/\/www.europesays.com\/pl\/wp-json\/wp\/v2\/posts\/115729","targetHints":{"allow":["GET"]}}],"collection":[{"href":"https:\/\/www.europesays.com\/pl\/wp-json\/wp\/v2\/posts"}],"about":[{"href":"https:\/\/www.europesays.com\/pl\/wp-json\/wp\/v2\/types\/post"}],"author":[{"embeddable":true,"href":"https:\/\/www.europesays.com\/pl\/wp-json\/wp\/v2\/users\/2"}],"replies":[{"embeddable":true,"href":"https:\/\/www.europesays.com\/pl\/wp-json\/wp\/v2\/comments?post=115729"}],"version-history":[{"count":0,"href":"https:\/\/www.europesays.com\/pl\/wp-json\/wp\/v2\/posts\/115729\/revisions"}],"wp:featuredmedia":[{"embeddable":true,"href":"https:\/\/www.europesays.com\/pl\/wp-json\/wp\/v2\/media\/115730"}],"wp:attachment":[{"href":"https:\/\/www.europesays.com\/pl\/wp-json\/wp\/v2\/media?parent=115729"}],"wp:term":[{"taxonomy":"category","embeddable":true,"href":"https:\/\/www.europesays.com\/pl\/wp-json\/wp\/v2\/categories?post=115729"},{"taxonomy":"post_tag","embeddable":true,"href":"https:\/\/www.europesays.com\/pl\/wp-json\/wp\/v2\/tags?post=115729"}],"curies":[{"name":"wp","href":"https:\/\/api.w.org\/{rel}","templated":true}]}}