{"id":115731,"date":"2025-11-24T10:45:14","date_gmt":"2025-11-24T10:45:14","guid":{"rendered":"https:\/\/www.europesays.com\/pl\/115731\/"},"modified":"2025-11-24T10:45:14","modified_gmt":"2025-11-24T10:45:14","slug":"porwanie-315-osob-w-nigerii-dramat-w-katolickiej-szkole","status":"publish","type":"post","link":"https:\/\/www.europesays.com\/pl\/115731\/","title":{"rendered":"Porwanie 315 os\u00f3b w Nigerii. Dramat w katolickiej szkole"},"content":{"rendered":"<p>Atak na szko\u0142\u0119 w stanie Niger <\/p>\n<p class=\"Paragraph_desktopParagraph__U31Gm\">Szko\u0142\u0119 w stanie Niger zaatakowali uzbrojeni napastnicy wczesnym rankiem w pi\u0105tek 21 listopada. Pocz\u0105tkowo szacowano, \u017ce porwanych zosta\u0142o do 100 os\u00f3b. W\u0142adze Nigerii nie skomentowa\u0142y jeszcze liczby porwanych uczni\u00f3w i nauczycieli. Jest to drugie w ci\u0105gu tygodnia masowe porwanie uczni\u00f3w w p\u00f3\u0142nocno-zachodniej Nigerii. W poniedzia\u0142ek uzbrojeni napastnicy zaatakowali szko\u0142\u0119 z internatem dla dziewcz\u0105t w stanie Kebbi, zabili nauczycielk\u0119 i porwali 25 muzu\u0142ma\u0144skich uczennic.<\/p>\n<ul class=\"OchatFollowUps_wrapper__1ry7X\">\n<li class=\"OchatFollowUps_item__Dhyly OchatFollowUps_itemDesktop__R6aBv\">Ile os\u00f3b zosta\u0142o porwanych w ataku na szko\u0142\u0119 w Nigerii?<\/li>\n<li class=\"OchatFollowUps_item__Dhyly OchatFollowUps_itemDesktop__R6aBv\">Kiedy mia\u0142o miejsce porwanie w Papiri?<\/li>\n<li class=\"OchatFollowUps_item__Dhyly OchatFollowUps_itemDesktop__R6aBv\">Jakie \u015brodki ostro\u017cno\u015bci wprowadzono w Nigerii?<\/li>\n<li class=\"OchatFollowUps_item__Dhyly OchatFollowUps_itemDesktop__R6aBv\">Kto zaapelowa\u0142 o uwolnienie zak\u0142adnik\u00f3w?<\/li>\n<\/ul>\n<p>Reakcje i \u015brodki ostro\u017cno\u015bci <\/p>\n<p class=\"Paragraph_desktopParagraph__U31Gm\">W ramach \u015brodk\u00f3w ostro\u017cno\u015bci, zarz\u0105dzono zamkni\u0119cie wszystkich szk\u00f3\u0142 w stanach Niger, Katsina i Plateau, poinformowa\u0142a francuska agencja prasowa AFP. Tymczasem biskup Yohanna z Kontagoras odrzuci\u0142 w sobot\u0119 twierdzenia urz\u0119dnik\u00f3w pa\u0144stwowych, \u017ce szko\u0142a w Papiri zlekcewa\u017cy\u0142a rz\u0105dowy nakaz zamkni\u0119cia wszystkich szk\u00f3\u0142 z internatem po ostrze\u017ceniach wywiadu o zwi\u0119kszonym ryzyku ataku. &#8222;Wbrew pog\u0142oskom, ani od rz\u0105du, ani od s\u0142u\u017cb bezpiecze\u0144stwa nie otrzymali\u015bmy \u017cadnego ostrze\u017cenia&#8221; \u2014 cytuje biskupa gazeta &#8222;Vanguard&#8221; (online).<\/p>\n<p>Brak odpowiedzialno\u015bci za atak <\/p>\n<p class=\"Paragraph_desktopParagraph__U31Gm\">Jak dot\u0105d, do ataku nie przyzna\u0142a si\u0119 \u017cadna grupa. Ataki na szko\u0142y i masowe porwania, dokonywane zar\u00f3wno przez gangi przest\u0119pcze, jak i islamistyczne ugrupowania terrorystyczne, powtarzaj\u0105 si\u0119 w ostatnich latach szczeg\u00f3lnie w p\u00f3\u0142nocnej Nigerii, kraju licz\u0105cym 230 mln mieszka\u0144c\u00f3w. Do najgorszego, jak dotychczas, porwania dosz\u0142o w kwietniu 2014 roku w szkole dla dziewcz\u0105t w Chibok w stanie Borno. Islamistyczna boj\u00f3wka Boko Haram porwa\u0142a w\u00f3wczas 276 uczennic. Los oko\u0142o 90 z nich pozostaje nieznany.<\/p>\n<p>Zabici i porwani w ataku na ko\u015bci\u00f3\u0142 <\/p>\n<p class=\"Paragraph_desktopParagraph__U31Gm\">W ubieg\u0142y wtorek uzbrojeni napastnicy zabili dwie osoby i porwali 38 wiernych podczas nabo\u017ce\u0144stwa w stanie Kwara w zachodniej Nigerii. Agencja Reuters poinformowa\u0142a w pi\u0105tek, powo\u0142uj\u0105c si\u0119 na przedstawiciela Ko\u015bcio\u0142a, \u017ce sprawcy \u017c\u0105daj\u0105 okupu w wysoko\u015bci 100 mln naira (oko\u0142o 60 000 euro) za ka\u017cd\u0105 porwan\u0105 osob\u0119.<\/p>\n<p class=\"Paragraph_desktopParagraph__U31Gm\">Dwa tygodnie temu prezydent USA Donald Trump og\u0142osi\u0142 plany umieszczenia Nigerii na li\u015bcie kraj\u00f3w obj\u0119tych ograniczeniami wolno\u015bci religijnej. Uzasadni\u0142 t\u0119 decyzj\u0119 zarzutem &#8222;mordowania&#8221; tamtejszych chrze\u015bcijan przez islamist\u00f3w. P\u00f3\u017aniej grozi\u0142 atakiem militarnym, je\u015bli Nigeria b\u0119dzie nadal tolerowa\u0107 &#8222;zabijanie chrze\u015bcijan&#8221;.<\/p>\n<p>Apel o uwolnienie zak\u0142adnik\u00f3w <\/p>\n<p class=\"Paragraph_desktopParagraph__U31Gm\">&#8222;G\u0142\u0119bokie zaniepokojenie&#8221; ostatnim przera\u017caj\u0105cym atakiem w Papiri wyrazi\u0142 dyrektor krajowy Papieskich Dzie\u0142 Misyjnych (missio) w Austrii, ks. Karl Wallner. Porwanie ponad 300 dzieci to &#8222;powa\u017cna sytuacja, kt\u00f3rej my na Zachodzie nie mo\u017cemy ignorowa\u0107&#8221; \u2014 podkre\u015bli\u0142 ks. Wallner. &#8222;Wolno\u015b\u0107 religijna jest fundamentalnym prawem cz\u0142owieka, kt\u00f3re dotyczy nas wszystkich. Prze\u015bladowania chrze\u015bcijan w Afryce prowadz\u0105 do destabilizacji niekt\u00f3rych region\u00f3w. Musimy zrobi\u0107 wszystko, co w naszej mocy, aby wzmocni\u0107 wolno\u015b\u0107 religijn\u0105, zw\u0142aszcza w Nigerii&#8221;.<\/p>\n<p class=\"Paragraph_desktopParagraph__U31Gm\">O natychmiastowe uwolnienie zak\u0142adnik\u00f3w apelowa\u0142 r\u00f3wnie\u017c papie\u017c Leon XIV. Podczas dzisiejszej modlitwy &#8222;Anio\u0142 Pa\u0144ski&#8221; na placu \u015bw. Piotra papie\u017c wezwa\u0142 w\u0142a\u015bciwe w\u0142adze do podj\u0119cia odpowiednich i szybkich decyzji, aby zapewni\u0107 ich uwolnienie. Wiernych prosi\u0142 o modlitw\u0119, &#8222;aby ko\u015bcio\u0142y i szko\u0142y zawsze i wsz\u0119dzie pozostawa\u0142y miejscami bezpiecze\u0144stwa i nadziei&#8221;.<\/p>\n<p class=\"Paragraph_desktopParagraph__U31Gm\">Podsumowuj\u0105c, sytuacja w Nigerii jest dramatyczna, z licznymi porwaniami i atakami na szko\u0142y oraz ko\u015bcio\u0142y. W\u0142adze podejmuj\u0105 \u015brodki ostro\u017cno\u015bci, zamykaj\u0105c szko\u0142y w zagro\u017conych regionach, jednak problem pozostaje nierozwi\u0105zany. Mi\u0119dzynarodowe organizacje i przyw\u00f3dcy religijni apeluj\u0105 o dzia\u0142ania na rzecz uwolnienia zak\u0142adnik\u00f3w i ochrony wolno\u015bci religijnej.<\/p>\n","protected":false},"excerpt":{"rendered":"Atak na szko\u0142\u0119 w stanie Niger Szko\u0142\u0119 w stanie Niger zaatakowali uzbrojeni napastnicy wczesnym rankiem w pi\u0105tek 21&hellip;\n","protected":false},"author":2,"featured_media":115732,"comment_status":"","ping_status":"","sticky":false,"template":"","format":"standard","meta":{"footnotes":""},"categories":[14],"tags":[32,33,27,11458,34,35,28,31,53,25,52,68,51,312,55,40,41,47,80,29,30,50,26,82,83,84],"class_list":{"0":"post-115731","1":"post","2":"type-post","3":"status-publish","4":"format-standard","5":"has-post-thumbnail","7":"category-swiat","8":"tag-breaking-news","9":"tag-breakingnews","10":"tag-headlines","11":"tag-kai","12":"tag-latest-news","13":"tag-latestnews","14":"tag-naglowki","15":"tag-najwazniejsze-artykuly","16":"tag-new_header","17":"tag-news","18":"tag-onet3","19":"tag-onet3d","20":"tag-onet3d_2i","21":"tag-pcz","22":"tag-phx","23":"tag-polish","24":"tag-polski","25":"tag-screening_general","26":"tag-swiat","27":"tag-top-stories","28":"tag-topstories","29":"tag-v2021","30":"tag-wiadomosci","31":"tag-world","32":"tag-world-news","33":"tag-worldnews"},"share_on_mastodon":{"url":"https:\/\/pubeurope.com\/@pl\/115604273565477724","error":""},"_links":{"self":[{"href":"https:\/\/www.europesays.com\/pl\/wp-json\/wp\/v2\/posts\/115731","targetHints":{"allow":["GET"]}}],"collection":[{"href":"https:\/\/www.europesays.com\/pl\/wp-json\/wp\/v2\/posts"}],"about":[{"href":"https:\/\/www.europesays.com\/pl\/wp-json\/wp\/v2\/types\/post"}],"author":[{"embeddable":true,"href":"https:\/\/www.europesays.com\/pl\/wp-json\/wp\/v2\/users\/2"}],"replies":[{"embeddable":true,"href":"https:\/\/www.europesays.com\/pl\/wp-json\/wp\/v2\/comments?post=115731"}],"version-history":[{"count":0,"href":"https:\/\/www.europesays.com\/pl\/wp-json\/wp\/v2\/posts\/115731\/revisions"}],"wp:featuredmedia":[{"embeddable":true,"href":"https:\/\/www.europesays.com\/pl\/wp-json\/wp\/v2\/media\/115732"}],"wp:attachment":[{"href":"https:\/\/www.europesays.com\/pl\/wp-json\/wp\/v2\/media?parent=115731"}],"wp:term":[{"taxonomy":"category","embeddable":true,"href":"https:\/\/www.europesays.com\/pl\/wp-json\/wp\/v2\/categories?post=115731"},{"taxonomy":"post_tag","embeddable":true,"href":"https:\/\/www.europesays.com\/pl\/wp-json\/wp\/v2\/tags?post=115731"}],"curies":[{"name":"wp","href":"https:\/\/api.w.org\/{rel}","templated":true}]}}