{"id":115764,"date":"2025-11-24T11:03:09","date_gmt":"2025-11-24T11:03:09","guid":{"rendered":"https:\/\/www.europesays.com\/pl\/115764\/"},"modified":"2025-11-24T11:03:09","modified_gmt":"2025-11-24T11:03:09","slug":"w-polsce-ma-liczne-grono-fanow-andrea-bocelli-z-koncertami-w-gdansku-i-warszawie","status":"publish","type":"post","link":"https:\/\/www.europesays.com\/pl\/115764\/","title":{"rendered":"W Polsce ma liczne grono fan\u00f3w. Andrea Bocelli z koncertami w Gda\u0144sku i Warszawie"},"content":{"rendered":"<p class=\"Paragraph_desktopParagraph__U31Gm\"><a href=\"https:\/\/kultura.onet.pl\/andrea-bocelli\" id=\"a51f919d-1ab3-4626-b7a5-2dc0b95af312\" rel=\"nofollow noopener\" target=\"_blank\">Andrea Bocelli <\/a>to mi\u0119dzynarodowy fenomen, uwielbiany przez publiczno\u015b\u0107 na ca\u0142ym \u015bwiecie. Maestro sprzeda\u0142 blisko 90 mln p\u0142yt i osi\u0105gn\u0105\u0142 ponad 20 mld odtworze\u0144 w serwisach streamingowych. Opr\u00f3cz wyprzedanych koncert\u00f3w na najwi\u0119kszych arenach i bij\u0105cych rekordy transmisji internetowych na \u017cywo Bocelli prezentowa\u0142 sw\u00f3j talent na wielu wa\u017cnych wydarzeniach, takich jak Igrzyska Olimpijskie<a href=\"https:\/\/przegladsportowy.onet.pl\/pilka-nozna\/euro-2020\/euro-2020-andrea-bocelli-na-ceremonii-otwarcia-wystep-wideo-i-zdjecia\/t6qz0hx\" id=\"5b571044-da16-4fbf-b058-2b54794bbb31\" rel=\"nofollow noopener\" target=\"_blank\">, Mistrzostwa \u015awiata w Pi\u0142ce No\u017cnej<\/a> i Global Citizen.<\/p>\n<p class=\"VideoPlayerText_videoPlayerText__iDwyz\">Dalszy ci\u0105g materia\u0142u pod wideo<\/p>\n<ul class=\"OchatFollowUps_wrapper__1ry7X\">\n<li class=\"OchatFollowUps_item__Dhyly OchatFollowUps_itemDesktop__R6aBv\">Kiedy wyst\u0105pi Andrea Bocelli w Polsce?<\/li>\n<li class=\"OchatFollowUps_item__Dhyly OchatFollowUps_itemDesktop__R6aBv\">Gdzie odb\u0119d\u0105 si\u0119 koncerty Bocellego?<\/li>\n<li class=\"OchatFollowUps_item__Dhyly OchatFollowUps_itemDesktop__R6aBv\">Ile lat min\u0119\u0142o od wydania albumu 'Romanza&#8217;?<\/li>\n<li class=\"OchatFollowUps_item__Dhyly OchatFollowUps_itemDesktop__R6aBv\">Kiedy rozpocznie si\u0119 sprzeda\u017c bilet\u00f3w na koncerty?<\/li>\n<\/ul>\n<p>Dwa niezapomniane wieczory z Andre\u0105 Bocellim. Ponownie wyst\u0105pi w Polsce <\/p>\n<p class=\"Paragraph_desktopParagraph__U31Gm\">Zdoby\u0142 Z\u0142oty Glob, siedem nagr\u00f3d Classical BRITs i siedem nagr\u00f3d World Music Awards, a tak\u017ce gwiazd\u0119 w Hollywoodzkiej Alei S\u0142aw. W ci\u0105gu swojej 30-letniej kariery Bocelli stworzy\u0142 niezapomniane duety z mi\u0119dzynarodowymi gwiazdami, takimi jak <a href=\"https:\/\/plejada.pl\/newsy\/celine-dion-czula-sie-przycmiona-po-smierci-meza-wyciagnela-do-niej-reke\/4mzrwq2\" id=\"bc32c183-c38d-4057-b058-dc641e0ff97e\" rel=\"nofollow noopener\" target=\"_blank\">Celine Dion<\/a>, <a href=\"https:\/\/kultura.onet.pl\/jennifer-lopez-jlo-piosenkarka-aktorka\" id=\"dea3f0c3-9e01-4fbe-ade6-1b7e08877ae7\" rel=\"nofollow noopener\" target=\"_blank\">Jennifer Lopez<\/a>, <a href=\"https:\/\/kultura.onet.pl\/ed-sheeran\" id=\"339fa25f-15f8-44c5-84cb-3d73cb6c7d8a\" rel=\"nofollow noopener\" target=\"_blank\">Ed Sheeran<\/a>, <a href=\"https:\/\/kultura.onet.pl\/muzyka\/gatunki\/pop\/dua-lipa-imigrantka-z-ktorej-anglia-jest-dumna\/qhxe6c0\" id=\"0453b5d8-b487-42ce-8e4d-52a2b17e5612\" rel=\"nofollow noopener\" target=\"_blank\">Dua Lipa<\/a>,<a href=\"https:\/\/kultura.onet.pl\/muzyka\/wywiady-i-artykuly\/glos-prawie-z-kosmosu-sarah-brightman-konczy-60-lat\/k1vxvjl\" id=\"de340c2b-a26f-4c7a-8ad8-0dc94f0e429f\" rel=\"nofollow noopener\" target=\"_blank\"> Sarah Brightman<\/a> i <a href=\"https:\/\/www.onet.pl\/muzyka\/onetmuzyka\/eros-ramazzotti-powraca-z-nowym-albumem-zapowiada-muzyczna-uczte\/nec479s,681c1dfa\" id=\"371c5f00-ed52-4442-a97d-135d12b8155b\" rel=\"nofollow noopener\" target=\"_blank\">Eros Ramazzotti<\/a>.<\/p>\n<p class=\"Paragraph_desktopParagraph__U31Gm\">G\u0142os Bocellego jednoczy s\u0142uchaczy w ka\u017cdym wieku i o r\u00f3\u017cnych gustach muzycznych. \u0141\u0105czy pi\u0119kno \u015bpiewu operowego z emocjonaln\u0105 g\u0142\u0119bi\u0105 muzyki popularnej. Jego wyst\u0119py przesi\u0105kni\u0119te s\u0105 romantyzmem i klasycznym kunsztem, przez co urzekaj\u0105 miliony fan\u00f3w.<\/p>\n<p class=\"Paragraph_desktopParagraph__U31Gm\">Album &#8222;Romanza&#8221; sta\u0142 si\u0119 mi\u0119dzynarodowym fenomenem po premierze w 1997 r. Do dzisiaj sprzeda\u0142 si\u0119 w ponad 20 mln egzemplarzy na ca\u0142ym \u015bwiecie. Jest to zar\u00f3wno najlepiej sprzedaj\u0105cy si\u0119 album w\u0142oskoj\u0119zyczny, jak i najlepiej sprzedaj\u0105cy si\u0119 album wszech czas\u00f3w, w j\u0119zykach innych ni\u017c angielski.<\/p>\n<p class=\"Paragraph_desktopParagraph__U31Gm\">Zawiera ponadczasowy hit &#8222;Con Te Partir\u00f2&#8221; (&#8222;Time To Say Goodbye&#8221;). Podczas polskich koncert\u00f3w publiczno\u015b\u0107 us\u0142yszy utwory z &#8222;Romanzy&#8221;, a tak\u017ce najwi\u0119ksze przeboje z bogatej kariery tenora.<\/p>\n<p>Andrea Bocelli powraca do Polski. A\u017c dwa koncerty w 2026: bilety <\/p>\n<p class=\"Paragraph_desktopParagraph__U31Gm\">Po <a href=\"https:\/\/kultura.onet.pl\/muzyka\/wiadomosci\/andrea-bocelli-w-polsce-dwa-niezwykle-koncerty-juz-w-czerwcu\/dcdv1kl\" id=\"f54f6b85-2190-4e83-9969-c9206c37f4be\" rel=\"nofollow noopener\" target=\"_blank\">tegorocznych wyst\u0119pach na Enea Stadionie Pozna\u0144 i Tarczy\u0144skim Arenie Wroc\u0142aw<\/a>, Bocelli powraca na scen\u0119 stadionow\u0105. Polsat Plus Arena w Gda\u0144sku b\u0119dzie go go\u015bci\u0107 po raz pierwszy \u2014 to historyczny wiecz\u00f3r dla w\u0142oskiego mistrza bel canto. Koncert na PGE Narodowym w Warszawie zapowiada kolejne wielkie muzyczne \u015bwi\u0119to, po dw\u00f3ch poprzednich wyprzedanych koncertach na najwi\u0119kszym stadionie w Polsce.<\/p>\n<p class=\"Paragraph_desktopParagraph__U31Gm\">\u2014 W drugiej po\u0142owie lata czekaj\u0105 nas dwa wieczory, kt\u00f3re bez w\u0105tpienia nale\u017ce\u0107 b\u0119d\u0105 do najwa\u017cniejszych wydarze\u0144 muzycznych nadchodz\u0105cego roku, oferuj\u0105c niepowtarzaln\u0105 okazj\u0119 do do\u015bwiadczenia magii g\u0142osu Andrei Bocellego na \u017cywo.<\/p>\n<blockquote>\n<p class=\"Paragraph_desktopParagraph__U31Gm\">To niezapomniane chwile, pe\u0142ne wzrusze\u0144, \u0142ez i zachwytu. Ka\u017cdy s\u0142uchacz odkrywa w tej muzyce co\u015b g\u0142\u0119boko osobistego, co pozostaje z nim na zawsze. Serdecznie zapraszam wszystkich na koncerty w Gda\u0144sku i Warszawie<\/p>\n<\/blockquote>\n<p class=\"Paragraph_desktopParagraph__U31Gm\">\u2014 m\u00f3wi Janusz Stefa\u0144ski z Prestige MJM.<\/p>\n<p><img decoding=\"async\" class=\"Image_image__0tuHp Image_autoHeight__f2n87 \" height=\"587\" width=\"880\" src=\"https:\/\/www.europesays.com\/pl\/wp-content\/uploads\/2025\/11\/eVZk9kpTURBXy8wYzg3MWM3YzkzYWYxYzIyZmVmMTIyNWMzYzNiZjczNi5qcGeSlQLNA6wAwsOVAgDNAkvCw94AA6EwAaExAaEzw.jpeg\" alt=\"T\u0142umy na koncertach Andrei Bocellego w Polsce\" loading=\"lazy\" \/>PRESTIGE MJM \/ Materia\u0142y promocyjne<\/p>\n<p>T\u0142umy na koncertach Andrei Bocellego w Polsce<\/p>\n<p><img decoding=\"async\" class=\"Image_image__0tuHp Image_autoHeight__f2n87 \" height=\"587\" width=\"939\" src=\"https:\/\/www.europesays.com\/pl\/wp-content\/uploads\/2025\/11\/wthk9kpTURBXy8wMDFhZTFiMThlZTU1NjA0MDlmZjQ0ZGE3N2JhMWM5Mi5qcGeSlQLNA6wAwsOVAgDNAkvCw94AA6EwAaExAaEzw.jpeg\" alt=\"T\u0142umy na koncertach Andrei Bocellego w Polsce\" loading=\"lazy\" \/>PRESTIGE MJM \/ Materia\u0142y promocyjne<\/p>\n<p>T\u0142umy na koncertach Andrei Bocellego w Polsce<\/p>\n<p class=\"Paragraph_desktopParagraph__U31Gm\">Przedsprzeda\u017c bilet\u00f3w dla fan\u00f3w Andrei Bocellego rozpocznie si\u0119 25 listopada o godz. 10.00 na <a rel=\"nofollow noopener\" href=\"https:\/\/www.andreabocelli.com\/tickets\/\" id=\"522621df-ec02-43d6-8072-5138bab343a7\" target=\"_blank\">stronie artysty<\/a> za po\u015brednictwem kont w mediach spo\u0142eczno\u015bciowych Bocellego (<a rel=\"nofollow noopener\" href=\"https:\/\/www.facebook.com\/andreabocelli\" id=\"c0cf5e31-dfa3-4733-bfcf-d9132bc8445c\" target=\"_blank\">Facebook<\/a> oraz <a rel=\"nofollow noopener\" href=\"https:\/\/www.instagram.com\/andreabocelliofficial\/\" id=\"8c445b07-ff92-49d1-a336-f788fe134fc8\" target=\"_blank\">Instagram<\/a>). Wystarczy skopiowa\u0107 has\u0142o z posta i poda\u0107 je podczas zakupu bilet\u00f3w na andreabocelli.com\/tickets.<\/p>\n<p class=\"Paragraph_desktopParagraph__U31Gm\">Og\u00f3lna sprzeda\u017c bilet\u00f3w rozpocznie si\u0119 nast\u0119pnego dnia w portalu<a rel=\"nofollow noopener\" href=\"https:\/\/www.biletserwis.pl\" id=\"e2b77c5b-e99c-4e96-b397-daff5072986d\" target=\"_blank\"> biletserwis<\/a> o godz. 10.00.<\/p>\n<p class=\"Paragraph_desktopParagraph__U31Gm\">Daty nowych koncert\u00f3w Andrei Bocellego w Polsce:<\/p>\n<p class=\"Paragraph_desktopParagraph__U31Gm\">14 sierpnia 2026 r. \u2014 Polsat Plus Arena Gda\u0144sk<\/p>\n<p class=\"Paragraph_desktopParagraph__U31Gm\">16 sierpnia 2026 r. \u2014 PGE Narodowy, Warszawa<\/p>\n<p class=\"Paragraph_desktopParagraph__U31Gm\">Zobacz te\u017c:<\/p>\n<p><script async src=\"\/\/www.instagram.com\/embed.js\"><\/script><\/p>\n","protected":false},"excerpt":{"rendered":"Andrea Bocelli to mi\u0119dzynarodowy fenomen, uwielbiany przez publiczno\u015b\u0107 na ca\u0142ym \u015bwiecie. Maestro sprzeda\u0142 blisko 90 mln p\u0142yt i&hellip;\n","protected":false},"author":2,"featured_media":115765,"comment_status":"","ping_status":"","sticky":false,"template":"","format":"standard","meta":{"footnotes":""},"categories":[22],"tags":[25161,122,67,261,1503,8426,53,52,68,51,55,42,38,40,39,41,123,47,65,50],"class_list":{"0":"post-115764","1":"post","2":"type-post","3":"status-publish","4":"format-standard","5":"has-post-thumbnail","7":"category-rozrywka","8":"tag-andrea_bocelli","9":"tag-entertainment","10":"tag-intextvideo_splayer","11":"tag-kultura","12":"tag-muzyka_i_muzycy_muzyka_rozrywkowa_spiew","13":"tag-najnowsze","14":"tag-new_header","15":"tag-onet3","16":"tag-onet3d","17":"tag-onet3d_2i","18":"tag-phx","19":"tag-pl","20":"tag-poland","21":"tag-polish","22":"tag-polska","23":"tag-polski","24":"tag-rozrywka","25":"tag-screening_general","26":"tag-update_me","27":"tag-v2021"},"share_on_mastodon":{"url":"https:\/\/pubeurope.com\/@pl\/115604344387910970","error":""},"_links":{"self":[{"href":"https:\/\/www.europesays.com\/pl\/wp-json\/wp\/v2\/posts\/115764","targetHints":{"allow":["GET"]}}],"collection":[{"href":"https:\/\/www.europesays.com\/pl\/wp-json\/wp\/v2\/posts"}],"about":[{"href":"https:\/\/www.europesays.com\/pl\/wp-json\/wp\/v2\/types\/post"}],"author":[{"embeddable":true,"href":"https:\/\/www.europesays.com\/pl\/wp-json\/wp\/v2\/users\/2"}],"replies":[{"embeddable":true,"href":"https:\/\/www.europesays.com\/pl\/wp-json\/wp\/v2\/comments?post=115764"}],"version-history":[{"count":0,"href":"https:\/\/www.europesays.com\/pl\/wp-json\/wp\/v2\/posts\/115764\/revisions"}],"wp:featuredmedia":[{"embeddable":true,"href":"https:\/\/www.europesays.com\/pl\/wp-json\/wp\/v2\/media\/115765"}],"wp:attachment":[{"href":"https:\/\/www.europesays.com\/pl\/wp-json\/wp\/v2\/media?parent=115764"}],"wp:term":[{"taxonomy":"category","embeddable":true,"href":"https:\/\/www.europesays.com\/pl\/wp-json\/wp\/v2\/categories?post=115764"},{"taxonomy":"post_tag","embeddable":true,"href":"https:\/\/www.europesays.com\/pl\/wp-json\/wp\/v2\/tags?post=115764"}],"curies":[{"name":"wp","href":"https:\/\/api.w.org\/{rel}","templated":true}]}}