{"id":115795,"date":"2025-11-24T11:22:09","date_gmt":"2025-11-24T11:22:09","guid":{"rendered":"https:\/\/www.europesays.com\/pl\/115795\/"},"modified":"2025-11-24T11:22:09","modified_gmt":"2025-11-24T11:22:09","slug":"byly-oficer-wywiadu-o-planach-rosjan-i-aktach-dywersji-to-bedzie-decydujace-onet","status":"publish","type":"post","link":"https:\/\/www.europesays.com\/pl\/115795\/","title":{"rendered":"By\u0142y oficer wywiadu o planach Rosjan i aktach dywersji: to b\u0119dzie decyduj\u0105ce &#8211; Onet"},"content":{"rendered":"<ol>\n<li><a href=\"https:\/\/news.google.com\/rss\/articles\/CBMi1AFBVV95cUxOMUVTcm56TUNKNmI3OS10ZzdTNUFmTTF4eTV3c2RDSlVjSVNkSXFYRWR2U2xOOVlfOHRlbGVfZFVuLUxzZEd0aGlzVjRHUUdaa3htdncyWWZsSjBXT3JxcE80SWxiblZ4SlAwS01xUjNRT2treUJZT25oeDNGaU5NRkp4S25GbnhlT3VOMDlBeWY5VGIzc2UxNnYzZ25HcVZEenhFRG1RVTE1QXlLc28xUjdHemtNRWdZbW5YelZRcGtWdmtOQUZ4Ml9EOVdmbXl5NHFZWg?oc=5\" target=\"_blank\" rel=\"nofollow noopener\">By\u0142y oficer wywiadu o planach Rosjan i aktach dywersji: to b\u0119dzie decyduj\u0105ce<\/a>&nbsp;&nbsp;Onet<\/li>\n<li><a href=\"https:\/\/news.google.com\/rss\/articles\/CBMisgFBVV95cUxPRGxUaXRDSE5NTUo3eldTdGtJTGpVZVhQaGRJdFZLS0U1WkhFTnJrWTNlZFN1TVVXWWRReV9jdUNoMmFMXzRWbEx5Q0R5ckRaY20zWHFBNF9nOTdYNTgwblo1eDhYOVNiTnhrdWVNVFcwV2FfUFpIZERtSW1MNjh0Z0JReDlZTHhPM3B0QlRJT0FRTEdkM3dQbjREWVFDdUZKcHZBeEc4Yk1SaERFclNocGNR?oc=5\" target=\"_blank\" rel=\"nofollow noopener\">&#8222;Jednorazowi szpiedzy&#8221; w Polsce. Ekspert o kulisach: wystarczy jedna rozmowa<\/a>&nbsp;&nbsp;Onet Wiadomo\u015bci<\/li>\n<li><a href=\"https:\/\/news.google.com\/rss\/articles\/CBMiyAFBVV95cUxOLS1COTJYUkVwZ0NNQjRrRjBvcWZQLXVaNEZjNUhycXFBUUZUREZZMjVoSGtyLXB4WXJNc3ZrSHhDVVZHMGcwYVc3aUJsYlFjeHBBa3dpcWt5a3pRVnlaY2NPeXZJd2M4WFpMOU9VRlpMV0NQSVpldlotSV9td0FtS2dMMUFTeHBtVERxdENZM0V2bUh3YVFUeC0wa05EOHhzUFpRMlMtODQ5dTFuV2dGZWowZDd4cENxVnB3QzU2RU5wMEtKeXRlRA?oc=5\" target=\"_blank\" rel=\"nofollow noopener\">Francja: \u201eLe Figaro\u201d: Polska coraz bardziej do\u015bwiadcza skutk\u00f3w rosyjskiej wojny hybrydowej<\/a>&nbsp;&nbsp;wnp.pl<\/li>\n<li><a href=\"https:\/\/news.google.com\/rss\/articles\/CBMiowFBVV95cUxPNERsQ216T3FEQTUwcUlhRXd4Z1RlVjR4ZTVzUjVJSTUxNXlDWjZuUGQ2SjIzckgxUi1MdUxRcVdBY0hYZ2x6SkYxYUpscjgtTXE0bzNIY0FhRU9nRU5EdlNnRHV2WTlwMHJjY0Fxbm12YWNRbUJhMDllSDBUX3lmcW9LVzdfSkNpbS1VVl95RDNqbkJIRDdXTm16aGtnMHcweFUw?oc=5\" target=\"_blank\" rel=\"nofollow noopener\">Polska na celowniku sabota\u017cyst\u00f3w Putina. Piotr Niemczyk m\u00f3wi, czego musimy si\u0119 nauczy\u0107<\/a>&nbsp;&nbsp;Fakt<\/li>\n<li><a href=\"https:\/\/news.google.com\/rss\/articles\/CBMixAFBVV95cUxOeG5US1VIUTROSy1hM2ZDdWwzLTZpNkZkUkotbmNWcXBYLW1vQml1azFaUGtuWE5lOHNNWEdXMGQxcUhMVmU5Vkl4R0lVQi1sRm9EWWtST0xNRmgtNzl1RzkyVjFndzhlMVJtN25famVvWW1uMENpajRIOUVCM0I4Rk5iaGRnWFgtM1luRnQyOEJTZGlXQmtVREJIMGdZOU5nQ0ZmaWhSX2F6TUZ0MnpHZERoVWpQd0V5aHdTcnVSQmgtR3Fy?oc=5\" target=\"_blank\" rel=\"nofollow noopener\">\u201eRaport specjalny\u201d: Tak Rosja werbuje sabota\u017cyst\u00f3w do wojny z Europ\u0105<\/a>&nbsp;&nbsp;TVP Info<\/li>\n<\/ol>\n","protected":false},"excerpt":{"rendered":"By\u0142y oficer wywiadu o planach Rosjan i aktach dywersji: to b\u0119dzie decyduj\u0105ce&nbsp;&nbsp;Onet &#8222;Jednorazowi szpiedzy&#8221; w Polsce. Ekspert o&hellip;\n","protected":false},"author":2,"featured_media":115796,"comment_status":"","ping_status":"","sticky":false,"template":"","format":"standard","meta":{"footnotes":""},"categories":[5],"tags":[32,33,4096,36,37,27,34,35,28,31,53,25,3935,52,68,51,55,42,38,40,39,2847,41,62,47,714,29,30,65,50,25163,26],"class_list":{"0":"post-115795","1":"post","2":"type-post","3":"status-publish","4":"format-standard","5":"has-post-thumbnail","7":"category-naglowki","8":"tag-breaking-news","9":"tag-breakingnews","10":"tag-dywersja","11":"tag-featured-news","12":"tag-featurednews","13":"tag-headlines","14":"tag-latest-news","15":"tag-latestnews","16":"tag-naglowki","17":"tag-najwazniejsze-artykuly","18":"tag-new_header","19":"tag-news","20":"tag-onet_rano_program_wideo","21":"tag-onet3","22":"tag-onet3d","23":"tag-onet3d_2i","24":"tag-phx","25":"tag-pl","26":"tag-poland","27":"tag-polish","28":"tag-polska","29":"tag-polska_polak_polka_polacy_polki","30":"tag-polski","31":"tag-rosja_kraj_rosjanin_rosjanie_rosjanka_rosjanki","32":"tag-screening_general","33":"tag-szpiegostwo_szpieg_szpiedzy_wywiad","34":"tag-top-stories","35":"tag-topstories","36":"tag-update_me","37":"tag-v2021","38":"tag-vincent_severski","39":"tag-wiadomosci"},"share_on_mastodon":{"url":"","error":"Validation failed: Text character limit of 500 exceeded"},"_links":{"self":[{"href":"https:\/\/www.europesays.com\/pl\/wp-json\/wp\/v2\/posts\/115795","targetHints":{"allow":["GET"]}}],"collection":[{"href":"https:\/\/www.europesays.com\/pl\/wp-json\/wp\/v2\/posts"}],"about":[{"href":"https:\/\/www.europesays.com\/pl\/wp-json\/wp\/v2\/types\/post"}],"author":[{"embeddable":true,"href":"https:\/\/www.europesays.com\/pl\/wp-json\/wp\/v2\/users\/2"}],"replies":[{"embeddable":true,"href":"https:\/\/www.europesays.com\/pl\/wp-json\/wp\/v2\/comments?post=115795"}],"version-history":[{"count":0,"href":"https:\/\/www.europesays.com\/pl\/wp-json\/wp\/v2\/posts\/115795\/revisions"}],"wp:featuredmedia":[{"embeddable":true,"href":"https:\/\/www.europesays.com\/pl\/wp-json\/wp\/v2\/media\/115796"}],"wp:attachment":[{"href":"https:\/\/www.europesays.com\/pl\/wp-json\/wp\/v2\/media?parent=115795"}],"wp:term":[{"taxonomy":"category","embeddable":true,"href":"https:\/\/www.europesays.com\/pl\/wp-json\/wp\/v2\/categories?post=115795"},{"taxonomy":"post_tag","embeddable":true,"href":"https:\/\/www.europesays.com\/pl\/wp-json\/wp\/v2\/tags?post=115795"}],"curies":[{"name":"wp","href":"https:\/\/api.w.org\/{rel}","templated":true}]}}