{"id":115821,"date":"2025-11-24T11:41:09","date_gmt":"2025-11-24T11:41:09","guid":{"rendered":"https:\/\/www.europesays.com\/pl\/115821\/"},"modified":"2025-11-24T11:41:09","modified_gmt":"2025-11-24T11:41:09","slug":"nowa-zona-macieja-orlosia-prosi-o-pomoc-chodzi-o-nazwisko","status":"publish","type":"post","link":"https:\/\/www.europesays.com\/pl\/115821\/","title":{"rendered":"Nowa \u017cona Macieja Or\u0142osia prosi o pomoc. Chodzi o nazwisko"},"content":{"rendered":"\n<p>&#13;<br \/>\nMaciej Or\u0142o\u015b i\u00a0Paulina Koziejowska s\u0105 par\u0105 od\u00a0trzech lat, a\u00a0ostatniego dnia 2024 roku og\u0142osili zar\u0119czyny. Wybranka prezentera to\u00a0dziennikarka show-biznesowa. By\u0142a wcze\u015bniej zwi\u0105zana m.in. z\u00a0Red Carpet TV, Superstacj\u0105 i\u00a0Nowa TV, gdzie prowadzi\u0142a te\u017c prognoz\u0119 pogody. W\u00a0marcu okaza\u0142o si\u0119, \u017ce\u00a0narzeczona gwiazdy &#8222;Teleexpressu&#8221;, otrzyma\u0142a now\u0105 posad\u0119 w\u00a0TVP. <a href=\"https:\/\/rozrywka.dorzeczy.pl\/film-i-telewizja\/697882\/narzeczona-macieja-orlosia-dostala-prace-w-sniadaniowce-tvp.html\" rel=\"nofollow noopener\" target=\"_blank\">Do\u0142\u0105czy\u0142a do\u00a0zespo\u0142u &#8222;Pytania na\u00a0\u015bniadanie&#8221;<\/a> w\u00a0charakterze pogodynki. 16 maja Koziejowska poprowadzi\u0142a z\u00a0kolei pierwsz\u0105 prognoz\u0119 na\u00a0antenie informacyjnego kana\u0142u stacji. &#13;\n<\/p>\n<p>&#13;<br \/>\nKilka miesi\u0119cy temu, w\u00a0mediach pojawi\u0142y si\u0119 doniesienia tym, \u017ce\u00a0Or\u0142o\u015b i\u00a0Koziejowska s\u0105 ju\u017c ma\u0142\u017ce\u0144stwem. Dla\u00a0gwiazdora TVP to\u00a0czwarty \u015blub. Para potwierdzi\u0142a ju\u017c oficjalnie te\u00a0doniesienia, informuj\u0105c, \u017ce\u00a0ceremonia odby\u0142a si\u0119 w\u00a0Polsce, a\u00a0w\u00a0podr\u00f3\u017c po\u015blubn\u0105 wybrali si\u0119 na\u00a0Mauritius. &#13;\n<\/p>\n<p> \u017bona Macieja Or\u0142osia prosi o\u00a0pomoc na\u00a0Instagramie. &#8222;Jestem ju\u017c turbo sfrustrowana&#8221;<\/p>\n<p>&#13;<br \/>\nWybranka Macieja Or\u0142osia opublikowa\u0142a teraz na\u00a0Instagramie wpis, w\u00a0kt\u00f3rym poprosi\u0142a obserwuj\u0105cych o\u00a0pomoc. Nie\u00a0ukrywa\u0142a, \u017ce\u00a0sprawa jest dla\u00a0niej frustruj\u0105ca i\u00a0nie potrafi ju\u017c sama sobie z\u00a0ni\u0105 poradzi\u0107. &#13;\n<\/p>\n<p>&#13;<br \/>\n&#8222;Masakra! Czy\u00a0kto\u015b wie, jak na\u00a0Instagramie zmieni\u0107 nazw\u0119 u\u017cytkownika? Ju\u017c od\u00a0prawie czterech miesi\u0119cy nie\u00a0mam na\u00a0nazwisko Koziejowska tylko Or\u0142o\u015b a\u00a0Instagram nie\u00a0chce mi zmieni\u0107 nazwy u\u017cytkownika na\u00a0\u017cadn\u0105 inn\u0105. Pojawia si\u0119 komunikat, \u017ceby skontaktowa\u0107 si\u0119 z\u00a0pomoc\u0105 techniczn\u0105. Skontaktowa\u0142am ju\u017c dwa razy i\u00a0od dw\u00f3ch miesi\u0119cy zero odzewu. Czy\u00a0kto\u015b ma\u00a0pomys\u0142 co\u00a0mam zrobi\u0107? Mo\u017ce macie jaki\u015b kontakt do\u00a0kogo\u015b z\u00a0Instagrama?&#8221; \u2014\u00a0napisa\u0142a \u017cona Macieja Or\u0142osia. &#13;\n<\/p>\n<p>&#13;<br \/>\n&#8222;Nie rozumiem tego! Przecie\u017c mog\u0119 wys\u0142a\u0107 screen aktu ma\u0142\u017ce\u0144skiego, zdj\u0119cie dowodu, ale\u00a0nikt z\u00a0pomocy technicznej nie\u00a0odpowiada, wi\u0119c nie\u00a0wiem, co\u00a0robi\u0107. Jestem ju\u017c turbo sfrustrowana. Przecie\u017c w\u0142a\u015bnie zweryfikowanym profilom najbardziej zale\u017cy na\u00a0zmianach, \u017ceby dane by\u0142y zgodne z\u00a0tymi, kt\u00f3re mam w\u00a0dowodzie&#8221; \u2014\u00a0doda\u0142a Paulina Or\u0142o\u015b. &#13;\n<\/p>\n<p>&#13;<br \/>\nCzytaj te\u017c:<br \/><a href=\"https:\/\/rozrywka.dorzeczy.pl\/film-i-telewizja\/810333\/wszyscy-uwierzyli-ze-czuchnowski-wzial-pieniadze-od-premiera.html\" rel=\"follow nofollow noopener\" data-schema=\"DORZECZY\" data-image=\"https:\/\/img.dorzeczy.pl\/_thumb\/02\/85\/6abdb3cbf55dcc8ca7de2e7a112a.jpeg\" target=\"_blank\">Burza w\u00a0sieci po\u00a0og\u0142oszeniu dziennikarza &#8222;Gazety Wyborczej&#8221;. &#8222;To\u00a0by\u0142 prank&#8221;<\/a>Czytaj te\u017c:<br \/><a href=\"https:\/\/rozrywka.dorzeczy.pl\/show-biznes\/810312\/karolina-korwin-piotrowska.html\" rel=\"follow nofollow noopener\" data-schema=\"DORZECZY\" data-image=\"https:\/\/img.dorzeczy.pl\/_thumb\/07\/c7\/838d318151be824b9194cf8db2e2.jpeg\" target=\"_blank\">Znana dziennikarka zrozpaczona. &#8222;Ona mnie uratowa\u0142a. Mi si\u0119 nie\u00a0uda\u0142o&#8221;<\/a>&#13;<\/p>\n","protected":false},"excerpt":{"rendered":"&#13; Maciej Or\u0142o\u015b i\u00a0Paulina Koziejowska s\u0105 par\u0105 od\u00a0trzech lat, a\u00a0ostatniego dnia 2024 roku og\u0142osili zar\u0119czyny. Wybranka prezentera to\u00a0dziennikarka&hellip;\n","protected":false},"author":2,"featured_media":115822,"comment_status":"","ping_status":"","sticky":false,"template":"","format":"standard","meta":{"footnotes":""},"categories":[22],"tags":[98,122,288,291,8504,25170,287,8742,25169,42,38,40,39,41,123,290,289,506],"class_list":{"0":"post-115821","1":"post","2":"type-post","3":"status-publish","4":"format-standard","5":"has-post-thumbnail","7":"category-rozrywka","8":"tag-dorzeczy","9":"tag-entertainment","10":"tag-film-i-telewizja","11":"tag-historia","12":"tag-instagram","13":"tag-maciej-orlos","14":"tag-malgorzata-puzyr","15":"tag-nazwisko","16":"tag-paulina-orlos","17":"tag-pl","18":"tag-poland","19":"tag-polish","20":"tag-polska","21":"tag-polski","22":"tag-rozrywka","23":"tag-rozrywka-do-rzeczy","24":"tag-show-biznes","25":"tag-tvp"},"share_on_mastodon":{"url":"https:\/\/pubeurope.com\/@pl\/115604495844942157","error":""},"_links":{"self":[{"href":"https:\/\/www.europesays.com\/pl\/wp-json\/wp\/v2\/posts\/115821","targetHints":{"allow":["GET"]}}],"collection":[{"href":"https:\/\/www.europesays.com\/pl\/wp-json\/wp\/v2\/posts"}],"about":[{"href":"https:\/\/www.europesays.com\/pl\/wp-json\/wp\/v2\/types\/post"}],"author":[{"embeddable":true,"href":"https:\/\/www.europesays.com\/pl\/wp-json\/wp\/v2\/users\/2"}],"replies":[{"embeddable":true,"href":"https:\/\/www.europesays.com\/pl\/wp-json\/wp\/v2\/comments?post=115821"}],"version-history":[{"count":0,"href":"https:\/\/www.europesays.com\/pl\/wp-json\/wp\/v2\/posts\/115821\/revisions"}],"wp:featuredmedia":[{"embeddable":true,"href":"https:\/\/www.europesays.com\/pl\/wp-json\/wp\/v2\/media\/115822"}],"wp:attachment":[{"href":"https:\/\/www.europesays.com\/pl\/wp-json\/wp\/v2\/media?parent=115821"}],"wp:term":[{"taxonomy":"category","embeddable":true,"href":"https:\/\/www.europesays.com\/pl\/wp-json\/wp\/v2\/categories?post=115821"},{"taxonomy":"post_tag","embeddable":true,"href":"https:\/\/www.europesays.com\/pl\/wp-json\/wp\/v2\/tags?post=115821"}],"curies":[{"name":"wp","href":"https:\/\/api.w.org\/{rel}","templated":true}]}}