{"id":115837,"date":"2025-11-24T11:52:08","date_gmt":"2025-11-24T11:52:08","guid":{"rendered":"https:\/\/www.europesays.com\/pl\/115837\/"},"modified":"2025-11-24T11:52:08","modified_gmt":"2025-11-24T11:52:08","slug":"zbigniew-ziobro-uderza-w-donalda-tuska-wspomnial-viktora-orbana","status":"publish","type":"post","link":"https:\/\/www.europesays.com\/pl\/115837\/","title":{"rendered":"Zbigniew Ziobro uderza w Donalda Tuska. Wspomnia\u0142 Viktora Orbana"},"content":{"rendered":"<p class=\"ods-c-paragraph \"><a href=\"https:\/\/wiadomosci.onet.pl\/zbigniew-ziobro-polityk\" id=\"5c5e6d07-8bd8-4ed4-a821-579f14563c6c\" rel=\"nofollow noopener\" target=\"_blank\">Zbigniew Ziobro<\/a> podejrzewany jest przez prokuratur\u0119 o pope\u0142nienie 26 przest\u0119pstw zwi\u0105zanych z wydatkowaniem \u015brodk\u00f3w z <a href=\"https:\/\/wiadomosci.onet.pl\/fundusz-sprawiedliwosci\" id=\"721ee3e9-e715-4801-8094-a1723b57da35\" rel=\"nofollow noopener\" target=\"_blank\">Funduszu Sprawiedliwo\u015bci<\/a>, w tym kierowanie zorganizowan\u0105 grup\u0105 przest\u0119pcz\u0105. 7 listopada br. Sejm uchyli\u0142 immunitet by\u0142emu ministrowi sprawiedliwo\u015bci w odniesieniu do wszystkich zarzut\u00f3w, kt\u00f3re chce mu postawi\u0107 prokuratura. Wyrazi\u0142 r\u00f3wnie\u017c zgod\u0119 na jego zatrzymanie i aresztowanie. <a href=\"https:\/\/wiadomosci.onet.pl\/swiat\/viktor-orban-spotkal-sie-ze-zbigniewem-ziobra-polski-rzad-chce-go-aresztowac\/dbywy2q\" id=\"4afa8715-449d-460c-8d78-abaabe9487ef\" rel=\"nofollow noopener\" target=\"_blank\">Jaki\u015b czas temu Zbigniew Ziobro przekaza\u0142, \u017ce przebywa na W\u0119grzech, gdzie spotka\u0142 si\u0119 z premierem Viktorem Orbanem<\/a>. <\/p>\n<p>Dalszy ci\u0105g artyku\u0142u pod materia\u0142em wideo<\/p>\n<p> Co zarzuci\u0142 Zbigniew Ziobro Donaldowi Tuskowi? <\/p>\n<p> Jakie przest\u0119pstwa s\u0105 mu przypisywane? <\/p>\n<p> Co zdaniem Ziobry robi Donald Tusk w relacjach z USA? <\/p>\n<p> Jakie s\u0105 skutki planu pokojowego USA dla Ukrainy wed\u0142ug Ziobry? <\/p>\n<p>  Zbigniew Ziobro nie wytrzyma\u0142. Zaatakowa\u0142 Donalda Tuska i wys\u0142a\u0142 go do Viktora Orbana<\/p>\n<p class=\"ods-c-paragraph \">W poniedzia\u0142ek rano Zbigniew Ziobro zaatakowa\u0142 premiera za po\u015brednictwem swojego konta na platformie X. By\u0142y minister sprawiedliwo\u015bci stwierdzi\u0142, \u017ce Donald Tusk &#8222;przez lata wspiera\u0142 Niemcy i Uni\u0119 Europejsk\u0105 w ich proputinowskim kursie&#8221;. Pochwali\u0142 za\u015b Donalda Trumpa.<\/p>\n<blockquote class=\"ods-o-quota\">\n<p class=\"ods-o-quota__paragraph\">W tym samym czasie prezydent Donald Trump, kt\u00f3rego nikczemnie pomawia\u0142 pan o bycie &#8222;cz\u0142owiekiem KGB&#8221;, zwalcza\u0142 projekt Nord Stream 2, dziecko KGB-isty Putina. Ostrzega\u0142, \u017ce ten gazoci\u0105g wzmacnia imperialne cele Moskwy kosztem bezpiecze\u0144stwa regionu<\/p>\n<\/blockquote>\n<p class=\"ods-c-paragraph \">\u2014 napisa\u0142 Zbigniew Ziobro na platformie X.<\/p>\n<p class=\"ods-c-paragraph \">We wpisie by\u0142y minister sprawiedliwo\u015bci wspomnia\u0142 r\u00f3wnie\u017c o <a href=\"https:\/\/wiadomosci.onet.pl\/swiat\/28-punktowy-plan-pokojowy-dla-ukrainy-jeden-z-zapisow-dotyczy-polski\/lys4hb6\" id=\"728b4945-9849-4fc0-b929-94218b594852\" rel=\"nofollow noopener\" target=\"_blank\">28-punktowym planie pokojowym USA dla Ukrainy, negocjowanym mi\u0119dzy Amerykanami a Rosjanami.<\/a> Zgodnie z nim Kij\u00f3w mia\u0142by zobowi\u0105za\u0107 si\u0119 m.in. do nieprzyst\u0119powania do NATO, ograniczenia liczebno\u015bci armii oraz oddania Rosji cz\u0119\u015bci terytorium.<\/p>\n<p class=\"ods-c-paragraph \">Zbigniew Ziobro zarzuci\u0142 Donaldowi Tuskowi, \u017ce nie dba, a wr\u0119cz niszczy dobre relacje Polski z USA.<\/p>\n<blockquote class=\"ods-o-quota\">\n<p class=\"ods-o-quota__paragraph\">Nie przeprosi\u0142 pan do dzi\u015b najpot\u0119\u017cniejszego polityka demokratycznego \u015bwiata za wielokrotne nazywanie go rosyjskim agentem. Tym samym zn\u00f3w odbiera pan Polsce szans\u0119, by zasi\u0105\u015b\u0107 przy stole decyzyjnym. Bo w polskim interesie jest to, by g\u0142os naszego kraju w takich planach by\u0142 realnie brany pod uwag\u0119 \u2014 i to zanim ujrz\u0105 one \u015bwiat\u0142o dzienne<\/p>\n<\/blockquote>\n<p class=\"ods-c-paragraph \">\u2014 napisa\u0142 polityk PiS, odnosz\u0105c si\u0119 do planu pokojowego USA.<\/p>\n<blockquote class=\"ods-o-quota\">\n<p class=\"ods-o-quota__paragraph\">To, co pan robi w relacjach z USA, to co\u015b wi\u0119cej ni\u017c g\u0142upota. Je\u015bli pana awanturnictwo doprowadzi do wycofania ameryka\u0144skiego parasola ochronnego znad Polski, za kilka lat mo\u017ce nas czeka\u0107 tragedia i setki tysi\u0119cy ofiar<\/p>\n<\/blockquote>\n<p class=\"ods-c-paragraph \">\u2014 doda\u0142 Zbigniew Ziobro, podkre\u015blaj\u0105c, \u017ce USA s\u0105 &#8222;kluczowym gwarantem bezpiecze\u0144stwa Polski&#8221;, dlatego &#8222;trzeba z nimi blisko wsp\u00f3\u0142pracowa\u0107&#8221;.<\/p>\n<p>Zbigniew Ziobro ostro o Donaldzie Tusku. Zach\u0119ca go do korepetycji u Viktora Orbana<\/p>\n<p class=\"ods-c-paragraph \">Na koniec swojego wpisu polityk po raz kolejny zaapelowa\u0142 do Donalda Tuska, aby przeprosi\u0142 prezydenta USA za to, \u017ce stwierdzi\u0142, \u017ce <a href=\"https:\/\/wiadomosci.onet.pl\/kraj\/niewygodne-slowa-donalda-tuska-o-donaldzie-trumpie-teraz-zaprzecza\/wzywqq4\" id=\"1538154c-4299-4804-ab3e-86bf0915f9f4\" rel=\"nofollow noopener\" target=\"_blank\">Donald Trump ma powi\u0105zania z rosyjskimi s\u0142u\u017cbami<\/a>. Zbigniew Ziobro zarzuci\u0142 premierowi, \u017ce nie zajmuje si\u0119 dyplomacj\u0105, tylko prowadzeniem &#8222;wojen&#8221; na platformie X.<\/p>\n<blockquote class=\"ods-o-quota\">\n<p class=\"ods-o-quota__paragraph\">Korepetycje z budowy skutecznych relacji z najpot\u0119\u017cniejszym pa\u0144stwem \u015bwiata m\u00f3g\u0142by panu da\u0107 Viktor Orban, kt\u00f3ry wie, jak dba\u0107 o interes swojego narodu za oceanem. (&#8230;) P\u00f3jd\u017a pan po rozum do g\u0142owy, p\u00f3ki jeszcze jest czas<\/p>\n<\/blockquote>\n<p class=\"ods-c-paragraph \">\u2014 napisa\u0142 na koniec.<\/p>\n","protected":false},"excerpt":{"rendered":"Zbigniew Ziobro podejrzewany jest przez prokuratur\u0119 o pope\u0142nienie 26 przest\u0119pstw zwi\u0105zanych z wydatkowaniem \u015brodk\u00f3w z Funduszu Sprawiedliwo\u015bci, w&hellip;\n","protected":false},"author":2,"featured_media":115838,"comment_status":"","ping_status":"","sticky":false,"template":"","format":"standard","meta":{"footnotes":""},"categories":[12],"tags":[32,33,44,212,1898,36,37,5168,27,49,34,35,28,31,48,25,46,42,38,40,39,41,47,29,30,71,8515,2670,26,2037],"class_list":{"0":"post-115837","1":"post","2":"type-post","3":"status-publish","4":"format-standard","5":"has-post-thumbnail","7":"category-polska","8":"tag-breaking-news","9":"tag-breakingnews","10":"tag-donald_trump","11":"tag-donald_tusk","12":"tag-dyplomacja","13":"tag-featured-news","14":"tag-featurednews","15":"tag-fundusz_sprawiedliwosci","16":"tag-headlines","17":"tag-kraj","18":"tag-latest-news","19":"tag-latestnews","20":"tag-naglowki","21":"tag-najwazniejsze-artykuly","22":"tag-nat_styl","23":"tag-news","24":"tag-omp","25":"tag-pl","26":"tag-poland","27":"tag-polish","28":"tag-polska","29":"tag-polski","30":"tag-screening_general","31":"tag-top-stories","32":"tag-topstories","33":"tag-usa","34":"tag-victor_orban","35":"tag-wegry","36":"tag-wiadomosci","37":"tag-zbigniew_ziobro"},"share_on_mastodon":{"url":"https:\/\/pubeurope.com\/@pl\/115604537062734497","error":""},"_links":{"self":[{"href":"https:\/\/www.europesays.com\/pl\/wp-json\/wp\/v2\/posts\/115837","targetHints":{"allow":["GET"]}}],"collection":[{"href":"https:\/\/www.europesays.com\/pl\/wp-json\/wp\/v2\/posts"}],"about":[{"href":"https:\/\/www.europesays.com\/pl\/wp-json\/wp\/v2\/types\/post"}],"author":[{"embeddable":true,"href":"https:\/\/www.europesays.com\/pl\/wp-json\/wp\/v2\/users\/2"}],"replies":[{"embeddable":true,"href":"https:\/\/www.europesays.com\/pl\/wp-json\/wp\/v2\/comments?post=115837"}],"version-history":[{"count":0,"href":"https:\/\/www.europesays.com\/pl\/wp-json\/wp\/v2\/posts\/115837\/revisions"}],"wp:featuredmedia":[{"embeddable":true,"href":"https:\/\/www.europesays.com\/pl\/wp-json\/wp\/v2\/media\/115838"}],"wp:attachment":[{"href":"https:\/\/www.europesays.com\/pl\/wp-json\/wp\/v2\/media?parent=115837"}],"wp:term":[{"taxonomy":"category","embeddable":true,"href":"https:\/\/www.europesays.com\/pl\/wp-json\/wp\/v2\/categories?post=115837"},{"taxonomy":"post_tag","embeddable":true,"href":"https:\/\/www.europesays.com\/pl\/wp-json\/wp\/v2\/tags?post=115837"}],"curies":[{"name":"wp","href":"https:\/\/api.w.org\/{rel}","templated":true}]}}