{"id":115849,"date":"2025-11-24T11:59:09","date_gmt":"2025-11-24T11:59:09","guid":{"rendered":"https:\/\/www.europesays.com\/pl\/115849\/"},"modified":"2025-11-24T11:59:09","modified_gmt":"2025-11-24T11:59:09","slug":"anglicy-przyjechali-do-gliwic-az-przecierali-oczy-ze-zdumienia-gdy-to-zobaczyli-onet","status":"publish","type":"post","link":"https:\/\/www.europesays.com\/pl\/115849\/","title":{"rendered":"Anglicy przyjechali do Gliwic. A\u017c przecierali oczy ze zdumienia, gdy to zobaczyli &#8211; Onet"},"content":{"rendered":"<ol>\n<li><a href=\"https:\/\/news.google.com\/rss\/articles\/CBMi1AFBVV95cUxQa2dFQjNrZ0RvRmtHaTVSekxoU3pmOE0wVjVUWkJYRF83LWNWQzNNbXBxZ0RrZ3JEMVhFMzBUVXNqcUpqM1RFb2VyQ185VmZJNktrdTkxaEEzSzhGZi11RWxGdkpEWEJPUFBDaktBazlHejBXMHdGZ2g5ZHp2VEJTMUxjaVFCVHhkeldYbHAyMU1KMlpqOUwxb1hub1UzQVJFWG54U01tb1lnOGItY2tzNXZwZm0yU04zS1kzQ3ZjY3VMQ3dXN0RZOWR1UmdnaDJRSEk0Vw?oc=5\" target=\"_blank\" rel=\"nofollow noopener\">Anglicy przyjechali do Gliwic. A\u017c przecierali oczy ze zdumienia, gdy to zobaczyli<\/a>&nbsp;&nbsp;Onet<\/li>\n<li><a href=\"https:\/\/news.google.com\/rss\/articles\/CBMipAFBVV95cUxQWml1Y09zWDFCZU5rcDVSR01JczNkSjV6d0pqb1ZNQXhNWnBJWHFCbGdGdUJvSkV6aGdQOVh6TUt3UGU3UUFIR2t2WXRuck8xSWZJVlo2bjZvdVVsOTY3QTVFSXl6NDNEMHZhLW9aUDgxSTBEWk9RaTdxcWxyTlR5bnBWVVlzbzgxR2djMmRWN3dRWnd5TUM1cDN1OUtCbldUVnFkMA?oc=5\" target=\"_blank\" rel=\"nofollow noopener\">Gliwice zaskoczy\u0142y Brytyjczyk\u00f3w. Polacy maj\u0105 czym si\u0119 chwali\u0107<\/a>&nbsp;&nbsp;Polskie Radio 24<\/li>\n<li><a href=\"https:\/\/news.google.com\/rss\/articles\/CBMirgFBVV95cUxObUp0UkdLVmI4Z3I1Vi1RVC1oUEh4VmxBUVVSOXdTN2o4aXlpWC1ndGU1RG1OYWFad3dudUpsdllvZk9PLUZLQkU4c1d4akpaNG80VGxST2w2b2gzb21TYXhPdkV4ZWZ4VVJEdWRpVlluS1FxNjVFX2ZLcC1wZm5qLWpiWGFDdGpGMUJ6QW4tZlZ3dWMxeWV6QkRqNDNkeFgyY0JjY3BRb0FNVURNRWc?oc=5\" target=\"_blank\" rel=\"nofollow noopener\">Brytyjczycy zachwyceni polskim miastem. &#8222;20-letnia transformacja&#8221;<\/a>&nbsp;&nbsp;o2.pl<\/li>\n<li><a href=\"https:\/\/news.google.com\/rss\/articles\/CBMixwFBVV95cUxPVmFOcmNXSGsybkU5dEh2YV9IQ3hocmZBUkJ6ZHN2cGpWT1UyNlVWN05TOEpPckFhb2YwQ1VmUk8zYm5Ic1NnazJCZ1poVUFlbFVJY1ZGdXN4Nmt4UUI2MVRWaERpVnNNRHpkYm9Bb3JFWThEaXVUeGFFZU9oai1JWHQ4Sm1FTHd1R0s4UlJXbmZ4Q0c2TEhIUUxmUVFNdWxySWpTNmJEZHlmT1FYZmd1a1VIOHJLSm01T0VmVWlod2xPMDNFcUY0?oc=5\" target=\"_blank\" rel=\"nofollow noopener\">Od kopalni do kosmosu. Gliwice w \u015bwiatowych mediach jako symbol transformacji<\/a>&nbsp;&nbsp;Radio ESKA<\/li>\n<li><a href=\"https:\/\/news.google.com\/rss\/articles\/CBMihAJBVV95cUxNTXNaX1psNUx4VzA0VjZYRmU5ZVV4cmdqb2dLUFA5VGdtakFtMmxUdjE5bWhwZmJhTHVHUFVJWVl5Wkp2SUJ1ZjU5S1JYRF9IeWtJaTZaWWRqNjh1NHl0Z0lqV2tzeDZ2RWpsMEdwdm8wbVd1NU9TZ1NoRkNCVElmOERodHh5R1FEYUF6U1MxdmdEc05ldXR6cmtXWEtuZmZObm1iUkF2cXNuckdMQjFESVB2QmlaU29WVnNFMUZKdkJIRmlLNUF3VnJUR0EzaUU3UXY4Nm51anlMYXE0ZU04OXU0WmZzdHFqd2ZRb3VjVlZ1c0lSNFR2ak1idVJQM2VRSkY3Rw?oc=5\" target=\"_blank\" rel=\"nofollow noopener\">Angielski dziennikarz zachwyca si\u0119 Gliwicami: &#8222;Nigdzie indziej nie uciele\u015bnia si\u0119 tak dobitnie polskiego cudu rozwoju gospodarczego&#8221;<\/a>&nbsp;&nbsp;Dziennik Zachodni<\/li>\n<\/ol>\n","protected":false},"excerpt":{"rendered":"Anglicy przyjechali do Gliwic. A\u017c przecierali oczy ze zdumienia, gdy to zobaczyli&nbsp;&nbsp;Onet Gliwice zaskoczy\u0142y Brytyjczyk\u00f3w. Polacy maj\u0105 czym&hellip;\n","protected":false},"author":2,"featured_media":115850,"comment_status":"","ping_status":"","sticky":false,"template":"","format":"standard","meta":{"footnotes":""},"categories":[12],"tags":[32,33,36,37,16614,27,34,35,28,31,53,25,52,68,51,55,42,10421,38,40,39,2847,41,47,196,29,30,723,50,26],"class_list":{"0":"post-115849","1":"post","2":"type-post","3":"status-publish","4":"format-standard","5":"has-post-thumbnail","7":"category-polska","8":"tag-breaking-news","9":"tag-breakingnews","10":"tag-featured-news","11":"tag-featurednews","12":"tag-gliwice_miasto","13":"tag-headlines","14":"tag-latest-news","15":"tag-latestnews","16":"tag-naglowki","17":"tag-najwazniejsze-artykuly","18":"tag-new_header","19":"tag-news","20":"tag-onet3","21":"tag-onet3d","22":"tag-onet3d_2i","23":"tag-phx","24":"tag-pl","25":"tag-podroze_onet","26":"tag-poland","27":"tag-polish","28":"tag-polska","29":"tag-polska_polak_polka_polacy_polki","30":"tag-polski","31":"tag-screening_general","32":"tag-styl_zycia","33":"tag-top-stories","34":"tag-topstories","35":"tag-turysci","36":"tag-v2021","37":"tag-wiadomosci"},"share_on_mastodon":{"url":"https:\/\/pubeurope.com\/@pl\/115604564660363769","error":""},"_links":{"self":[{"href":"https:\/\/www.europesays.com\/pl\/wp-json\/wp\/v2\/posts\/115849","targetHints":{"allow":["GET"]}}],"collection":[{"href":"https:\/\/www.europesays.com\/pl\/wp-json\/wp\/v2\/posts"}],"about":[{"href":"https:\/\/www.europesays.com\/pl\/wp-json\/wp\/v2\/types\/post"}],"author":[{"embeddable":true,"href":"https:\/\/www.europesays.com\/pl\/wp-json\/wp\/v2\/users\/2"}],"replies":[{"embeddable":true,"href":"https:\/\/www.europesays.com\/pl\/wp-json\/wp\/v2\/comments?post=115849"}],"version-history":[{"count":0,"href":"https:\/\/www.europesays.com\/pl\/wp-json\/wp\/v2\/posts\/115849\/revisions"}],"wp:featuredmedia":[{"embeddable":true,"href":"https:\/\/www.europesays.com\/pl\/wp-json\/wp\/v2\/media\/115850"}],"wp:attachment":[{"href":"https:\/\/www.europesays.com\/pl\/wp-json\/wp\/v2\/media?parent=115849"}],"wp:term":[{"taxonomy":"category","embeddable":true,"href":"https:\/\/www.europesays.com\/pl\/wp-json\/wp\/v2\/categories?post=115849"},{"taxonomy":"post_tag","embeddable":true,"href":"https:\/\/www.europesays.com\/pl\/wp-json\/wp\/v2\/tags?post=115849"}],"curies":[{"name":"wp","href":"https:\/\/api.w.org\/{rel}","templated":true}]}}