{"id":115868,"date":"2025-11-24T12:11:10","date_gmt":"2025-11-24T12:11:10","guid":{"rendered":"https:\/\/www.europesays.com\/pl\/115868\/"},"modified":"2025-11-24T12:11:10","modified_gmt":"2025-11-24T12:11:10","slug":"prezydent-zdecydowal-grozna-zmiana-dla-ukraincow-w-polsce","status":"publish","type":"post","link":"https:\/\/www.europesays.com\/pl\/115868\/","title":{"rendered":"Prezydent zdecydowa\u0142. Gro\u017ana zmiana dla Ukrai\u0144c\u00f3w w Polsce"},"content":{"rendered":"<ul>&#13;<\/p>\n<li>Prezydent podpisa\u0142 we wrze\u015bniu ustaw\u0119 przed\u0142u\u017caj\u0105c\u0105 legalny pobyt obywateli Ukrainy w Polsce do 4 marca 2026 roku.<\/li>\n<p>&#13;<\/p>\n<li>Szef kancelarii prezydenckiej Zbigniew Bogucki podkre\u015bli\u0142, \u017ce jest to &#8222;ostatnia ustawa podpisana w tej formule&#8221;.<\/li>\n<p>&#13;<\/p>\n<li>Ukrai\u0144cy stanowi\u0105 w Polsce najwi\u0119ksz\u0105 grup\u0119 aktywnych zawodowo cudzoziemc\u00f3w, a ich udzia\u0142 w tworzeniu PKB w 2023 roku wyni\u00f3s\u0142 2,7 proc.<\/li>\n<p>&#13;\n<\/ul>\n<p>Prezydent zdecydowa\u0142. Gro\u017ana zmiana dla Ukrai\u0144c\u00f3w w Polsce<\/p>\n<p>Pod koniec wrze\u015bnia prezydent Karol Nawrocki podpisa\u0142\u00a0<a href=\"https:\/\/www.wnp.pl\/polityka-i-sondaze\/prezydent-podpisal-ustawe-o-pomocy-ukraincom-zadnej-innej-juz-nie-podpisze,988529.html\" target=\"_blank\" rel=\"nofollow noopener\">ustaw\u0119 dotycz\u0105c\u0105 szczeg\u00f3lnej pomocy obywatelom Ukrainy.<\/a> Dzi\u0119ki temu legalny pobyt obywateli Ukrainy, kt\u00f3rzy po 24 lutego 2022 r. przybyli do Polski, zosta\u0142 przed\u0142u\u017cony do 4 marca 2026 r.<\/p>\n<ul>&#13;<\/p>\n<li>Ustawa uszczelnia te\u017c system otrzymywania \u015bwiadcze\u0144 na rzecz rodziny przez cudzoziemc\u00f3w.<\/li>\n<p>&#13;<\/p>\n<li>Prawo do tych \u015bwiadcze\u0144 zosta\u0142o powi\u0105zane z aktywno\u015bci\u0105 zawodow\u0105 rodzica oraz nauk\u0105 dzieci w polskiej szkole.<\/li>\n<p>&#13;<\/p>\n<li>Dodatkowo prawo do \u015bwiadcze\u0144 b\u0119dzie powi\u0105zane z uzyskiwaniem przez cudzoziemc\u00f3w co najmniej 50 proc. minimalnego wynagrodzenia za prac\u0119.<\/li>\n<p>&#13;\n<\/ul>\n<p>Szef prezydenckiej kancelarii Zbigniew Bogucki powiedzia\u0142, \u017ce jest to &#8222;ostatnia ustawa, kt\u00f3ra zosta\u0142a przez prezydenta w tej formule pomocowej, szczeg\u00f3lnej pomocy podpisana, bo dzisiaj nie ma podstaw i nie ma powod\u00f3w, \u017ceby tego rodzaju dzia\u0142ania kontynuowa\u0107&#8221;.<\/p>\n<blockquote><p>&#13;<\/p>\n<p>\u017badnej innej ustawy w tej sprawie pan prezydent ju\u017c nie podpisze. Musimy przej\u015b\u0107 na normalne warunki, czyli traktowanie obywateli Ukrainy przebywaj\u0105cych na terytorium Rzeczypospolitej w taki sam spos\u00f3b, jak wszystkich innych obcokrajowc\u00f3w &#8211; zaznaczy\u0142.<\/p>\n<p>&#13;\n<\/p><\/blockquote>\n<p>Decyzja prezydenta dotycz\u0105ca kolejnego <a href=\"https:\/\/www.wnp.pl\/rynki\/wielka-zmiana-dla-ukraincow-w-polsce-rzad-zdecydowal,968827.html\" target=\"_blank\" rel=\"nofollow noopener\">przed\u0142u\u017cenia ochrony tymczasowej dla obywateli Ukrainy <\/a>tworzy sytuacj\u0119, kt\u00f3ra mo\u017ce zak\u0142\u00f3ci\u0107 dzia\u0142alno\u015b\u0107 przedsi\u0119biorstw.<\/p>\n<p>Ustawa o pomocy dla obywateli Ukrainy<\/p>\n<p>Przypomnijmy, \u017ce Karol Nawrocki pierwsz\u0105 nowelizacj\u0119 o pomocy obywatelom Ukrainy zawetowa\u0142, argumentuj\u0105c, \u017ce &#8222;800 plus&#8221; powinni dostawa\u0107 tylko Ukrai\u0144cy pracuj\u0105cy w Polsce.<\/p>\n<p>Przedsi\u0119biorcy podnosili w\u00f3wczas, \u017ce konieczne jest pilne wypracowanie stabilnych i przewidywalnych rozwi\u0105za\u0144 prawnych dotycz\u0105cych pobytu, zatrudnienia oraz dost\u0119pu do \u015bwiadcze\u0144 socjalnych. Rady Przedsi\u0119biorczo\u015bci zwr\u00f3ci\u0142a uwag\u0119, \u017ce brak jasnych regulacji grozi <a href=\"https:\/\/www.wnp.pl\/rynki\/prezydenckie-weto-ws-ukraincow-moze-przyniesc-duze-szkody-maja-ogromny-wplyw-na-gospodarke-polski,978086.html\" target=\"_blank\" rel=\"nofollow noopener\">powa\u017cnymi konsekwencjami dla rynku pracy, <\/a>gospodarki i systemu instytucji publicznych.<\/p>\n<p>W Polsce pracuje ju\u017c ponad 1,17 miliona cudzoziemc\u00f3w. Wed\u0142ug danych ZUS we wrze\u015bniu 2024 r. najwi\u0119ksz\u0105 grup\u0119 pracuj\u0105cych cudzoziemc\u00f3w stanowili obywatele Ukrainy (779 tys.). Oko\u0142o 80 proc. Ukrai\u0144c\u00f3w jest w Polsce aktywnych zawodowo, a ich wk\u0142ad w tworzenie polskiego PKB w ub.r. wyni\u00f3s\u0142 2,7 proc.<\/p>\n<p>    \u00a9<\/p>\n<p>        Materia\u0142 chroniony prawem autorskim &#8211; zasady przedruk\u00f3w okre\u015bla<br \/>\n        <a href=\"https:\/\/www.wnp.pl\/korzystanie-z-serwisu\/\" rel=\"nofollow noopener\" target=\"_blank\">regulamin<\/a><\/p>\n","protected":false},"excerpt":{"rendered":"&#13; Prezydent podpisa\u0142 we wrze\u015bniu ustaw\u0119 przed\u0142u\u017caj\u0105c\u0105 legalny pobyt obywateli Ukrainy w Polsce do 4 marca 2026 roku.&hellip;\n","protected":false},"author":2,"featured_media":115869,"comment_status":"","ping_status":"","sticky":false,"template":"","format":"standard","meta":{"footnotes":""},"categories":[16],"tags":[113,112,42,38,40,39,41],"class_list":{"0":"post-115868","1":"post","2":"type-post","3":"status-publish","4":"format-standard","5":"has-post-thumbnail","7":"category-biznes","8":"tag-biznes","9":"tag-business","10":"tag-pl","11":"tag-poland","12":"tag-polish","13":"tag-polska","14":"tag-polski"},"share_on_mastodon":{"url":"https:\/\/pubeurope.com\/@pl\/115604611686956425","error":""},"_links":{"self":[{"href":"https:\/\/www.europesays.com\/pl\/wp-json\/wp\/v2\/posts\/115868","targetHints":{"allow":["GET"]}}],"collection":[{"href":"https:\/\/www.europesays.com\/pl\/wp-json\/wp\/v2\/posts"}],"about":[{"href":"https:\/\/www.europesays.com\/pl\/wp-json\/wp\/v2\/types\/post"}],"author":[{"embeddable":true,"href":"https:\/\/www.europesays.com\/pl\/wp-json\/wp\/v2\/users\/2"}],"replies":[{"embeddable":true,"href":"https:\/\/www.europesays.com\/pl\/wp-json\/wp\/v2\/comments?post=115868"}],"version-history":[{"count":0,"href":"https:\/\/www.europesays.com\/pl\/wp-json\/wp\/v2\/posts\/115868\/revisions"}],"wp:featuredmedia":[{"embeddable":true,"href":"https:\/\/www.europesays.com\/pl\/wp-json\/wp\/v2\/media\/115869"}],"wp:attachment":[{"href":"https:\/\/www.europesays.com\/pl\/wp-json\/wp\/v2\/media?parent=115868"}],"wp:term":[{"taxonomy":"category","embeddable":true,"href":"https:\/\/www.europesays.com\/pl\/wp-json\/wp\/v2\/categories?post=115868"},{"taxonomy":"post_tag","embeddable":true,"href":"https:\/\/www.europesays.com\/pl\/wp-json\/wp\/v2\/tags?post=115868"}],"curies":[{"name":"wp","href":"https:\/\/api.w.org\/{rel}","templated":true}]}}