{"id":115893,"date":"2025-11-24T12:27:10","date_gmt":"2025-11-24T12:27:10","guid":{"rendered":"https:\/\/www.europesays.com\/pl\/115893\/"},"modified":"2025-11-24T12:27:10","modified_gmt":"2025-11-24T12:27:10","slug":"lublin-obroncy-wielkiego-bu-domagaja-sie-zwolnienia-z-aresztu","status":"publish","type":"post","link":"https:\/\/www.europesays.com\/pl\/115893\/","title":{"rendered":"Lublin: obro\u0144cy &#8222;Wielkiego Bu&#8221; domagaj\u0105 si\u0119 zwolnienia z aresztu"},"content":{"rendered":"<ul class=\"UnorderedList_container__nmfSl\">\n<li class=\"UnorderedList_listElement__Py7xi\" data-id=\"ai-summary-link\">Du\u017co czytania, a ma\u0142o czasu? Sprawd\u017a\u00a0skr\u00f3t\u00a0artyku\u0142u<\/li>\n<\/ul>\n<p class=\"Paragraph_desktopParagraph__U31Gm\">Rzecznik S\u0105du Okr\u0119gowego w Lublinie Marta \u015amiech przekaza\u0142a w poniedzia\u0142ek, \u017ce do s\u0105du rejonowego wp\u0142yn\u0119\u0142o za\u017calenie na tymczasowy areszt wobec Patryka M.<\/p>\n<p class=\"Paragraph_desktopParagraph__U31Gm\">\u2014 Obro\u0144ca domaga si\u0119 zamiany na \u015brodki zapobiegawcze o charakterze nieizolacyjnym. Proponowane jest 500 tys. z\u0142 por\u0119czenia, po\u0142\u0105czone z zakazem opuszczania kraju, dozorem policji oraz zakazem kontaktowania si\u0119 ze \u015bwiadkami i wsp\u00f3\u0142podejrzanymi w sprawie \u2014 poinformowa\u0142a s\u0119dzia \u015amiech.<\/p>\n<p class=\"Paragraph_desktopParagraph__U31Gm\">Spraw\u0105 zajmie si\u0119 S\u0105d Okr\u0119gowy w Lublinie. Termin rozpatrzenia wniosku nie jest jeszcze znany.<\/p>\n<p class=\"VideoPlayerText_videoPlayerText__iDwyz\">Dalszy ci\u0105g materia\u0142u pod wideo<\/p>\n<ul class=\"OchatFollowUps_wrapper__1ry7X\">\n<li class=\"OchatFollowUps_item__Dhyly OchatFollowUps_itemDesktop__R6aBv\">Kiedy s\u0105d rozpatrzy wniosek o zwolnienie Wielkiego Bu?<\/li>\n<li class=\"OchatFollowUps_item__Dhyly OchatFollowUps_itemDesktop__R6aBv\">Jakie zarzuty ci\u0105\u017c\u0105 na Patryku M.?<\/li>\n<li class=\"OchatFollowUps_item__Dhyly OchatFollowUps_itemDesktop__R6aBv\">Czy Wielki Bu przyzna\u0142 si\u0119 do winy?<\/li>\n<li class=\"OchatFollowUps_item__Dhyly OchatFollowUps_itemDesktop__R6aBv\">Jakie \u015brodki zapobiegawcze proponuje obro\u0144ca?<\/li>\n<\/ul>\n<p>&#8222;Wielki Bu&#8221; chce wyj\u015b\u0107 na wolno\u015b\u0107 <\/p>\n<p class=\"Paragraph_desktopParagraph__U31Gm\">S\u0105d Rejonowy Lublin-Zach\u00f3d zdecydowa\u0142 14 listopada br. \u2014 na wniosek prokuratury \u2014 o dalszym aresztowaniu Patryka M. ps. Wielki Bu. Zdaniem s\u0105du wyst\u0119puje uzasadniona obawa ucieczki b\u0105d\u017a ukrywania si\u0119 podejrzanego, jak te\u017c obawa matactwa, czyli np. nak\u0142aniania do fa\u0142szywych zezna\u0144, oraz to, \u017ce za zarzucane Patrykowi M. czyny grozi surowa kara.<\/p>\n<p class=\"Paragraph_desktopParagraph__U31Gm\">\u015aledztwo w tej sprawie prowadzi lubelski wydzia\u0142 zamiejscowy Departamentu do Spraw Przest\u0119pczo\u015bci Zorganizowanej i Korupcji Prokuratury Krajowej.<\/p>\n<p class=\"Paragraph_desktopParagraph__U31Gm\">PK informowa\u0142a w komunikacie o przedstawieniu Patrykowi M. pi\u0119ciu zarzut\u00f3w. Dotycz\u0105 one jego udzia\u0142u w latach 2017-2018 w zorganizowanej grupie przest\u0119pczej, dzia\u0142aj\u0105cej na terenie wojew\u00f3dztwa pomorskiego, a tak\u017ce innych region\u00f3w Polski oraz na terytorium Kr\u00f3lestwa Niderland\u00f3w i Hiszpanii.<\/p>\n<p class=\"Paragraph_desktopParagraph__U31Gm\">Grupa ta \u2014 jak poda\u0142a prokuratura \u2014 zajmowa\u0142a si\u0119 nabywaniem, produkcj\u0105 oraz wprowadzaniem do obrotu znacznych ilo\u015bci \u015brodk\u00f3w odurzaj\u0105cych i substancji psychotropowych, w tym marihuany, kokainy, amfetaminy, haszyszu, mefedronu, klefedronu oraz ecstasy.<\/p>\n<p class=\"Paragraph_desktopParagraph__U31Gm\">Patryk M. jest podejrzany m.in. o uczestnictwo w obrocie 17 kg marihuany o czarnorynkowej warto\u015bci ok. 850 tys. z\u0142 oraz 2 kg amfetaminy o warto\u015bci ok. 60 tys. z\u0142, z czego uczyni\u0142 sobie sta\u0142e \u017ar\u00f3d\u0142o dochodu. Ponadto jest podejrzany o udzia\u0142 w kradzie\u017cy z w\u0142amaniem samochodu marki Audi Q7 o warto\u015bci 60 tys. z\u0142, w kt\u00f3rym nast\u0119pnie przerobiono numery identyfikacyjne VIN. Kolejny zarzut dotyczy oszustwa przy sprzeda\u017cy auta za kwot\u0119 41 tys. z\u0142, co doprowadzi\u0142o nabywc\u0119 do niekorzystnego rozporz\u0105dzenia mieniem.<\/p>\n<p>&#8222;Wielki Bu&#8221; nie przyznaje si\u0119 do winy <\/p>\n<p class=\"Paragraph_desktopParagraph__U31Gm\">Po przes\u0142uchaniu w Lublinie jego obro\u0144cy Krzysztof Ways i \u0141ukasz Isenko powiedzieli mediom, \u017ce ich klient odm\u00f3wi\u0142 sk\u0142adania wyja\u015bnie\u0144, nie przyzna\u0142 si\u0119 do zarzucanych mu czyn\u00f3w, a nawet &#8222;kwestionuje fakt, \u017ce takie sytuacje, kt\u00f3re zosta\u0142y opisane w zarzutach, mia\u0142y w og\u00f3le miejsce&#8221;.<\/p>\n<p class=\"Paragraph_desktopParagraph__U31Gm\">Patryk M. zosta\u0142 zatrzymany 12 wrze\u015bnia na lotnisku w Hamburgu, sk\u0105d \u2014 jak informowa\u0142a w\u00f3wczas policja \u2014 planowa\u0142 uda\u0107 si\u0119 do Zjednoczonych Emirat\u00f3w Arabskich. Strona niemiecka 6 listopada przekaza\u0142a go Polsce na podstawie europejskiego nakazu aresztowania.<\/p>\n<p class=\"Paragraph_desktopParagraph__U31Gm\">&#8222;Wielki Bu&#8221; znany jest m.in. z uczestnictwa we freak-fightowych galach MMA. W maju 2024 r. kontrowersje wzbudzi\u0142o zdj\u0119cie, kt\u00f3re zrobi\u0142 sobie w Biurze Edukacji Narodowej IPN z \u00f3wczesnym prezesem IPN Karolem Nawrockim i opublikowa\u0142 w mediach spo\u0142eczno\u015bciowych z podpisem: &#8222;Ci\u0119\u017cko by\u0142o nie skorzysta\u0107 z zaproszenia, wi\u0119c skoro i tak by\u0142em w stolicy, wpad\u0142em zobaczy\u0107, jak si\u0119 Karolowi szefuje w tej instytucji&#8221;. P\u00f3\u017aniej opublikowa\u0142 te\u017c zdj\u0119cie z Nawrockim przy kawiarnianym stoliku z podpisem: &#8222;Takie tam z prezesem IPN na kawce. M\u0105drego to zawsze dobrze pos\u0142ucha\u0107&#8221;.<\/p>\n<p class=\"Paragraph_desktopParagraph__U31Gm\">W czasie kampanii prezydenckiej media i cz\u0119\u015b\u0107 polityk\u00f3w krytykowa\u0142y Nawrockiego za kontakty z &#8222;Wielkim Bu&#8221; jako &#8222;cz\u0142onkiem gangu sutener\u00f3w&#8221;. Nawrocki, kt\u00f3rego pasj\u0105 jest boks, powiedzia\u0142 jesieni\u0105 2024 r. &#8222;Rzeczpospolitej&#8221;, \u017ce pozna\u0142 go kilkana\u015bcie lat temu na sali bokserskiej, walczyli &#8222;ze sob\u0105 w formule sportowej: oficjalnie, na sali bokserskiej, w gronie wielu innych zawodnik\u00f3w&#8221;, a p\u00f3\u017aniej wiele lat si\u0119 nie widzieli. Doda\u0142, \u017ce nie odniesie si\u0119 &#8222;do kwestii kryminalnych&#8221; i \u017ce nie ma o nich poj\u0119cia. Z kolei we wpisie na platformie X Nawrocki napisa\u0142 m.in., \u017ce &#8222;swoich przeciwnik\u00f3w z ringu ceni za podj\u0119cie walki, nie odpowiada jednak za ich \u017cycie pozasportowe&#8221;.<\/p>\n","protected":false},"excerpt":{"rendered":"Du\u017co czytania, a ma\u0142o czasu? Sprawd\u017a\u00a0skr\u00f3t\u00a0artyku\u0142u Rzecznik S\u0105du Okr\u0119gowego w Lublinie Marta \u015amiech przekaza\u0142a w poniedzia\u0142ek, \u017ce do&hellip;\n","protected":false},"author":2,"featured_media":115894,"comment_status":"","ping_status":"","sticky":false,"template":"","format":"standard","meta":{"footnotes":""},"categories":[12],"tags":[2451,22532,32,33,36,37,27,67,240,34,35,7446,28,31,53,25,52,68,51,55,42,38,40,39,41,25179,47,29,30,65,50,26,1628],"class_list":{"0":"post-115893","1":"post","2":"type-post","3":"status-publish","4":"format-standard","5":"has-post-thumbnail","7":"category-polska","8":"tag-areszt","9":"tag-boks_sport_bokser_bokserka_bokserzy_bokserki","10":"tag-breaking-news","11":"tag-breakingnews","12":"tag-featured-news","13":"tag-featurednews","14":"tag-headlines","15":"tag-intextvideo_splayer","16":"tag-karol_nawrocki_prezydent","17":"tag-latest-news","18":"tag-latestnews","19":"tag-lublin_miasto","20":"tag-naglowki","21":"tag-najwazniejsze-artykuly","22":"tag-new_header","23":"tag-news","24":"tag-onet3","25":"tag-onet3d","26":"tag-onet3d_2i","27":"tag-phx","28":"tag-pl","29":"tag-poland","30":"tag-polish","31":"tag-polska","32":"tag-polski","33":"tag-sad_rejonowy","34":"tag-screening_general","35":"tag-top-stories","36":"tag-topstories","37":"tag-update_me","38":"tag-v2021","39":"tag-wiadomosci","40":"tag-wielki_bu"},"share_on_mastodon":{"url":"","error":"Validation failed: Text character limit of 500 exceeded"},"_links":{"self":[{"href":"https:\/\/www.europesays.com\/pl\/wp-json\/wp\/v2\/posts\/115893","targetHints":{"allow":["GET"]}}],"collection":[{"href":"https:\/\/www.europesays.com\/pl\/wp-json\/wp\/v2\/posts"}],"about":[{"href":"https:\/\/www.europesays.com\/pl\/wp-json\/wp\/v2\/types\/post"}],"author":[{"embeddable":true,"href":"https:\/\/www.europesays.com\/pl\/wp-json\/wp\/v2\/users\/2"}],"replies":[{"embeddable":true,"href":"https:\/\/www.europesays.com\/pl\/wp-json\/wp\/v2\/comments?post=115893"}],"version-history":[{"count":0,"href":"https:\/\/www.europesays.com\/pl\/wp-json\/wp\/v2\/posts\/115893\/revisions"}],"wp:featuredmedia":[{"embeddable":true,"href":"https:\/\/www.europesays.com\/pl\/wp-json\/wp\/v2\/media\/115894"}],"wp:attachment":[{"href":"https:\/\/www.europesays.com\/pl\/wp-json\/wp\/v2\/media?parent=115893"}],"wp:term":[{"taxonomy":"category","embeddable":true,"href":"https:\/\/www.europesays.com\/pl\/wp-json\/wp\/v2\/categories?post=115893"},{"taxonomy":"post_tag","embeddable":true,"href":"https:\/\/www.europesays.com\/pl\/wp-json\/wp\/v2\/tags?post=115893"}],"curies":[{"name":"wp","href":"https:\/\/api.w.org\/{rel}","templated":true}]}}