{"id":115949,"date":"2025-11-24T13:04:08","date_gmt":"2025-11-24T13:04:08","guid":{"rendered":"https:\/\/www.europesays.com\/pl\/115949\/"},"modified":"2025-11-24T13:04:08","modified_gmt":"2025-11-24T13:04:08","slug":"zwrot-w-sprawie-marka-papszuna-w-legii-juz-byli-gotowi-przeglad-sportowy-onet","status":"publish","type":"post","link":"https:\/\/www.europesays.com\/pl\/115949\/","title":{"rendered":"Zwrot w sprawie Marka Papszuna. W Legii ju\u017c byli gotowi &#8211; Przegl\u0105d Sportowy Onet"},"content":{"rendered":"<ol>\n<li><a href=\"https:\/\/news.google.com\/rss\/articles\/CBMiuwFBVV95cUxOd05TU0k4WFJ0TjM2NkM0SXpRUElmcFdkVTQ4WnNFQW1wYW5nc3RzVjdDdVNFR2tBTGxfVHdkUzQ1ZkIyY2RnUEpJRmFJREZmekYtRTdILXFtMTdHcXRMT0F6V2dvNjI4ejJiQnI5eVFiVV9NQlctR3FfUXJTX3BlcmRVX09Lblp4Q3gwWUdVYkdGbHJJZEVxMEdUSXhKMUY3QWlud0t2MF9zVWlkYVMzSzRFMTV2d0djc193?oc=5\" target=\"_blank\" rel=\"nofollow noopener\">Zwrot w sprawie Marka Papszuna. W Legii ju\u017c byli gotowi<\/a>&nbsp;&nbsp;Przegl\u0105d Sportowy Onet<\/li>\n<li><a href=\"https:\/\/news.google.com\/rss\/articles\/CBMizAFBVV95cUxPT3ZWQ3NBZWNyWjBCc2FySi1obUpCQjVDY256WktFcFltcDJ6bWxWZTFCUnoyd3hRSUdUQjR0M3dJY29LaG5lOE1IbXlmTlJaYXlUM1BxU3ZZQ25iU3JhVlBuR1hWRFBrYW1zSkVkbGZfaEdzeENtak5oZzRQNnQ1Q25JQlZJVENNWWpmTktCc3VvcGVWS3JmUGp0ekVPWWl2V0NISzh5RDhFRGQtT3FlaUdkS0ZHX25ZeXQtY04xVWl6Zm4teG9EalY0TVo?oc=5\" target=\"_blank\" rel=\"nofollow noopener\">Sensacja w sprawie Marka Papszuna. Media: ma inn\u0105 ofert\u0119. I to od kogo<\/a>&nbsp;&nbsp;Przegl\u0105d Sportowy Onet<\/li>\n<li><a href=\"https:\/\/news.google.com\/rss\/articles\/CBMivAFBVV95cUxPRzhfSUFIcGUxRnduY1Y4enpqT0I1Z18zOWJYUy1ScUdGdS1Ed1BmcVpnaFM3ZWZMOWVUcm9QRnJMc3VVZTZiVmtBN0QwcWo0aFJoV096Qlh5eWFQUVd2VHprZXZCdm40blFZb2lydTQyby14TXl1ejF4VFdhYjJBeEhsWTR1Q3BINkw4Q3Z4UXp0M3Frbzl6RFlqY3hPY2dHVTN3SjFOZGxvX19UUzlKSTNxRWN6UVpfRTY0dg?oc=5\" target=\"_blank\" rel=\"nofollow noopener\">Papszun wybra\u0142 Legi\u0119 zamiast Ligi Mistrz\u00f3w? M\u00f3g\u0142 pracowa\u0107 w znanym klubie<\/a>&nbsp;&nbsp;SportoweFakty<\/li>\n<li><a href=\"https:\/\/news.google.com\/rss\/articles\/CBMingFBVV95cUxQRGVTckN3XzdDNXR2STBuSk9PcS0zRm5XNDBfYVk2WTR6dXl3Sk5wal9xdnJ2MEQ5U1c0RkdvT3lDamZiTGo4WVE1SHFDWVl3V0FyUTBoRkJ2UE82cGx2S3BiM1F2RVloZ2ZMdTc1RjV2UHpTcUlpUUJZRGdSWkpfNGtXbXJLM3NPeTY0ZlRtZm9KYlpCX0J2OHU3T2pmUQ?oc=5\" target=\"_blank\" rel=\"nofollow noopener\">Borek m\u00f3wi wprost ws. Papszuna. &#8222;Legia si\u0119 o\u015bmieszy&#8221;<\/a>&nbsp;&nbsp;Sport.pl<\/li>\n<li><a href=\"https:\/\/news.google.com\/rss\/articles\/CBMirgFBVV95cUxPbktESjNrcEx5YjVuSmRlX3MyX1EyTHpaVThha2VDYXRaY2lUM3FhR3NtWWlKeHUzOVJuUVVZTnRBcGlzbnlKWUQ5UFJJN0ZkeDdDam05SDJTR2RKdDZfLVNESmxIZUxrSjl4V3lnSnp0OW5IVllvR0dtQnZUUXNFQVFWUGQzbVhnZzRUNGxMNnUyaDlHNWJOMXdKRXhBbmU2Yy1uSlRoZjZ1QjR4UVHSAbMBQVVfeXFMUE9OUnNHWExQRGlfRDlLV2NkR0FoNTdub2libmRWd2JaLVFaVnB4a19KSENITERseHZvZ3BDMTR3LTVjOEUzemtVZENLeHpyUDRvN0E0cTZZclVZNEw1QklWcnVOOURIM0FCckpGNFM4Wml5ZnV1OU1nUmNqLVBDb2hhUXV4NHRKcnNkV29CWmJQQVNrbzQtR0djekR4RGtjWTFyaVRmU1BkR0w2TFJZUGpkSnM?oc=5\" target=\"_blank\" rel=\"nofollow noopener\">Legia Warszawa z\u0142o\u017cy\u0142a ofert\u0119 za Marka Papszuna. Jest reakcja Rakowa Cz\u0119stochowa<\/a>&nbsp;&nbsp;sport.tvp.pl<\/li>\n<\/ol>\n","protected":false},"excerpt":{"rendered":"Zwrot w sprawie Marka Papszuna. W Legii ju\u017c byli gotowi&nbsp;&nbsp;Przegl\u0105d Sportowy Onet Sensacja w sprawie Marka Papszuna. Media:&hellip;\n","protected":false},"author":2,"featured_media":115950,"comment_status":"","ping_status":"","sticky":false,"template":"","format":"standard","meta":{"footnotes":""},"categories":[24],"tags":[274,67,2563,2561,11744,42,38,40,39,41,136,128,47,127,135,126],"class_list":{"0":"post-115949","1":"post","2":"type-post","3":"status-publish","4":"format-standard","5":"has-post-thumbnail","7":"category-sport","8":"tag-ekstraklasa","9":"tag-intextvideo_splayer","10":"tag-legia_warszawa","11":"tag-marek_papszun","12":"tag-ogor","13":"tag-pl","14":"tag-poland","15":"tag-polish","16":"tag-polska","17":"tag-polski","18":"tag-ps_detal_new","19":"tag-psv2","20":"tag-screening_general","21":"tag-sport","22":"tag-sport_sport","23":"tag-sports"},"share_on_mastodon":{"url":"https:\/\/pubeurope.com\/@pl\/115604820106989192","error":""},"_links":{"self":[{"href":"https:\/\/www.europesays.com\/pl\/wp-json\/wp\/v2\/posts\/115949","targetHints":{"allow":["GET"]}}],"collection":[{"href":"https:\/\/www.europesays.com\/pl\/wp-json\/wp\/v2\/posts"}],"about":[{"href":"https:\/\/www.europesays.com\/pl\/wp-json\/wp\/v2\/types\/post"}],"author":[{"embeddable":true,"href":"https:\/\/www.europesays.com\/pl\/wp-json\/wp\/v2\/users\/2"}],"replies":[{"embeddable":true,"href":"https:\/\/www.europesays.com\/pl\/wp-json\/wp\/v2\/comments?post=115949"}],"version-history":[{"count":0,"href":"https:\/\/www.europesays.com\/pl\/wp-json\/wp\/v2\/posts\/115949\/revisions"}],"wp:featuredmedia":[{"embeddable":true,"href":"https:\/\/www.europesays.com\/pl\/wp-json\/wp\/v2\/media\/115950"}],"wp:attachment":[{"href":"https:\/\/www.europesays.com\/pl\/wp-json\/wp\/v2\/media?parent=115949"}],"wp:term":[{"taxonomy":"category","embeddable":true,"href":"https:\/\/www.europesays.com\/pl\/wp-json\/wp\/v2\/categories?post=115949"},{"taxonomy":"post_tag","embeddable":true,"href":"https:\/\/www.europesays.com\/pl\/wp-json\/wp\/v2\/tags?post=115949"}],"curies":[{"name":"wp","href":"https:\/\/api.w.org\/{rel}","templated":true}]}}