{"id":115961,"date":"2025-11-24T13:12:16","date_gmt":"2025-11-24T13:12:16","guid":{"rendered":"https:\/\/www.europesays.com\/pl\/115961\/"},"modified":"2025-11-24T13:12:16","modified_gmt":"2025-11-24T13:12:16","slug":"joanna-opozda-wyznala-ile-teraz-wazy-mam-172-cm-wzrostu-2","status":"publish","type":"post","link":"https:\/\/www.europesays.com\/pl\/115961\/","title":{"rendered":"Joanna Opozda wyzna\u0142a, ile teraz wa\u017cy. &#8222;Mam 172 cm wzrostu&#8221;"},"content":{"rendered":"<p class=\"ods-c-paragraph \"><a href=\"https:\/\/plejada.pl\/joanna-opozda\" id=\"e7cf6f11-2047-4540-8468-72eca70ea28b\" rel=\"nofollow noopener\" target=\"_blank\">Joanna Opozd\u0430 <\/a>to polska aktorka i modelka, kt\u00f3ra wyst\u0119powa\u0142a r\u00f3wnie\u017c w polskich produkcjach telewizyjnych, m.in. &#8222;M jak mi\u0142o\u015b\u0107&#8221; czy &#8222;Barwach szcz\u0119\u015bcia&#8221;, a tak\u017ce w filmach komediowych i obyczajowych. Jednym z wa\u017cniejszych moment\u00f3w jej kariery by\u0142a rola Brigitte Bardot w filmie Lecha Majewskiego &#8222;Brigitte Bardot cudowna&#8221;.<\/p>\n<p class=\"ods-c-paragraph \">Polecamy: <a href=\"https:\/\/plejada.pl\/newsy\/kim-jest-kamil-kuroczko-tancerz-tanca-z-gwiazdami-zwiazany-byl-z-joanna-opozda\/k4n9fpv\" id=\"088cd416-d0fb-4347-854a-564b60866992\" rel=\"nofollow noopener\" target=\"_blank\">Kamil Kuroczko w &#8222;Ta\u0144cu z gwiazdami&#8221; od 9 lat. Z Joanna Opozd\u0105 wyta\u0144czyli sobie mi\u0142o\u015b\u0107<\/a><\/p>\n<p class=\"ods-c-paragraph \">Aktywnie prowadzi swoje media spo\u0142eczno\u015bciowe, gdzie dzieli si\u0119 zawodowymi projektami oraz fragmentami \u017cycia codziennego. W \u017cyciu prywatnym znana jest jako mama syna Vincenta, kt\u00f3rego urodzi\u0142a w 2022 r. Cho\u0107 jej relacje osobiste, w tym zwi\u0105zek z Antonim Kr\u00f3likowskim, by\u0142y szeroko komentowane w mediach, aktorka koncentruje si\u0119 przede wszystkim na pracy oraz wychowaniu dziecka.<\/p>\n<p>Dalszy ci\u0105g artyku\u0142u pod materia\u0142em wideo<\/p>\n<p> Ile wa\u017cy Joanna Opozda? <\/p>\n<p> Jak wzrost ma Joanna Opozda? <\/p>\n<p> Jak cz\u0119sto zmienia si\u0119 waga Joanny Opozdy? <\/p>\n<p> Jakie filmy zagra\u0142a Joanna Opozda? <\/p>\n<p>  Tyle wa\u017cy Joanna Opozda<\/p>\n<p class=\"ods-c-paragraph \">Joanna Opozda niedawno przeprowadzi\u0142a na Instagramie sesj\u0119 pyta\u0144 i odpowiedzi, podczas kt\u00f3rej ujawni\u0142a swoj\u0105 aktualn\u0105 wag\u0119.<\/p>\n<blockquote class=\"ods-o-quota\">\n<p class=\"ods-o-quota__paragraph\">Mam 172 cm wzrostu, wa\u017c\u0119 53 kg. Chocia\u017c ta waga si\u0119 waha w zale\u017cno\u015bci od cyklu, bo niestety \u0142api\u0119 wod\u0119<\/p>\n<\/blockquote>\n<p class=\"ods-c-paragraph \">\u2014 stwierdzi\u0142a.<\/p>\n<p class=\"ods-c-paragraph \">Polecamy: <a href=\"https:\/\/plejada.pl\/newsy\/tak-zakonczyla-sie-sprawa-rozwodowa-krolikowskiego-i-opozdy-nie-takie-proste\/fegzl9w\" id=\"b1b57645-335f-44be-b24d-4190bb04178d\" rel=\"nofollow noopener\" target=\"_blank\">Tak zako\u0144czy\u0142a si\u0119 sprawa rozwodowa Kr\u00f3likowskiego i Opozdy. &#8222;Nie takie proste&#8221;<\/a><\/p>\n<p>Joanna Opozda i Antoni Kr\u00f3likowski<\/p>\n<p class=\"ods-c-paragraph \">Para, kt\u00f3ra pozna\u0142a si\u0119 w 2020 r., szybko zyska\u0142a popularno\u015b\u0107. Ich zwi\u0105zek rozwija\u0142 si\u0119 w b\u0142yskawicznym tempie, a 7 sierpnia 2021 r. powiedzieli sobie &#8222;tak&#8221;. Nied\u0142ugo potem na \u015bwiat przyszed\u0142 ich syn, Vincent. Jednak ma\u0142\u017ce\u0144skie szcz\u0119\u015bcie nie trwa\u0142o d\u0142ugo \u2014 ju\u017c w lutym 2022 r. aktorzy zdecydowali si\u0119 rozsta\u0107, jeszcze przed narodzinami dziecka. Wniesiony przez <a href=\"https:\/\/plejada.pl\/antoni-krolikowski-aktor\" id=\"a6c9eea5-fcb2-4973-b0b0-cfe5e5eb250f\" rel=\"nofollow noopener\" target=\"_blank\">Antoniego Kr\u00f3likowskiego<\/a> pozew rozwodowy, w kt\u00f3rym pozwan\u0105 jest <a href=\"https:\/\/plejada.pl\/joanna-opozda\" id=\"f68e8392-fcb0-430b-a7cc-0cc29ca62678\" rel=\"nofollow noopener\" target=\"_blank\">Joanna Opozda<\/a>, wci\u0105\u017c czeka na rozstrzygni\u0119cie.<\/p>\n<p class=\"ods-c-paragraph \">Kolejna rozprawa zosta\u0142a wyznaczona na kwiecie\u0144 2026 r.<\/p>\n<p class=\"ods-c-paragraph \">Dzi\u0119kujemy, \u017ce przeczyta\u0142a\u015b\/e\u015b nasz artyku\u0142 do ko\u0144ca. W serwisie Plejada.pl ka\u017cdego dnia piszemy o najwa\u017cniejszych wydarzeniach show-biznesowych. B\u0105d\u017a na bie\u017c\u0105co! <a rel=\"nofollow noopener\" href=\"https:\/\/news.google.com\/publications\/CAAiEF0PeAlb7W1llpV_mwV2rL4qFAgKIhBdD3gJW-1tZZaVf5sFdqy-?hl=pl&amp;gl=PL&amp;ceid=PL%3Apl\" id=\"1bfab1e7-26d0-4527-95a6-7ef667189e01\" target=\"_blank\">Obserwuj<\/a> Plejad\u0119 w Wiadomo\u015bciach Google. Odwied\u017a nas tak\u017ce na <a rel=\"nofollow noopener\" href=\"https:\/\/www.facebook.com\/plejadapl\" id=\"54547886-67c3-4f86-8d12-755f6c88d74f\" target=\"_blank\">Facebooku<\/a>, <a rel=\"nofollow noopener\" href=\"https:\/\/www.instagram.com\/plejadapl\/\" id=\"be14a9fc-836e-4f5b-ab3f-fad718d22038\" target=\"_blank\">Instagramie<\/a>, <a rel=\"nofollow noopener\" href=\"https:\/\/www.youtube.com\/c\/plejada\" id=\"3df18240-9a4b-4fb6-9ab2-3c539a019418\" target=\"_blank\">YouTubie<\/a> oraz <a rel=\"nofollow noopener\" href=\"https:\/\/www.tiktok.com\/@plejada_pl\" id=\"215641bc-303c-4b08-aaa5-27e5f33ec5aa\" target=\"_blank\">TikToku<\/a>.<\/p>\n<p class=\"ods-c-paragraph \">Chcesz podzieli\u0107 si\u0119 ciekawym newsem lub zaproponowa\u0107 temat? Skontaktuj si\u0119 z nami, pisz\u0105c maila na adres: <a rel=\"nofollow noopener\" href=\"https:\/\/plejada.pl\/newsy\/joanna-opozda-wyznala-ile-teraz-wazy-mam-172-cm-wzrostu\/mailto:plejada@redakcjaonet.pl\" id=\"b81497c0-86dc-433f-b3e6-06a734600e94\" target=\"_blank\">plejada@redakcjaonet.pl<\/a>.<\/p>\n<p><script async src=\"\/\/www.instagram.com\/embed.js\"><\/script><script async src=\"\/\/www.tiktok.com\/embed.js\"><\/script><\/p>\n","protected":false},"excerpt":{"rendered":"Joanna Opozd\u0430 to polska aktorka i modelka, kt\u00f3ra wyst\u0119powa\u0142a r\u00f3wnie\u017c w polskich produkcjach telewizyjnych, m.in. &#8222;M jak mi\u0142o\u015b\u0107&#8221;&hellip;\n","protected":false},"author":2,"featured_media":115962,"comment_status":"","ping_status":"","sticky":false,"template":"","format":"standard","meta":{"footnotes":""},"categories":[22],"tags":[122,5017,48,125,46,42,38,40,39,41,123,47],"class_list":{"0":"post-115961","1":"post","2":"type-post","3":"status-publish","4":"format-standard","5":"has-post-thumbnail","7":"category-rozrywka","8":"tag-entertainment","9":"tag-joanna_opozda","10":"tag-nat_styl","11":"tag-newsy","12":"tag-omp","13":"tag-pl","14":"tag-poland","15":"tag-polish","16":"tag-polska","17":"tag-polski","18":"tag-rozrywka","19":"tag-screening_general"},"share_on_mastodon":{"url":"https:\/\/pubeurope.com\/@pl\/115604851743718275","error":""},"_links":{"self":[{"href":"https:\/\/www.europesays.com\/pl\/wp-json\/wp\/v2\/posts\/115961","targetHints":{"allow":["GET"]}}],"collection":[{"href":"https:\/\/www.europesays.com\/pl\/wp-json\/wp\/v2\/posts"}],"about":[{"href":"https:\/\/www.europesays.com\/pl\/wp-json\/wp\/v2\/types\/post"}],"author":[{"embeddable":true,"href":"https:\/\/www.europesays.com\/pl\/wp-json\/wp\/v2\/users\/2"}],"replies":[{"embeddable":true,"href":"https:\/\/www.europesays.com\/pl\/wp-json\/wp\/v2\/comments?post=115961"}],"version-history":[{"count":0,"href":"https:\/\/www.europesays.com\/pl\/wp-json\/wp\/v2\/posts\/115961\/revisions"}],"wp:featuredmedia":[{"embeddable":true,"href":"https:\/\/www.europesays.com\/pl\/wp-json\/wp\/v2\/media\/115962"}],"wp:attachment":[{"href":"https:\/\/www.europesays.com\/pl\/wp-json\/wp\/v2\/media?parent=115961"}],"wp:term":[{"taxonomy":"category","embeddable":true,"href":"https:\/\/www.europesays.com\/pl\/wp-json\/wp\/v2\/categories?post=115961"},{"taxonomy":"post_tag","embeddable":true,"href":"https:\/\/www.europesays.com\/pl\/wp-json\/wp\/v2\/tags?post=115961"}],"curies":[{"name":"wp","href":"https:\/\/api.w.org\/{rel}","templated":true}]}}