{"id":115982,"date":"2025-11-24T13:24:10","date_gmt":"2025-11-24T13:24:10","guid":{"rendered":"https:\/\/www.europesays.com\/pl\/115982\/"},"modified":"2025-11-24T13:24:10","modified_gmt":"2025-11-24T13:24:10","slug":"w-pogodzie-na-14-dni-widac-duze-zmiany-temperatura-przekroczy-10-st-c","status":"publish","type":"post","link":"https:\/\/www.europesays.com\/pl\/115982\/","title":{"rendered":"W pogodzie na 14 dni wida\u0107 du\u017ce zmiany. Temperatura przekroczy 10 st. C"},"content":{"rendered":"<p class=\"ods-c-paragraph \">W perspektywie kilku najbli\u017cszych dni nie wida\u0107 znacz\u0105cych zmian w pogodzie. Co wi\u0119cej, zima jeszcze bardziej si\u0119 umocni. We wtorek i w \u015brod\u0119 (25 i 26 listopada) przez nasz kraj przejdzie ni\u017c genue\u0144ski, nios\u0105c intensywne opady deszczu, deszczu ze \u015bniegiem i \u015bniegu. Od po\u0142udniowego zachodu przez centrum po p\u00f3\u0142nocny wsch\u00f3d mo\u017ce spa\u015b\u0107 ok. 15-25 cm bia\u0142ego puchu. Zmian nie wida\u0107 tak\u017ce w temperaturze, kt\u00f3ra w ci\u0105gu dnia b\u0119dzie si\u0119 kszta\u0142towa\u0107 w okolicach 0 st. C.<\/p>\n<p> Kiedy nast\u0105pi zmiana pogody w Polsce? <\/p>\n<p> Jakie warunki pogodowe b\u0119d\u0105 w najbli\u017cszych dniach? <\/p>\n<p> Jakie temperatury przewiduje prognoza na pocz\u0105tku grudnia? <\/p>\n<p> Jakie opady maj\u0105 wyst\u0105pi\u0107 w Polsce w najbli\u017cszym czasie? <\/p>\n<p>   Pogoda na 14 dni. Fala ciep\u0142a wtargnie do Polski<\/p>\n<p class=\"ods-c-paragraph \">Od czwartku (27 listopada) pogod\u0105 w Polsce zacznie rz\u0105dzi\u0107 wy\u017c. Oznacza to uspokojenie aury i znacznie mniej opad\u00f3w. Dokucza\u0107 b\u0119d\u0105 jednak g\u0119ste mg\u0142y, kt\u00f3re mog\u0105 utrzymywa\u0107 si\u0119 przez wi\u0119kszo\u015b\u0107 doby. Tam, gdzie si\u0119 pojawi\u0105, temperatura zatrzyma si\u0119 na lekkim minusie. Wi\u0119cej s\u0142o\u0144ca spodziewamy si\u0119 w g\u00f3rach i tam mo\u017ce by\u0107 nawet ok. 5 st. C. Podczas nocnych rozpogodze\u0144 mo\u017cliwe s\u0105 spadki poni\u017cej -10 st. C, zw\u0142aszcza na wschodzie i w kotlinach g\u00f3rskich.<\/p>\n<p>   <img decoding=\"async\" src=\"https:\/\/www.europesays.com\/pl\/wp-content\/uploads\/2025\/11\/PoWk9lBaHR0cHM6Ly9vY2RuLmV1L3B1bHNjbXMvTURBXy9kMDNkN2NlNjM5NGNlNzViODI3ODE4ZmQ0YTU3NjExZS5qcGeRlQLNB.jpeg\" height=\"658\" width=\"940\" alt=\"Druga po\u0142owa tygodnia przyniesie spory mr\u00f3z\" loading=\"lazy\" class=\"ods-c-image__img ods-c-image__img--viewport-width\"\/><\/p>\n<p>Druga po\u0142owa tygodnia przyniesie spory mr\u00f3zwxcharts.com<\/p>\n<p class=\"ods-c-paragraph \">Kolejne zmiany czekaj\u0105 nas na prze\u0142omie listopada i grudnia. Wtedy przez Polsk\u0119 z zachodu na wsch\u00f3d w\u0119drowa\u0107 maj\u0105 fronty atmosferyczne z silniejszym wiatrem oraz opadami deszczu, deszczu ze \u015bniegiem i \u015bniegu. Za nimi pop\u0142ynie \u0142agodne atlantyckie powietrze, kt\u00f3re sprawi, \u017ce w okolicach 5 grudnia temperatura wyra\u017anie p\u00f3jdzie w g\u00f3r\u0119.<\/p>\n<p><img decoding=\"async\" src=\"https:\/\/www.europesays.com\/pl\/wp-content\/uploads\/2025\/11\/aDYk9lBaHR0cHM6Ly9vY2RuLmV1L3B1bHNjbXMvTURBXy8xOTdmNmEyZDgxMjY5MzkwZWJjZmIzNzY2NzBhZWIyYi5qcGeRlQLNB.jpeg\" height=\"658\" width=\"940\" alt=\"Pocz\u0105tek grudnia przyniesie wysokie temperatury\" loading=\"lazy\" class=\"ods-c-image__img ods-c-image__img--viewport-width\"\/><\/p>\n<p>Pocz\u0105tek grudnia przyniesie wysokie temperaturywxcharts.com<\/p>\n<p class=\"ods-c-paragraph \">Pod koniec naszej prognozy, kt\u00f3ra si\u0119ga 8 grudnia, spodziewajmy si\u0119 warto\u015bci dochodz\u0105cych do 5-10 st. C, a na zachodzie lokalnie nawet nieco wi\u0119cej. Nie gro\u017c\u0105 nam r\u00f3wnie\u017c nocne mrozy.<\/p>\n","protected":false},"excerpt":{"rendered":"W perspektywie kilku najbli\u017cszych dni nie wida\u0107 znacz\u0105cych zmian w pogodzie. Co wi\u0119cej, zima jeszcze bardziej si\u0119 umocni.&hellip;\n","protected":false},"author":2,"featured_media":115983,"comment_status":"","ping_status":"","sticky":false,"template":"","format":"standard","meta":{"footnotes":""},"categories":[5],"tags":[32,33,169,36,37,27,34,35,28,31,48,25,46,42,78,38,40,39,41,47,7312,29,30,26,7441],"class_list":{"0":"post-115982","1":"post","2":"type-post","3":"status-publish","4":"format-standard","5":"has-post-thumbnail","7":"category-naglowki","8":"tag-breaking-news","9":"tag-breakingnews","10":"tag-deszcz","11":"tag-featured-news","12":"tag-featurednews","13":"tag-headlines","14":"tag-latest-news","15":"tag-latestnews","16":"tag-naglowki","17":"tag-najwazniejsze-artykuly","18":"tag-nat_styl","19":"tag-news","20":"tag-omp","21":"tag-pl","22":"tag-pogoda","23":"tag-poland","24":"tag-polish","25":"tag-polska","26":"tag-polski","27":"tag-screening_general","28":"tag-snieg","29":"tag-top-stories","30":"tag-topstories","31":"tag-wiadomosci","32":"tag-zima"},"share_on_mastodon":{"url":"https:\/\/pubeurope.com\/@pl\/115604899056615876","error":""},"_links":{"self":[{"href":"https:\/\/www.europesays.com\/pl\/wp-json\/wp\/v2\/posts\/115982","targetHints":{"allow":["GET"]}}],"collection":[{"href":"https:\/\/www.europesays.com\/pl\/wp-json\/wp\/v2\/posts"}],"about":[{"href":"https:\/\/www.europesays.com\/pl\/wp-json\/wp\/v2\/types\/post"}],"author":[{"embeddable":true,"href":"https:\/\/www.europesays.com\/pl\/wp-json\/wp\/v2\/users\/2"}],"replies":[{"embeddable":true,"href":"https:\/\/www.europesays.com\/pl\/wp-json\/wp\/v2\/comments?post=115982"}],"version-history":[{"count":0,"href":"https:\/\/www.europesays.com\/pl\/wp-json\/wp\/v2\/posts\/115982\/revisions"}],"wp:featuredmedia":[{"embeddable":true,"href":"https:\/\/www.europesays.com\/pl\/wp-json\/wp\/v2\/media\/115983"}],"wp:attachment":[{"href":"https:\/\/www.europesays.com\/pl\/wp-json\/wp\/v2\/media?parent=115982"}],"wp:term":[{"taxonomy":"category","embeddable":true,"href":"https:\/\/www.europesays.com\/pl\/wp-json\/wp\/v2\/categories?post=115982"},{"taxonomy":"post_tag","embeddable":true,"href":"https:\/\/www.europesays.com\/pl\/wp-json\/wp\/v2\/tags?post=115982"}],"curies":[{"name":"wp","href":"https:\/\/api.w.org\/{rel}","templated":true}]}}