{"id":116078,"date":"2025-11-24T14:29:08","date_gmt":"2025-11-24T14:29:08","guid":{"rendered":"https:\/\/www.europesays.com\/pl\/116078\/"},"modified":"2025-11-24T14:29:08","modified_gmt":"2025-11-24T14:29:08","slug":"nawrocka-zadaje-szyku-w-pradze-poznala-czeska-odpowiedniczke-kobieta-onet","status":"publish","type":"post","link":"https:\/\/www.europesays.com\/pl\/116078\/","title":{"rendered":"Nawrocka zadaje szyku w Pradze. Pozna\u0142a czesk\u0105 odpowiedniczk\u0119 &#8211; Kobieta Onet"},"content":{"rendered":"<ol>\n<li><a href=\"https:\/\/news.google.com\/rss\/articles\/CBMisAFBVV95cUxPemFyRmFUZ255TmhpcHNkZkk5SjZlZy1kSmM3RlFzOTdUVF9hMzJnRlhRN1BseVdnVTVwbVA2SHEwSWdON0RNTFk4VmRYa1FTcEZFOHZrVVV5V1JONGZMM0k4QjBDck1LczREUG1kWGM2Um5NVHdscTU2VlJCenVwd1dIYzRDTFhOYlAwdDZrc0FmUm9WNjd3UkJjaDNwNTFBNFJNeF9aM3VHQWZ0djNGbA?oc=5\" target=\"_blank\" rel=\"nofollow noopener\">Nawrocka zadaje szyku w Pradze. Pozna\u0142a czesk\u0105 odpowiedniczk\u0119<\/a>&nbsp;&nbsp;Kobieta Onet<\/li>\n<li><a href=\"https:\/\/news.google.com\/rss\/articles\/CBMimAFBVV95cUxOREVPRTJ6OGNvaFVuUnZiZjRaOU9oSElaNGZfRmJZVlhMcFY5RnNJZ1dqaDJtV0FhMnZFRjJBQl9NUkhreUNFQmdIMmdSOWw4bUpHaWo1dEVHLTBwVUVvWXQ5LV9qUXIwb19zM3c1VnVVb29ySEFHSnNsZi1Jem9FQnlsaFhGRFRGMkhBSGZvdm5hZnlYeDJKOQ?oc=5\" target=\"_blank\" rel=\"nofollow noopener\">Wywiad z ambasadorem Ukrainy Wasylem Bodnarem | 24.11<\/a>&nbsp;&nbsp;Onet Wiadomo\u015bci<\/li>\n<li><a href=\"https:\/\/news.google.com\/rss\/articles\/CBMipAFBVV95cUxNcVBENFk4V1R0RkRmeUVSTjF6NEo3UWhzaHlKRVFyMVdiYlNSeXZvSFVhdnN4Vkw2cm9WZmJidS11c0k1SGhlYndUN2I4TXhVV0pEaVNyMkpibExCREhWYmxDaElrZDNrbm9oNk50MGxfLVQ1cWtudFZWRE1GNHVONUxyY3h5WHdhR094bndNWmJzQlIyUk1KTnZWMVZTaXZKN0VVQw?oc=5\" target=\"_blank\" rel=\"nofollow noopener\">Pogrzeb Pono zgromadzi\u0142 ikony hip-hopu. Milczenie raper\u00f3w m\u00f3wi\u0142o wszystko<\/a>&nbsp;&nbsp;Fakt<\/li>\n<li><a href=\"https:\/\/news.google.com\/rss\/articles\/CBMijAFBVV95cUxON3ZNUEhvdnZ2VFhMbFRUdW5lRlpJSDdkT1gtTm5BMDFYVlA5eVUyTTJEQUNCQm9vU0lkWWlGLUM5S1k1NnVhZjVKRVljOFFJWkswbXFOQ2NubU1iTnM3SF9maERmblZzY05xenRhU213TFZiZWdMUlJpQkEtUGxaaThBUTdHSnRzZkU5MA?oc=5\" target=\"_blank\" rel=\"nofollow noopener\">Pogrzeb rapera Pono. T\u0142umy po\u017cegna\u0142y artyst\u0119 [FOTO]<\/a>&nbsp;&nbsp;Wiadomo\u015bci z kraju i ze \u015bwiata &#8211; Dziennik.pl<\/li>\n<li><a href=\"https:\/\/news.google.com\/rss\/articles\/CBMiqgFBVV95cUxOLVdPcE1qQ0JmRnltd25KSlVsQklqS3NOVDZ2VlpmU01WclJpU1RKQkw5REpmVnd2emRmb2ZpMW5TbWtRblYzb0lhV0xIUmJrNThobFZONi05WFpCQ3l1QU1wRzdLT2I0MkhRT2wxMXFwc1F0bHpvMjZtNFRRLUYyaU5WSTZQdHY2Rm94bzN2cWhZX3l3MWN3Tk8tNnZMbkd5dWl5RTVhM3hGQQ?oc=5\" target=\"_blank\" rel=\"nofollow noopener\">Odr\u0119czny li\u015bcik przy grobie Pono. Kto\u015b zostawi\u0142 mu poduszk\u0119<\/a>&nbsp;&nbsp;o2.pl<\/li>\n<\/ol>\n","protected":false},"excerpt":{"rendered":"Nawrocka zadaje szyku w Pradze. Pozna\u0142a czesk\u0105 odpowiedniczk\u0119&nbsp;&nbsp;Kobieta Onet Wywiad z ambasadorem Ukrainy Wasylem Bodnarem | 24.11&nbsp;&nbsp;Onet Wiadomo\u015bci&hellip;\n","protected":false},"author":2,"featured_media":116079,"comment_status":"","ping_status":"","sticky":false,"template":"","format":"standard","meta":{"footnotes":""},"categories":[22],"tags":[122,43,1661,1142,48,46,3100,42,38,40,39,41,123,47,26],"class_list":{"0":"post-116078","1":"post","2":"type-post","3":"status-publish","4":"format-standard","5":"has-post-thumbnail","7":"category-rozrywka","8":"tag-entertainment","9":"tag-karol_nawrocki","10":"tag-marta_nawrocka","11":"tag-moda","12":"tag-nat_styl","13":"tag-omp","14":"tag-petr_pavel","15":"tag-pl","16":"tag-poland","17":"tag-polish","18":"tag-polska","19":"tag-polski","20":"tag-rozrywka","21":"tag-screening_general","22":"tag-wiadomosci"},"share_on_mastodon":{"url":"https:\/\/pubeurope.com\/@pl\/115605154220195817","error":""},"_links":{"self":[{"href":"https:\/\/www.europesays.com\/pl\/wp-json\/wp\/v2\/posts\/116078","targetHints":{"allow":["GET"]}}],"collection":[{"href":"https:\/\/www.europesays.com\/pl\/wp-json\/wp\/v2\/posts"}],"about":[{"href":"https:\/\/www.europesays.com\/pl\/wp-json\/wp\/v2\/types\/post"}],"author":[{"embeddable":true,"href":"https:\/\/www.europesays.com\/pl\/wp-json\/wp\/v2\/users\/2"}],"replies":[{"embeddable":true,"href":"https:\/\/www.europesays.com\/pl\/wp-json\/wp\/v2\/comments?post=116078"}],"version-history":[{"count":0,"href":"https:\/\/www.europesays.com\/pl\/wp-json\/wp\/v2\/posts\/116078\/revisions"}],"wp:featuredmedia":[{"embeddable":true,"href":"https:\/\/www.europesays.com\/pl\/wp-json\/wp\/v2\/media\/116079"}],"wp:attachment":[{"href":"https:\/\/www.europesays.com\/pl\/wp-json\/wp\/v2\/media?parent=116078"}],"wp:term":[{"taxonomy":"category","embeddable":true,"href":"https:\/\/www.europesays.com\/pl\/wp-json\/wp\/v2\/categories?post=116078"},{"taxonomy":"post_tag","embeddable":true,"href":"https:\/\/www.europesays.com\/pl\/wp-json\/wp\/v2\/tags?post=116078"}],"curies":[{"name":"wp","href":"https:\/\/api.w.org\/{rel}","templated":true}]}}