{"id":116082,"date":"2025-11-24T14:33:10","date_gmt":"2025-11-24T14:33:10","guid":{"rendered":"https:\/\/www.europesays.com\/pl\/116082\/"},"modified":"2025-11-24T14:33:10","modified_gmt":"2025-11-24T14:33:10","slug":"pozar-centrum-handlowego-marywilska-44-na-litwie-skazano-podejrzanego-w-sprawie-ukrainca","status":"publish","type":"post","link":"https:\/\/www.europesays.com\/pl\/116082\/","title":{"rendered":"Po\u017car centrum handlowego Marywilska 44. Na Litwie skazano podejrzanego w sprawie Ukrai\u0144ca"},"content":{"rendered":"<p>Danii\u0142 B. podejrzany w Polsce w sprawie podpalenia centrum handlowego Marywilska 44 w Warszawie, skazany na Litwie. Ukrainiec us\u0142ysza\u0142 wyrok 3 lat i czterech miesi\u0119cy wi\u0119zienia za podpalenie sklepu IKEA w Wilnie.<\/p>\n<p>                         &#13;<br \/>\n        &#13;<\/p>\n<p>                                        &#13;<br \/>\n                        &#13;<br \/>\n                            <img decoding=\"async\" src=\"https:\/\/www.europesays.com\/pl\/wp-content\/uploads\/2025\/11\/000LYX9C8Y9C0YTA-C123-F4.jpg\" title=\"Ukrainiec podejrzany ws. po\u017caru na Marywilskiej 44 w\u0142a\u015bnie zosta\u0142 skazany na Litwie\" alt=\"Ukrainiec jest w Polsce podejrzanym w sprawie po\u017caru centrum handlowego Marywilska 44 w Warszawie \/Pawe\u0142 Wodzy\u0144ski \/East News\" class=\"img-responsive\"\/>&#13;<\/p>\n<p>                            &#13;<\/p>\n<p>      &#13;<br \/>\n                            Ukrainiec jest w Polsce podejrzanym w sprawie po\u017caru centrum handlowego Marywilska 44 w Warszawie&#13;<br \/>\n                                    \/Pawe\u0142 Wodzy\u0144ski \/East News  &#13;\n                                    <\/p>\n<p>&#13;<\/p>\n<ul class=\"bullet\">\n<li>Ukrainiec Danii\u0142 B., podejrzany w Polsce o udzia\u0142 w podpaleniu centrum handlowego Marywilska 44 w Warszawie, zosta\u0142 skazany na Litwie na 3 lata i 4 miesi\u0105ce wi\u0119zienia za podpalenie sklepu IKEA w Wilnie.<\/li>\n<li>Litewski s\u0105d uwzgl\u0119dni\u0142 m\u0142ody wiek sprawcy.<\/li>\n<li>Skazanie na Litwie nie wp\u0142ywa na polskie \u015bledztwo dotycz\u0105ce podpalenia w Warszawie.<\/li>\n<li>W Polsce Danii\u0142 B. odpowiada za nagranie po\u017caru i przekazanie filmu rosyjskiemu zleceniodawcy, a nie za bezpo\u015brednie podpalenie.<\/li>\n<li>Po\u017car centrum Marywilska 44 wybuch\u0142 12 maja 2024 roku, ca\u0142kowicie sp\u0142on\u0119\u0142o 1400 sklep\u00f3w i punkt\u00f3w us\u0142ugowych.<\/li>\n<li>Chcesz by\u0107 na bie\u017c\u0105co? Odwied\u017a stron\u0119 g\u0142\u00f3wn\u0105 RMF24.pl.\u00a0<\/li>\n<\/ul>\n<p>Kara nie jest wysoka &#8211; w Polsce grozi mu minimum 10 lat a\u017c do do\u017cywocia.\u00a0Wile\u0144ski S\u0105d Okr\u0119gowy wzi\u0105\u0142 pod uwag\u0119 fakt, \u017ce w chwili pope\u0142nienia czynu podejrzany mia\u0142 17 lat &#8211; zwraca uwag\u0119 reporter RMF FM Krzysztof Zasada.<\/p>\n<p>Zgodnie z litewskim kodeksem m\u00f3g\u0142 by\u0107 skazany maksymalnie na 10 lat wi\u0119zienia. Dodatkowo proces toczy\u0142 si\u0119 w trybie uproszczonym, bo Ukrainiec przyzna\u0142 si\u0119 do winy. Prokurator za\u017c\u0105da\u0142 dla niego 4 lat pozbawienia wolno\u015bci.<\/p>\n<p>Skazanie Danii\u0142a B. na Litwie nie ma zwi\u0105zku z tocz\u0105cym si\u0119 u nas post\u0119powaniem w sprawie podpalenia centrum handlowego na warszawskiej Pradze. \u015aledztwo trwa i nie ma \u017cadnych przeszk\u00f3d skazania podejrzanego w Polsce za udzia\u0142 w tym akcie\u00a0 dywersji.\u00a0<\/p>\n<p>Danii\u0142 B. nie ma zarzutu bezpo\u015bredniego podpalenia obiektu, natomiast na tym etapie odpowiada\u0107 ma za nagranie po\u017caru i przes\u0142anie filmu do Rosji jednemu ze zleceniodawc\u00f3w.<\/p>\n<p>Druga z os\u00f3b, kt\u00f3rej postawiono zarzuty w tej sprawie\u00a0\u00a0to zleceniodawca nagra\u0144 O\u0142eksandr W.\u00a0Wed\u0142ug \u015bledczych zorganizowana grupa przest\u0119pcza, kt\u00f3ra odpowiada za podpalenie centrum handlowego Marywilska 44 w Warszawie, liczy\u0142a co najmniej 8 os\u00f3b.<\/p>\n<p>Do\u00a0<a href=\"https:\/\/www.rmf24.pl\/regiony\/warszawa\/news-marywilska-44-splonela-policja-ustala-okolicznosci-wybuchu-p,nId,7506088\" target=\"_blank\" rel=\"noreferrer noopener nofollow\">po\u017caru Centrum Handlowego Marywilska 44 w Warszawie<\/a>\u00a0dosz\u0142o 12 maja 2024 roku. Ca\u0142kowicie sp\u0142on\u0119\u0142o 1400 sklep\u00f3w i punkt\u00f3w us\u0142ugowych.\u00a0<\/p>\n<p>&#8222;Obecnie, na podstawie zgromadzonych dowod\u00f3w wiemy, \u017ce po\u017car by\u0142 efektem podpalenia dokonanego na zlecenie rosyjskich s\u0142u\u017cb specjalnych&#8221; &#8211;\u00a0przyznali w maju Donald Tusk wraz z Tomaszem Siemoniakiem i Adamem Bodnarem.<\/p>\n<p>&#8222;Mamy pog\u0142\u0119bion\u0105 wiedz\u0119 na temat zlecenia i przebiegu podpalenia oraz sposobu jego dokumentowania przez sprawc\u00f3w.\u00a0Dzia\u0142ania ich by\u0142y organizowane i kierowane przez ustalon\u0105 osob\u0119 przebywaj\u0105c\u0105 w Federacji Rosyjskiej. Cz\u0119\u015b\u0107 sprawc\u00f3w przebywa ju\u017c w areszcie, pozostali s\u0105 zidentyfikowani i poszukiwani.\u00a0Prokuratura, Policja i Agencja Bezpiecze\u0144stwa Wewn\u0119trznego kontynuuj\u0105 czynno\u015bci \u015bledcze i operacyjne maj\u0105ce na celu ich uj\u0119cie&#8221; &#8211; napisali w o\u015bwiadczeniu premier oraz ministrowie.<\/p>\n<p>W reakcji na doniesienia o udziale Rosji szef polskiej dyplomacji Rados\u0142aw Sikorski zdecydowa\u0142 o zamkni\u0119ciu rosyjskiego konsulatu w Krakowie. Rzeczniczka MSZ Rosji Maria Zacharowa skomentowa\u0142a, \u017ce te dzia\u0142ania spotkaj\u0105 si\u0119 z &#8222;adekwatn\u0105&#8221; reakcj\u0105.<\/p>\n","protected":false},"excerpt":{"rendered":"Danii\u0142 B. podejrzany w Polsce w sprawie podpalenia centrum handlowego Marywilska 44 w Warszawie, skazany na Litwie. Ukrainiec&hellip;\n","protected":false},"author":2,"featured_media":116083,"comment_status":"","ping_status":"","sticky":false,"template":"","format":"standard","meta":{"footnotes":""},"categories":[12],"tags":[32,33,36,37,27,34,35,28,31,25,42,38,40,39,41,29,30,26],"class_list":{"0":"post-116082","1":"post","2":"type-post","3":"status-publish","4":"format-standard","5":"has-post-thumbnail","7":"category-polska","8":"tag-breaking-news","9":"tag-breakingnews","10":"tag-featured-news","11":"tag-featurednews","12":"tag-headlines","13":"tag-latest-news","14":"tag-latestnews","15":"tag-naglowki","16":"tag-najwazniejsze-artykuly","17":"tag-news","18":"tag-pl","19":"tag-poland","20":"tag-polish","21":"tag-polska","22":"tag-polski","23":"tag-top-stories","24":"tag-topstories","25":"tag-wiadomosci"},"share_on_mastodon":{"url":"https:\/\/pubeurope.com\/@pl\/115605170325080539","error":""},"_links":{"self":[{"href":"https:\/\/www.europesays.com\/pl\/wp-json\/wp\/v2\/posts\/116082","targetHints":{"allow":["GET"]}}],"collection":[{"href":"https:\/\/www.europesays.com\/pl\/wp-json\/wp\/v2\/posts"}],"about":[{"href":"https:\/\/www.europesays.com\/pl\/wp-json\/wp\/v2\/types\/post"}],"author":[{"embeddable":true,"href":"https:\/\/www.europesays.com\/pl\/wp-json\/wp\/v2\/users\/2"}],"replies":[{"embeddable":true,"href":"https:\/\/www.europesays.com\/pl\/wp-json\/wp\/v2\/comments?post=116082"}],"version-history":[{"count":0,"href":"https:\/\/www.europesays.com\/pl\/wp-json\/wp\/v2\/posts\/116082\/revisions"}],"wp:featuredmedia":[{"embeddable":true,"href":"https:\/\/www.europesays.com\/pl\/wp-json\/wp\/v2\/media\/116083"}],"wp:attachment":[{"href":"https:\/\/www.europesays.com\/pl\/wp-json\/wp\/v2\/media?parent=116082"}],"wp:term":[{"taxonomy":"category","embeddable":true,"href":"https:\/\/www.europesays.com\/pl\/wp-json\/wp\/v2\/categories?post=116082"},{"taxonomy":"post_tag","embeddable":true,"href":"https:\/\/www.europesays.com\/pl\/wp-json\/wp\/v2\/tags?post=116082"}],"curies":[{"name":"wp","href":"https:\/\/api.w.org\/{rel}","templated":true}]}}