{"id":116119,"date":"2025-11-24T14:56:08","date_gmt":"2025-11-24T14:56:08","guid":{"rendered":"https:\/\/www.europesays.com\/pl\/116119\/"},"modified":"2025-11-24T14:56:08","modified_gmt":"2025-11-24T14:56:08","slug":"goraco-w-realu-xabi-alonso-ma-spory-problem-zerwana-wiez","status":"publish","type":"post","link":"https:\/\/www.europesays.com\/pl\/116119\/","title":{"rendered":"Gor\u0105co w Realu. Xabi Alonso ma spory problem. &#8222;Zerwana wi\u0119\u017a&#8221;"},"content":{"rendered":"<p>Real Madryt mocno zawi\u00f3d\u0142 w dw\u00f3ch ostatnich spotkaniach La Liga. Jak donosi AS, w\u0142adze klubu s\u0105 zaniepokojone tym, co dzieje si\u0119 obecnie w dru\u017cynie.<\/p>\n<p>Jeszcze miesi\u0105c temu trudno by\u0142o m\u00f3wi\u0107 o jakimkolwiek kryzysie &#8222;Kr\u00f3lewskich&#8221;. Dru\u017cyna Xabiego Alonso zrewan\u017cowa\u0142a si\u0119 FC Barcelonie za pora\u017cki z zesz\u0142ego sezonu i w naprawd\u0119 dobrym stylu pokona\u0142a odwiecznego rywala w ligowym El Ciasocp.<\/p>\n<p>Dalsza cz\u0119\u015b\u0107 tekstu pod wideo<\/p>\n<p>Ostatnio przysz\u0142y jednak rozczarowuj\u0105ce remisy z Rayo Vallecano oraz Elche. Szczeg\u00f3lnie po tym drugim spotkaniu w klubowych biurach zrobi\u0142o si\u0119 gor\u0105co.<\/p>\n<p>Jak donosi AS, szefowie klubu obawiaj\u0105 si\u0119, \u017ce wi\u0119\u017a mi\u0119dzy sztabem szkoleniowym oraz zawodnikami zosta\u0142a zerwana. Zdecydowanie zaprzecza temu sam Xabi Alonso.<\/p>\n<p>&#8211; Moja wi\u0119\u017a z szatni\u0105 jest silniejsza z ka\u017cdym dniem. Nie jeste\u015bmy zadowoleni, ale musimy i\u015b\u0107 naprz\u00f3d, zosta\u0142o nam jeszcze wiele mecz\u00f3w w tym sezonie &#8211; deklarowa\u0142.<\/p>\n<p>Szefostwu Realu nie podoba\u0142 si\u0119 zw\u0142aszcza drugi ze straconych goli. Alvaro Rodriguez by\u0142 otoczony a\u017c przez pi\u0119ciu zawodnik\u00f3w &#8222;Kr\u00f3lewskich&#8221;, a mimo to zostawiono mu sporo miejsca.<\/p>\n<p>W\u0142adze &#8222;Kr\u00f3lewskich&#8221; uwa\u017caj\u0105, \u017ce cz\u0119\u015b\u0107 pi\u0142karzy zbyt \u0142atwo poddaje si\u0119 przy jakimkolwiek niepowodzeniu. Na razie nie ma mowy o kolejnych zmianach w klubie, ale atmosfera po trzech s\u0142abszych meczach staje si\u0119 coraz bardziej napi\u0119ta.<\/p>\n","protected":false},"excerpt":{"rendered":"Real Madryt mocno zawi\u00f3d\u0142 w dw\u00f3ch ostatnich spotkaniach La Liga. Jak donosi AS, w\u0142adze klubu s\u0105 zaniepokojone tym,&hellip;\n","protected":false},"author":2,"featured_media":116120,"comment_status":"","ping_status":"","sticky":false,"template":"","format":"standard","meta":{"footnotes":""},"categories":[24],"tags":[42,38,40,39,41,127,126],"class_list":{"0":"post-116119","1":"post","2":"type-post","3":"status-publish","4":"format-standard","5":"has-post-thumbnail","7":"category-sport","8":"tag-pl","9":"tag-poland","10":"tag-polish","11":"tag-polska","12":"tag-polski","13":"tag-sport","14":"tag-sports"},"share_on_mastodon":{"url":"https:\/\/pubeurope.com\/@pl\/115605260802614859","error":""},"_links":{"self":[{"href":"https:\/\/www.europesays.com\/pl\/wp-json\/wp\/v2\/posts\/116119","targetHints":{"allow":["GET"]}}],"collection":[{"href":"https:\/\/www.europesays.com\/pl\/wp-json\/wp\/v2\/posts"}],"about":[{"href":"https:\/\/www.europesays.com\/pl\/wp-json\/wp\/v2\/types\/post"}],"author":[{"embeddable":true,"href":"https:\/\/www.europesays.com\/pl\/wp-json\/wp\/v2\/users\/2"}],"replies":[{"embeddable":true,"href":"https:\/\/www.europesays.com\/pl\/wp-json\/wp\/v2\/comments?post=116119"}],"version-history":[{"count":0,"href":"https:\/\/www.europesays.com\/pl\/wp-json\/wp\/v2\/posts\/116119\/revisions"}],"wp:featuredmedia":[{"embeddable":true,"href":"https:\/\/www.europesays.com\/pl\/wp-json\/wp\/v2\/media\/116120"}],"wp:attachment":[{"href":"https:\/\/www.europesays.com\/pl\/wp-json\/wp\/v2\/media?parent=116119"}],"wp:term":[{"taxonomy":"category","embeddable":true,"href":"https:\/\/www.europesays.com\/pl\/wp-json\/wp\/v2\/categories?post=116119"},{"taxonomy":"post_tag","embeddable":true,"href":"https:\/\/www.europesays.com\/pl\/wp-json\/wp\/v2\/tags?post=116119"}],"curies":[{"name":"wp","href":"https:\/\/api.w.org\/{rel}","templated":true}]}}